{"id":70009,"date":"2009-05-22T15:13:51","date_gmt":"2009-05-22T15:13:51","guid":{"rendered":"http:\/\/diariodominicano.ddns.net\/?p=70009"},"modified":"2009-05-22T15:13:51","modified_gmt":"2009-05-22T15:13:51","slug":"centro-espanol-agradece-reconocimiento-cabildo","status":"publish","type":"post","link":"https:\/\/diariodominicano.com\/?p=70009","title":{"rendered":"CENTRO ESPANOL AGRADECE RECONOCIMIENTO CABILDO"},"content":{"rendered":"<p><body><\/p>\n<p><img decoding=\"async\" src=\"img3\/miguel.jpg\" \/>  <\/p>\n<p><span class=\"text1noticias\">SANTIAGO.-La directiva del Centro Espa\u00f1ol, instituci\u00f3n que recientemente fue declarada como Patrimonio de Santiago, agradeci\u00f3 al sindico Jos\u00e9 Enrique Sued Sem y al Concejo Municipal esta iniciativa.<\/span><\/p>\n<\/p>\n<p><span class=\"text1noticias\">Don Miguel Dosal, hablando en nombre de los dem\u00e1s dirigentes y miembros, dijo que estamos muy agradecidos de todo coraz\u00f3n por este reconocimiento a una idea y a una trayectoria.<\/span><\/p>\n<\/p>\n<p><span class=\"text1noticias\">La ceremonia donde se entreg\u00f3 la resoluci\u00f3n que declara oficialmente como Patrimonio de Santiago al Centro Espa\u00f1ol, la encabezaron recientemente el sindico Sued Sem y el presidente del Concejo Municipal, Rafael ?Papito- Cruz.<\/span><\/p>\n<\/p>\n<p><span class=\"text1noticias\">?Esta iniciativa nos motiva y nos compromete aun m\u00e1s a seguir trabajando para que nuestra instituci\u00f3n contin\u00fae siendo un modelo y un orgullo para nuestra Ciudad Coraz\u00f3n?, expuso Dosal.<\/span><\/p>\n<\/p>\n<p><span class=\"text1noticias\">El proyecto de resoluci\u00f3n en este sentido lo introdujo  Cruz recibiendo el apoyo un\u00e1nime de todos los concejales presentes en la sesi\u00f3n de ese d\u00eda. Se tom\u00f3 en cuenta los 44 anos de servicio que tiene el Centro Espa\u00f1ol.<\/span><\/p>\n<\/p>\n<p><span class=\"text1noticias\">Dosal destac\u00f3 que, desde su fundaci\u00f3n en 1965, la entidad ha venido desarrollando la maravillosa tarea de ser casa com\u00fan de los espa\u00f1oles en estas tierras y punto de encuentro entre nuestra comunidad y el pueblo dominicano.<\/span><\/p>\n<\/p>\n<p><span class=\"text1noticias\">Los lazos de hermandad que se han establecido, sostuvo m\u00e1s adelante, han conseguido que Santiago de los Caballeros acoja a este Centro como algo suyo y que la comunidad espa\u00f1ola sea uno de los motores del progreso de esta villa hist\u00f3rica.<\/span><\/p>\n<\/p>\n<p><span class=\"text1noticias\">Dosal, en sus emotivas palabras, agreg\u00f3 que gracias al trabajo, esfuerzo y dedicaci\u00f3n de sus fundadores y de todos los socios que les siguieron, el Centro Espa\u00f1ol se ha convertido en parte de la historia de Santiago y en un referente de la comunidad espa\u00f1ola en Rep\u00fablica Dominicana.<\/span><\/p>\n<\/p>\n<p><span class=\"text1noticias\">?Es por todo esto que agradecemos profundamente esta distinci\u00f3n por parte de la administraci\u00f3n municipal, es decir del honorable sindico y del Concejo Edilicio, ya que este titulo no ha sido mendigado sino que nos lo hemos ganado en base a nuestro propio esfuerzo, trabajo y sacrificio?, concluy\u00f3 Dosal.<\/span><\/p>\n<h6> 2009-05-22 15:13:51 <\/h6>\n<p><!--\n<link rel=\"stylesheet\" href=\"css\/bootstrap.min.css\">\n\n\n<ul class=\"pagination\">\n\t    \n\t\n\n<li >\n\t<a href='?page_no=21686'>Previous<\/a>\n\t<\/li>\n\n\n       \n    \n\n<li><a href='?page_no=1'>1<\/a><\/li>\n\n\n\n<li><a href='?page_no=2'>2<\/a><\/li>\n\n\n\n<li><a>...<\/a><\/li>\n\n\n\n<li><a href='?page_no=21685'>21685<\/a><\/li>\n\n\n\n<li><a href='?page_no=21686'>21686<\/a><\/li>\n\n\n\n<li class='active'><a>21687<\/a><\/li>\n\n\n\n<li><a href='?page_no=21688'>21688<\/a><\/li>\n\n\n\n<li><a href='?page_no=21689'>21689<\/a><\/li>\n\n\n\n<li><a>...<\/a><\/li>\n\n\n\n<li><a href='?page_no=22911'>22911<\/a><\/li>\n\n\n\n<li><a href='?page_no=22912'>22912<\/a><\/li>\n\n    \n\t\n\n<li >\n\t<a href='?page_no=21688'>Next<\/a>\n\t<\/li>\n\n\n    \n\n<li><a href='?page_no=22912'>Last &rsaquo;&rsaquo;<\/a><\/li>\n\n<\/ul>\n\n\n--><br \/>\n<\/body><\/p>\n","protected":false},"excerpt":{"rendered":"<p>SANTIAGO.-La directiva del Centro Espa\u00f1ol, instituci\u00f3n que recientemente fue declarada como Patrimonio de Santiago, agradeci\u00f3 al sindico Jos\u00e9 Enrique Sued Sem y al Concejo Municipal esta iniciativa. Don Miguel Dosal, hablando en nombre de los dem\u00e1s dirigentes y miembros, dijo que estamos muy agradecidos de todo coraz\u00f3n por este reconocimiento a una idea y a [&hellip;]<\/p>\n","protected":false},"author":3,"featured_media":0,"comment_status":"open","ping_status":"open","sticky":false,"template":"","format":"standard","meta":{"footnotes":""},"categories":[21],"tags":[],"class_list":["post-70009","post","type-post","status-publish","format-standard","hentry","category-cultura"],"_links":{"self":[{"href":"https:\/\/diariodominicano.com\/index.php?rest_route=\/wp\/v2\/posts\/70009","targetHints":{"allow":["GET"]}}],"collection":[{"href":"https:\/\/diariodominicano.com\/index.php?rest_route=\/wp\/v2\/posts"}],"about":[{"href":"https:\/\/diariodominicano.com\/index.php?rest_route=\/wp\/v2\/types\/post"}],"author":[{"embeddable":true,"href":"https:\/\/diariodominicano.com\/index.php?rest_route=\/wp\/v2\/users\/3"}],"replies":[{"embeddable":true,"href":"https:\/\/diariodominicano.com\/index.php?rest_route=%2Fwp%2Fv2%2Fcomments&post=70009"}],"version-history":[{"count":0,"href":"https:\/\/diariodominicano.com\/index.php?rest_route=\/wp\/v2\/posts\/70009\/revisions"}],"wp:attachment":[{"href":"https:\/\/diariodominicano.com\/index.php?rest_route=%2Fwp%2Fv2%2Fmedia&parent=70009"}],"wp:term":[{"taxonomy":"category","embeddable":true,"href":"https:\/\/diariodominicano.com\/index.php?rest_route=%2Fwp%2Fv2%2Fcategories&post=70009"},{"taxonomy":"post_tag","embeddable":true,"href":"https:\/\/diariodominicano.com\/index.php?rest_route=%2Fwp%2Fv2%2Ftags&post=70009"}],"curies":[{"name":"wp","href":"https:\/\/api.w.org\/{rel}","templated":true}]}}