{"id":70008,"date":"2009-05-22T15:17:21","date_gmt":"2009-05-22T15:17:21","guid":{"rendered":"http:\/\/diariodominicano.ddns.net\/?p=70008"},"modified":"2009-05-22T15:17:21","modified_gmt":"2009-05-22T15:17:21","slug":"dgdc-patrocina-exposicion-de-pintura-en-la-escuela-francisco-xavier-billini","status":"publish","type":"post","link":"https:\/\/diariodominicano.com\/?p=70008","title":{"rendered":"-DGDC- PATROCINA EXPOSICION DE PINTURA EN LA ESCUELA FRANCISCO XAVIER BILLINI"},"content":{"rendered":"<p><body><\/p>\n<p><img decoding=\"async\" src=\"img3\/pinto.jpg\" \/>  <\/p>\n<p><span class=\"text1noticias\">Con los auspicios de La Direcci\u00f3n General de Desarrollo de la Comunidad (DGDC) La Escuela B\u00e1sica Francisco Xavier Billini celebr\u00f3 la segunda exposici\u00f3n de Pinturas y Creatividad, con la participaci\u00f3n de los alumnos mas destacados  en esa expresi\u00f3n art\u00edstica. <\/span><\/p>\n<\/p>\n<p><span class=\"text1noticias\">En La Muestra se exponen trabajos en \u00f3leo y pintura sobre tela, los cuales destacan diferentes manifestaciones, as\u00ed como dibujos y grabados matizando las cualidades y destrezas de los estudiantes del centro educativo en las bellas artes.   <\/span><\/p>\n<\/p>\n<p><span class=\"text1noticias\">Durante el acto, el director general de la ?DGDC-, Luis Acosta Moreta, expres\u00f3 su alegr\u00eda por participar en esta segunda  exposici\u00f3n de Pintura y Creatividad, ya que es costumbre que la instituci\u00f3n  este presente en actividades culturales que beneficien el desarrollo de los j\u00f3venes  del pa\u00eds. <\/span><\/p>\n<\/p>\n<p><span class=\"text1noticias\">?Espero seguir ayudando a fomentar el talento y que de esta exposici\u00f3n que debe repetirse cada a\u00f1o, salgan  verdaderos pintores, para fomentar el aval cultural y tener realmente expositores, y que sus estampas fortalezcan nuestra identidad como dominicano y lo desarrolle a ustedes como personas? dijo el funcionario. <\/span><\/p>\n<\/p>\n<p><span class=\"text1noticias\">Indico que es importante que no paren aqu\u00ed estas exposiciones, y que se desarrollen en las diferentes escuelas  donde existen verdaderos pintores que van ha resaltar el arte nacional. <\/span><\/p>\n<\/p>\n<p><span class=\"text1noticias\">En la actividad estuvo presente el sub-secretario de Estado de  Educaci\u00f3n, Luis de Le\u00f3n, quien represent\u00f3 al secretario de Educaci\u00f3n, Melanio Paredes, adem\u00e1s de los profesores y familiares de los alumnos expositores.<\/span><\/p>\n<h6> 2009-05-22 15:17:21 <\/h6>\n<p><!--\n<link rel=\"stylesheet\" href=\"css\/bootstrap.min.css\">\n\n\n<ul class=\"pagination\">\n\t    \n\t\n\n<li >\n\t<a href='?page_no=21685'>Previous<\/a>\n\t<\/li>\n\n\n       \n    \n\n<li><a href='?page_no=1'>1<\/a><\/li>\n\n\n\n<li><a href='?page_no=2'>2<\/a><\/li>\n\n\n\n<li><a>...<\/a><\/li>\n\n\n\n<li><a href='?page_no=21684'>21684<\/a><\/li>\n\n\n\n<li><a href='?page_no=21685'>21685<\/a><\/li>\n\n\n\n<li class='active'><a>21686<\/a><\/li>\n\n\n\n<li><a href='?page_no=21687'>21687<\/a><\/li>\n\n\n\n<li><a href='?page_no=21688'>21688<\/a><\/li>\n\n\n\n<li><a>...<\/a><\/li>\n\n\n\n<li><a href='?page_no=22911'>22911<\/a><\/li>\n\n\n\n<li><a href='?page_no=22912'>22912<\/a><\/li>\n\n    \n\t\n\n<li >\n\t<a href='?page_no=21687'>Next<\/a>\n\t<\/li>\n\n\n    \n\n<li><a href='?page_no=22912'>Last &rsaquo;&rsaquo;<\/a><\/li>\n\n<\/ul>\n\n\n--><br \/>\n<\/body><\/p>\n","protected":false},"excerpt":{"rendered":"<p>Con los auspicios de La Direcci\u00f3n General de Desarrollo de la Comunidad (DGDC) La Escuela B\u00e1sica Francisco Xavier Billini celebr\u00f3 la segunda exposici\u00f3n de Pinturas y Creatividad, con la participaci\u00f3n de los alumnos mas destacados en esa expresi\u00f3n art\u00edstica. En La Muestra se exponen trabajos en \u00f3leo y pintura sobre tela, los cuales destacan diferentes [&hellip;]<\/p>\n","protected":false},"author":3,"featured_media":0,"comment_status":"open","ping_status":"open","sticky":false,"template":"","format":"standard","meta":{"footnotes":""},"categories":[21],"tags":[],"class_list":["post-70008","post","type-post","status-publish","format-standard","hentry","category-cultura"],"_links":{"self":[{"href":"https:\/\/diariodominicano.com\/index.php?rest_route=\/wp\/v2\/posts\/70008","targetHints":{"allow":["GET"]}}],"collection":[{"href":"https:\/\/diariodominicano.com\/index.php?rest_route=\/wp\/v2\/posts"}],"about":[{"href":"https:\/\/diariodominicano.com\/index.php?rest_route=\/wp\/v2\/types\/post"}],"author":[{"embeddable":true,"href":"https:\/\/diariodominicano.com\/index.php?rest_route=\/wp\/v2\/users\/3"}],"replies":[{"embeddable":true,"href":"https:\/\/diariodominicano.com\/index.php?rest_route=%2Fwp%2Fv2%2Fcomments&post=70008"}],"version-history":[{"count":0,"href":"https:\/\/diariodominicano.com\/index.php?rest_route=\/wp\/v2\/posts\/70008\/revisions"}],"wp:attachment":[{"href":"https:\/\/diariodominicano.com\/index.php?rest_route=%2Fwp%2Fv2%2Fmedia&parent=70008"}],"wp:term":[{"taxonomy":"category","embeddable":true,"href":"https:\/\/diariodominicano.com\/index.php?rest_route=%2Fwp%2Fv2%2Fcategories&post=70008"},{"taxonomy":"post_tag","embeddable":true,"href":"https:\/\/diariodominicano.com\/index.php?rest_route=%2Fwp%2Fv2%2Ftags&post=70008"}],"curies":[{"name":"wp","href":"https:\/\/api.w.org\/{rel}","templated":true}]}}