{"id":70007,"date":"2009-05-22T20:28:38","date_gmt":"2009-05-22T20:28:38","guid":{"rendered":"http:\/\/diariodominicano.ddns.net\/?p=70007"},"modified":"2009-05-22T20:28:38","modified_gmt":"2009-05-22T20:28:38","slug":"presentaran-en-mexico-y-barcelona-documental-sobre-bosch","status":"publish","type":"post","link":"https:\/\/diariodominicano.com\/?p=70007","title":{"rendered":"Presentaran en M\u00e9xico y Barcelona documental sobre Bosch"},"content":{"rendered":"<p><body><\/p>\n<p><span class=\"text1noticias\">El largometraje documental ?Bosch: Presidente en la frontera imperial? ser\u00e1 presentado en la ciudad de M\u00e9xico el pr\u00f3ximo lunes 25 de mayo en una gala premier organizada por la Embajada Dominicana en esa ciudad.<\/span><\/p>\n<p><span class=\"text1noticias\"> <\/span><\/p>\n<p><span class=\"text1noticias\">La presentaci\u00f3n pautada originalmente para el pasado mes de abril, fue suspendida por el problema de la gripe A que afecto las actividades p\u00fablicas en M\u00e9xico.  La proyecci\u00f3n del documental de Ren\u00e8 Fortunato ser\u00e1 en la sala Cinamark ubicada en el Paseo de la Reforma #25, en el exclusivo sector capitalino conocido como Zona Rosa.<\/span><\/p>\n<p><span class=\"text1noticias\"> <\/span><\/p>\n<p><span class=\"text1noticias\">?Bosch: presidente en la frontera imperial?, que gano recientemente el Premio ?Remi de Plata? a la excelencia creativa en la  42 edici\u00f3n del Festival Internacional de Cine de Houston, Texas, ser\u00e1 presentado tambi\u00e9n en la ciudad de Barcelona, Espa\u00f1a, el domingo 31 de mayo en el Cine Verdi Park, ubicado en la calle Torrijos #  49 y se volver\u00e1 a proyectar en esa misma sala el mi\u00e9rcoles 3 de junio, ambas exhibiciones comenzaran a las siete treinta de la noche.<\/span><\/p>\n<p><span class=\"text1noticias\"> <\/span><\/p>\n<p><span class=\"text1noticias\">Con m\u00fasica original de Manuel Tejada, narrado por Felipe Gil y Ren\u00e9 Alfonso, el documental escrito y dirigido por Ren\u00e9 Fortunato, se presentara en Barcelona con los auspicios del Consulado Dominicano en esa ciudad, dentro de la Primera Muestra de Cine Dominicano en Catalu\u00f1a.<\/span><\/p>\n<p><span class=\"text1noticias\">El largometraje documental muestra los acontecimientos pol\u00edticos y sociales m\u00e1s importantes ocurridos durante el Gobierno Constitucional con respaldo popular,  que encabez\u00f3 Juan Bosch en la Rep\u00fablica Dominicana, en los primeros siete meses del a\u00f1o 1963.<\/span><\/p>\n<p><span class=\"text1noticias\"> <\/span><\/p>\n<p><span class=\"text1noticias\">El golpe de estado militar que derroc\u00f3 al gobierno de Bosch,  la pol\u00edtica exterior del Presidente Kennedy de los Estados Unidos y su relaci\u00f3n con los militares golpistas de Am\u00e9rica Latina, son temas que ocupan una buena parte de este documental, realizado \u00edntegramente con im\u00e1genes y sonidos de la \u00e9poca.<\/span><\/p>\n<h6> 2009-05-22 20:28:38 <\/h6>\n<p><!--\n<link rel=\"stylesheet\" href=\"css\/bootstrap.min.css\">\n\n\n<ul class=\"pagination\">\n\t    \n\t\n\n<li >\n\t<a href='?page_no=21684'>Previous<\/a>\n\t<\/li>\n\n\n       \n    \n\n<li><a href='?page_no=1'>1<\/a><\/li>\n\n\n\n<li><a href='?page_no=2'>2<\/a><\/li>\n\n\n\n<li><a>...<\/a><\/li>\n\n\n\n<li><a href='?page_no=21683'>21683<\/a><\/li>\n\n\n\n<li><a href='?page_no=21684'>21684<\/a><\/li>\n\n\n\n<li class='active'><a>21685<\/a><\/li>\n\n\n\n<li><a href='?page_no=21686'>21686<\/a><\/li>\n\n\n\n<li><a href='?page_no=21687'>21687<\/a><\/li>\n\n\n\n<li><a>...<\/a><\/li>\n\n\n\n<li><a href='?page_no=22911'>22911<\/a><\/li>\n\n\n\n<li><a href='?page_no=22912'>22912<\/a><\/li>\n\n    \n\t\n\n<li >\n\t<a href='?page_no=21686'>Next<\/a>\n\t<\/li>\n\n\n    \n\n<li><a href='?page_no=22912'>Last &rsaquo;&rsaquo;<\/a><\/li>\n\n<\/ul>\n\n\n--><br \/>\n<\/body><\/p>\n","protected":false},"excerpt":{"rendered":"<p>El largometraje documental ?Bosch: Presidente en la frontera imperial? ser\u00e1 presentado en la ciudad de M\u00e9xico el pr\u00f3ximo lunes 25 de mayo en una gala premier organizada por la Embajada Dominicana en esa ciudad. La presentaci\u00f3n pautada originalmente para el pasado mes de abril, fue suspendida por el problema de la gripe A que afecto [&hellip;]<\/p>\n","protected":false},"author":3,"featured_media":0,"comment_status":"open","ping_status":"open","sticky":false,"template":"","format":"standard","meta":{"footnotes":""},"categories":[21],"tags":[],"class_list":["post-70007","post","type-post","status-publish","format-standard","hentry","category-cultura"],"_links":{"self":[{"href":"https:\/\/diariodominicano.com\/index.php?rest_route=\/wp\/v2\/posts\/70007","targetHints":{"allow":["GET"]}}],"collection":[{"href":"https:\/\/diariodominicano.com\/index.php?rest_route=\/wp\/v2\/posts"}],"about":[{"href":"https:\/\/diariodominicano.com\/index.php?rest_route=\/wp\/v2\/types\/post"}],"author":[{"embeddable":true,"href":"https:\/\/diariodominicano.com\/index.php?rest_route=\/wp\/v2\/users\/3"}],"replies":[{"embeddable":true,"href":"https:\/\/diariodominicano.com\/index.php?rest_route=%2Fwp%2Fv2%2Fcomments&post=70007"}],"version-history":[{"count":0,"href":"https:\/\/diariodominicano.com\/index.php?rest_route=\/wp\/v2\/posts\/70007\/revisions"}],"wp:attachment":[{"href":"https:\/\/diariodominicano.com\/index.php?rest_route=%2Fwp%2Fv2%2Fmedia&parent=70007"}],"wp:term":[{"taxonomy":"category","embeddable":true,"href":"https:\/\/diariodominicano.com\/index.php?rest_route=%2Fwp%2Fv2%2Fcategories&post=70007"},{"taxonomy":"post_tag","embeddable":true,"href":"https:\/\/diariodominicano.com\/index.php?rest_route=%2Fwp%2Fv2%2Ftags&post=70007"}],"curies":[{"name":"wp","href":"https:\/\/api.w.org\/{rel}","templated":true}]}}