{"id":70006,"date":"2009-05-25T13:17:22","date_gmt":"2009-05-25T13:17:22","guid":{"rendered":"http:\/\/diariodominicano.ddns.net\/?p=70006"},"modified":"2009-05-25T13:17:22","modified_gmt":"2009-05-25T13:17:22","slug":"pelicula-de-coco-chanel-cierra-el-festival-de-cannes","status":"publish","type":"post","link":"https:\/\/diariodominicano.com\/?p=70006","title":{"rendered":"Pel\u00edcula de Coco Chanel cierra el festival de Cannes"},"content":{"rendered":"<p><body><\/p>\n<p><img decoding=\"async\" src=\"img3\/coco.jpg\" \/>  <\/p>\n<p><span class=\"text1noticias\">El filme cuenta la historia de la c\u00e9lebre modista y su romance con Igor Stravinsky.<\/span><\/p>\n<p><span class=\"text1noticias\">por Ansa &#8211; 24\/05\/2009 &#8211; 12:46 <\/span><\/p>\n<\/p>\n<p><span class=\"text1noticias\">El tercero y \u00faltimo de los filmes y  telefilmes dedicados a Coco Chanel fue elegido como cierre fuera  de concurso del 62\u00a7 Festival de Cannes 2009.<\/span><\/p>\n<\/p>\n<p><span class=\"text1noticias\">\u00abCoco Chanel &amp; Igor Stravinsky\u00bb de Jan Kounen es, de los  tres, el m\u00e1s concentrado y fiel del tr\u00edo comenzado con el telefilme \u00abCoco Chanel\u00bb con Barbara Bobulova y Shirley MacLaine, que cubr\u00edan ambas toda la vida de la c\u00e9lebre modista, y con la pel\u00edcula \u00abCoco avant Chanel\u00bb, con Audrey Tautou, que se limitaba a contar su juventud antes de comenzar una carrera profesional.<\/span><\/p>\n<\/p>\n<p><span class=\"text1noticias\">El filme de Kounen, en cambio, se circunscribe a la breve y secreta pasi\u00f3n que uni\u00f3 a dos genios del siglo XX, que descollaron una en el \u00e1mbito del alta costura, el otro en el de la m\u00fasica contempor\u00e1nea.<\/span><\/p>\n<p><span class=\"text1noticias\">La pel\u00edcula es tambi\u00e9n la \u00fanica de las tres que cont\u00f3 con la aprobaci\u00f3n de la Maison Chanel que prest\u00f3 el c\u00e9lebre departamento del n\u00famero 31 de la rue Cambon, que serv\u00eda de taller y dormitorio a la modista, y facilit\u00f3 los archivos para que se copiaran los modelos usados por la protagonista, Anna Mouglalis.<\/span><\/p>\n<\/p>\n<p><span class=\"text1noticias\">Karl Lagerfeld, modisto jefe de la casa, ha dise\u00f1ado adem\u00e1s un refinado cuanto simple vestido que Mouglalis luce en ocasi\u00f3n de la primera ejecuci\u00f3n p\u00fablica de \u00abLa consagraci\u00f3n de la primavera\u00bb con la que empieza la pel\u00edcula y la historia de la m\u00fasica contempor\u00e1nea.<\/span><\/p>\n<\/p>\n<p><span class=\"text1noticias\">Inspirado en una biograf\u00eda de Chris Greenhalgh, \u00abCoco &amp; Igor\u00bb, adaptada por el autor y el mismo Kounen, el filme es mucho m\u00e1s que la descripci\u00f3n de una pasi\u00f3n amorosa, repetible con otros nombres miles de veces: es el retrato de una \u00e9poca y de dos personajes que, cada uno a su manera, influyeron de manera indeleble en los mundos de la moda y de la m\u00fasica.<\/span><\/p>\n<\/p>\n<p><span class=\"text1noticias\">Es tambi\u00e9n un objeto de pura belleza, desde los t\u00edtulos iniciales que imitan las figuras de un caleidoscopio hasta la escena final, realzado por una refinada fotograf\u00eda de David Ungaro, una cuidada escenograf\u00eda de Marie-H\u00e9l\u00e9ne Sulmoni y un magn\u00edfico vestuario Chanel recreado por Chattoune &amp; Fab.<\/span><\/p>\n<p><span class=\"text1noticias\">El holand\u00e9s Jan Kounen, que ha hecho toda su carrera en Francia, distingui\u00e9ndose tanto en el cine de acci\u00f3n (Doberman) como en el documental (D&#8217;autres mondes) o la comedia (99 francs), explora por primera vez el g\u00e9nero biogr\u00e1fico con un resultado de gran calidad.<\/span><\/p>\n<\/p>\n<p><span class=\"text1noticias\">Obligado a emplear actores poco conocidos que pudiesen expresarse en ruso, ingl\u00e9s o franc\u00e9s, los idiomas que dominaban todos estos personajes del jet set avant-la-lettre (el dan\u00e9s Mads Mikkelsen como Stravinsky, Elena Morozova como su esposa, Grigori Manoukov como Diaguilev), Kounen sacrifica este aspecto del espect\u00e1culo para darle m\u00e1s verosimilitud a la trama.<\/span><\/p>\n<\/p>\n<p><span class=\"text1noticias\">El 29 de mayo de 1913 es el estreno mundial en Par\u00eds de \u00abLa consagraci\u00f3n de la primavera\u00bb que pondr\u00eda definitivamente a Stravinsky, Diaguilev y los Ballets Rusos en la historia de la m\u00fasica y del arte del siglo XX.<\/span><\/p>\n<\/p>\n<p><span class=\"text1noticias\">Con este tumulto debido a la total novedad de la m\u00fasica y de la coreograf\u00eda de Vaslav Nijinsky inicia en efecto la modernidad y se produce el fatal encuentro entre Coco e Igor que se concretar\u00e1 solo siete a\u00f1os m\u00e1s tarde cuando la modista instala al compositor en su casa de las afueras de Par\u00eds y a despecho de la presencia de toda la familia de este \u00faltimo (esposa y cinco hijos) se entregan a una pasi\u00f3n tan breve como in\u00e9dita.<\/span><\/p>\n<\/p>\n<p><span class=\"text1noticias\">En efecto, solo el escritor Paul Morand, confidente de Chanel, la revel\u00f3 al final de su vida y la confirm\u00f3 con medias palabras en su biograf\u00eda, el disc\u00edpulo y albacea de Stravinsky, Robert Craft, pero esto basta para que Greenhalgh y Kounen inventen una historia de amor que es ante todo un documento hist\u00f3rico que no pierde nada en espect\u00e1culo.<\/span><\/p>\n<h6> 2009-05-25 13:17:22 <\/h6>\n<p><!--\n<link rel=\"stylesheet\" href=\"css\/bootstrap.min.css\">\n\n\n<ul class=\"pagination\">\n\t    \n\t\n\n<li >\n\t<a href='?page_no=21683'>Previous<\/a>\n\t<\/li>\n\n\n       \n    \n\n<li><a href='?page_no=1'>1<\/a><\/li>\n\n\n\n<li><a href='?page_no=2'>2<\/a><\/li>\n\n\n\n<li><a>...<\/a><\/li>\n\n\n\n<li><a href='?page_no=21682'>21682<\/a><\/li>\n\n\n\n<li><a href='?page_no=21683'>21683<\/a><\/li>\n\n\n\n<li class='active'><a>21684<\/a><\/li>\n\n\n\n<li><a href='?page_no=21685'>21685<\/a><\/li>\n\n\n\n<li><a href='?page_no=21686'>21686<\/a><\/li>\n\n\n\n<li><a>...<\/a><\/li>\n\n\n\n<li><a href='?page_no=22911'>22911<\/a><\/li>\n\n\n\n<li><a href='?page_no=22912'>22912<\/a><\/li>\n\n    \n\t\n\n<li >\n\t<a href='?page_no=21685'>Next<\/a>\n\t<\/li>\n\n\n    \n\n<li><a href='?page_no=22912'>Last &rsaquo;&rsaquo;<\/a><\/li>\n\n<\/ul>\n\n\n--><br \/>\n<\/body><\/p>\n","protected":false},"excerpt":{"rendered":"<p>El filme cuenta la historia de la c\u00e9lebre modista y su romance con Igor Stravinsky. por Ansa &#8211; 24\/05\/2009 &#8211; 12:46 El tercero y \u00faltimo de los filmes y telefilmes dedicados a Coco Chanel fue elegido como cierre fuera de concurso del 62\u00a7 Festival de Cannes 2009. \u00abCoco Chanel &amp; Igor Stravinsky\u00bb de Jan Kounen [&hellip;]<\/p>\n","protected":false},"author":3,"featured_media":0,"comment_status":"open","ping_status":"open","sticky":false,"template":"","format":"standard","meta":{"footnotes":""},"categories":[21],"tags":[],"class_list":["post-70006","post","type-post","status-publish","format-standard","hentry","category-cultura"],"_links":{"self":[{"href":"https:\/\/diariodominicano.com\/index.php?rest_route=\/wp\/v2\/posts\/70006","targetHints":{"allow":["GET"]}}],"collection":[{"href":"https:\/\/diariodominicano.com\/index.php?rest_route=\/wp\/v2\/posts"}],"about":[{"href":"https:\/\/diariodominicano.com\/index.php?rest_route=\/wp\/v2\/types\/post"}],"author":[{"embeddable":true,"href":"https:\/\/diariodominicano.com\/index.php?rest_route=\/wp\/v2\/users\/3"}],"replies":[{"embeddable":true,"href":"https:\/\/diariodominicano.com\/index.php?rest_route=%2Fwp%2Fv2%2Fcomments&post=70006"}],"version-history":[{"count":0,"href":"https:\/\/diariodominicano.com\/index.php?rest_route=\/wp\/v2\/posts\/70006\/revisions"}],"wp:attachment":[{"href":"https:\/\/diariodominicano.com\/index.php?rest_route=%2Fwp%2Fv2%2Fmedia&parent=70006"}],"wp:term":[{"taxonomy":"category","embeddable":true,"href":"https:\/\/diariodominicano.com\/index.php?rest_route=%2Fwp%2Fv2%2Fcategories&post=70006"},{"taxonomy":"post_tag","embeddable":true,"href":"https:\/\/diariodominicano.com\/index.php?rest_route=%2Fwp%2Fv2%2Ftags&post=70006"}],"curies":[{"name":"wp","href":"https:\/\/api.w.org\/{rel}","templated":true}]}}