{"id":70005,"date":"2009-05-25T14:12:47","date_gmt":"2009-05-25T14:12:47","guid":{"rendered":"http:\/\/diariodominicano.ddns.net\/?p=70005"},"modified":"2009-05-25T14:12:47","modified_gmt":"2009-05-25T14:12:47","slug":"dictan-conferencias-sobre-vida-de-jose-marti-y-la-educacion-en-cuba","status":"publish","type":"post","link":"https:\/\/diariodominicano.com\/?p=70005","title":{"rendered":"Dictan conferencias sobre vida de Jos\u00e9 Mart\u00ed y la Educaci\u00f3n en Cuba"},"content":{"rendered":"<p><body><\/p>\n<p><img decoding=\"async\" src=\"img3\/marti.jpg\" \/>  <\/p>\n<p><span class=\"text1noticias\">ANULFO MATEO PEREZ<\/span><\/p>\n<p><span class=\"text1noticias\"> <\/span><\/p>\n<p><span class=\"text1noticias\">SAN JUAN DE LA MAGUANA.- La embajada de Cuba en la Rep\u00fablica Dominicana, entidades educativas y culturales de esta provincia desarrollaron el pasado martes 19 de mayo varias conferencias sobre la vida del ap\u00f3stol cubano Jos\u00e9 Mart\u00ed, la educaci\u00f3n en Cuba y las relaciones entre ambos pa\u00edses, as\u00ed como la situaci\u00f3n de los Cinco h\u00e9roes cubanos prisioneros en c\u00e1rceles del imperio.<\/span><\/p>\n<p><span class=\"text1noticias\"> <\/span><\/p>\n<p><span class=\"text1noticias\">Por la parte dominicana, las disertaciones fueron patrocinadas por el Proyecto Cultural Sur, el Instituto de Educaci\u00f3n Superior Salom\u00e9 Ure\u00f1a de Henr\u00edquez, ?Recinto Urania Montas?, el Comit\u00e9 de Defensa al Ciudadano, la Direcci\u00f3n Regional de Educaci\u00f3n 02 y el Comit\u00e9 de Contacto Cultural. <\/span><\/p>\n<p><span class=\"text1noticias\"> <\/span><\/p>\n<p><span class=\"text1noticias\">La primera secretaria de la embajada cubana en la Rep\u00fablica Dominicana, licenciada Sonia Arias Curbelo, dict\u00f3 a las diez de la ma\u00f1ana una conferencia magistral titulada ?La Calidad de la Educaci\u00f3n en Cuba?, en el recinto ?Urania Mont\u00e1s?, con la masiva asistencia de educadores de esta provincia. <\/span><\/p>\n<p><span class=\"text1noticias\"> <\/span><\/p>\n<p><span class=\"text1noticias\">La disertaci\u00f3n ?Jos\u00e9 Mart\u00ed y su devoci\u00f3n por la educaci\u00f3n y la cultura? fue impartida por el intelectual dominicano Jes\u00fas M\u00e9ndez Jimini\u00e1n, a las once de la ma\u00f1ana en el multiuso de la Escuela Mercedes Consuelo Matos, con un auditorio compuesto por decenas de profesores, intelectuales y profesionales de esta localidad.<\/span><\/p>\n<p><span class=\"text1noticias\"> <\/span><\/p>\n<p><span class=\"text1noticias\">La consejera de la legaci\u00f3n diplom\u00e1tica cubana, licenciada Enilda Girarte, abord\u00f3 la situaci\u00f3n de apelaci\u00f3n de los Cinco h\u00e9roes cubanos encarcelados en Estados Unidos, y sus abogados, ante la Corte Suprema de ese pa\u00eds.<\/span><\/p>\n<p><span class=\"text1noticias\"> <\/span><\/p>\n<p><span class=\"text1noticias\">Indic\u00f3 Girarte, que seg\u00fan estad\u00edsticas, ning\u00fan otro caso ha tenido tantos documentos de \u00abamicus\u00bb (de respaldo a la causa de los Cinco), firmados por premios nobel, asociaciones de abogados estadounidenses, intelectuales y personalidades del mundo.<\/span><\/p>\n<p><span class=\"text1noticias\"> <\/span><\/p>\n<p><span class=\"text1noticias\">Subray\u00f3 la representante diplom\u00e1tica, que los abogados de la defensa de los cinco patriotas cubanos renunciaron al cobro de sus honorarios profesionales, que ascienden a unos 30 mil d\u00f3lares.<\/span><\/p>\n<p><span class=\"text1noticias\"> <\/span><\/p>\n<p><span class=\"text1noticias\">Por otro lado, al t\u00e9rmino de su intervenci\u00f3n, un grupo de profesionales del derecho de esta ciudad constituyeron el Comit\u00e9 de apoyo a los Cinco, encabezado por el conocido abogado Jos\u00e9 Reyes, quien de inmediato y en nombre de la flamante organizaci\u00f3n hizo un llamamiento por la libertad de los luchadores antiterroristas cubanos.<\/span><\/p>\n<p><span class=\"text1noticias\"> <\/span><\/p>\n<p><span class=\"text1noticias\">Tambi\u00e9n fue elegida la directiva del Comit\u00e9 de Solidaridad con Cuba, integrado por los doctores Anulfo Mateo P\u00e9rez, Teodoro Alc\u00e1ntara, Jos\u00e9 Reyes, Jos\u00e9 A. Rodr\u00edguez, Irene Mateo, los profesores Salvinia Caminero y Nelson Pablo de la Rosa, los licenciados Ricardo Andr\u00e9s Alc\u00e1ntara Fern\u00e1ndez y V\u00edctor Mer\u00e1n, as\u00ed como por Rafael Alfredo Medina, entre otros.<\/span><\/p>\n<p><span class=\"text1noticias\"> <\/span><\/p>\n<p><span class=\"text1noticias\">La organizaci\u00f3n se propone fortalecer la solidaridad de los dominicanos con Cuba y estrechar los lazos de amistad entre ambos pueblos. La juramentaci\u00f3n de la directiva fue tomada por el ingeniero Jes\u00fas M\u00e9ndez Jimini\u00e1n, del Comit\u00e9 Nacional de Solidaridad con Cuba.<\/span><\/p>\n<h6> 2009-05-25 14:12:47 <\/h6>\n<p><!--\n<link rel=\"stylesheet\" href=\"css\/bootstrap.min.css\">\n\n\n<ul class=\"pagination\">\n\t    \n\t\n\n<li >\n\t<a href='?page_no=21682'>Previous<\/a>\n\t<\/li>\n\n\n       \n    \n\n<li><a href='?page_no=1'>1<\/a><\/li>\n\n\n\n<li><a href='?page_no=2'>2<\/a><\/li>\n\n\n\n<li><a>...<\/a><\/li>\n\n\n\n<li><a href='?page_no=21681'>21681<\/a><\/li>\n\n\n\n<li><a href='?page_no=21682'>21682<\/a><\/li>\n\n\n\n<li class='active'><a>21683<\/a><\/li>\n\n\n\n<li><a href='?page_no=21684'>21684<\/a><\/li>\n\n\n\n<li><a href='?page_no=21685'>21685<\/a><\/li>\n\n\n\n<li><a>...<\/a><\/li>\n\n\n\n<li><a href='?page_no=22911'>22911<\/a><\/li>\n\n\n\n<li><a href='?page_no=22912'>22912<\/a><\/li>\n\n    \n\t\n\n<li >\n\t<a href='?page_no=21684'>Next<\/a>\n\t<\/li>\n\n\n    \n\n<li><a href='?page_no=22912'>Last &rsaquo;&rsaquo;<\/a><\/li>\n\n<\/ul>\n\n\n--><br \/>\n<\/body><\/p>\n","protected":false},"excerpt":{"rendered":"<p>ANULFO MATEO PEREZ SAN JUAN DE LA MAGUANA.- La embajada de Cuba en la Rep\u00fablica Dominicana, entidades educativas y culturales de esta provincia desarrollaron el pasado martes 19 de mayo varias conferencias sobre la vida del ap\u00f3stol cubano Jos\u00e9 Mart\u00ed, la educaci\u00f3n en Cuba y las relaciones entre ambos pa\u00edses, as\u00ed como la situaci\u00f3n de [&hellip;]<\/p>\n","protected":false},"author":3,"featured_media":0,"comment_status":"open","ping_status":"open","sticky":false,"template":"","format":"standard","meta":{"footnotes":""},"categories":[21],"tags":[],"class_list":["post-70005","post","type-post","status-publish","format-standard","hentry","category-cultura"],"_links":{"self":[{"href":"https:\/\/diariodominicano.com\/index.php?rest_route=\/wp\/v2\/posts\/70005","targetHints":{"allow":["GET"]}}],"collection":[{"href":"https:\/\/diariodominicano.com\/index.php?rest_route=\/wp\/v2\/posts"}],"about":[{"href":"https:\/\/diariodominicano.com\/index.php?rest_route=\/wp\/v2\/types\/post"}],"author":[{"embeddable":true,"href":"https:\/\/diariodominicano.com\/index.php?rest_route=\/wp\/v2\/users\/3"}],"replies":[{"embeddable":true,"href":"https:\/\/diariodominicano.com\/index.php?rest_route=%2Fwp%2Fv2%2Fcomments&post=70005"}],"version-history":[{"count":0,"href":"https:\/\/diariodominicano.com\/index.php?rest_route=\/wp\/v2\/posts\/70005\/revisions"}],"wp:attachment":[{"href":"https:\/\/diariodominicano.com\/index.php?rest_route=%2Fwp%2Fv2%2Fmedia&parent=70005"}],"wp:term":[{"taxonomy":"category","embeddable":true,"href":"https:\/\/diariodominicano.com\/index.php?rest_route=%2Fwp%2Fv2%2Fcategories&post=70005"},{"taxonomy":"post_tag","embeddable":true,"href":"https:\/\/diariodominicano.com\/index.php?rest_route=%2Fwp%2Fv2%2Ftags&post=70005"}],"curies":[{"name":"wp","href":"https:\/\/api.w.org\/{rel}","templated":true}]}}