{"id":70004,"date":"2009-05-25T14:34:27","date_gmt":"2009-05-25T14:34:27","guid":{"rendered":"http:\/\/diariodominicano.ddns.net\/?p=70004"},"modified":"2009-05-25T14:34:27","modified_gmt":"2009-05-25T14:34:27","slug":"secretaria-cultura-presentar-documentales-sobre-literatura-de-la-diaspora-y-comunicacion","status":"publish","type":"post","link":"https:\/\/diariodominicano.com\/?p=70004","title":{"rendered":"SECRETARIA  CULTURA PRESENTAR DOCUMENTALES SOBRE LITERATURA DE LA DIASPORA Y COMUNICACION"},"content":{"rendered":"<p><body><\/p>\n<p><img decoding=\"async\" src=\"http:\/\/localhost:8080\/img3\/jimy.jpg\" \/>  <\/p>\n<p><span class=\"text1noticias\">La Secretar\u00eda de Estado de Cultura  presentar\u00e1 los documentales ?La literatura dominicana de la di\u00e1spora? y ?La historia de los medios de comunicaci\u00f3n en la Rep\u00fablica Dominicana?, producido por el cineasta Jimmy Sierra,  el viernes 29 y el s\u00e1bado 30 de mayo, a las siete de la noche, en el local del Comisionado de Cultura en Nueva York. <\/span><\/p>\n<\/p>\n<p><span class=\"text1noticias\">Los actos de presentaci\u00f3n de estos dos trabajos, que forman parte del conjunto de documentales elaborados por Jimmy Sierra por encargo de la Secretaria de Estado de Cultura, contar\u00e1 con la participaci\u00f3n del doctor Lu\u00eds Alvarez L\u00f3pez, director del Comisionado; la Librer\u00eda Cal\u00edope y el Colegio Dominicano de Periodistas (CDP).<\/span><\/p>\n<p><span class=\"text1noticias\">            <\/span><\/p>\n<p><span class=\"text1noticias\">El de la di\u00e1spora fue coordinado por Franklin Guti\u00e9rrez, un escritor dominicano con largos a\u00f1os residiendo en Nueva York, y Rub\u00e9n Sierra. En el documental participan, adem\u00e1s, Di\u00f3genes Abreu, Osiris Vallejo, Jos\u00e9 Acosta, Marianela Medrano, Daysi Cocco de Filippis, Juan Rivero, M. Anibal Perdomo, Frank Disla, Alexis G\u00f3mez, Eloy Alberto Tejera, y otros.<\/span><\/p>\n<\/p>\n<p><span class=\"text1noticias\">El relativo a los medios de comunicaci\u00f3n fue coordinado por  Oscar L\u00f3pez Reyes, ex presidente del CDP y director de la Escuela de Comunicaci\u00f3n Social de la Universidad Dominicana (OyM). Participan, adem\u00e1s, H\u00ebctor Mart\u00ednez, Pericles Mej\u00eda, Rafael Molina Morillo, Manolo Quiroz, Teo Veras, Adriano de la Cruz, Juan Bol\u00edvar D\u00edaz, Rafael Corpor\u00e1n de los Santos, Manuel Quir\u00f3z, Huchi Lora y Ren\u00e9 Fortunato, entre otros.<\/span><\/p>\n<\/p>\n<p><span class=\"text1noticias\">Este documental aborda el surgimiento y evoluci\u00f3n hasta nuestros d\u00edas de los medios masivos, la radio, la televisi\u00f3n, la prensa escrita y la cinematograf\u00eda desde un punto de vista hist\u00f3rico.            <\/span><\/p>\n<\/p>\n<p><span class=\"text1noticias\">En el acto  del viernes 29 de mayo se destaca la participaci\u00f3n de los integrantes de la librer\u00eda Cal\u00edope, y se rinde tributo a los escritores dominicanos que han triunfado en el exterior, incluyendo de manera especial a Junot D\u00edaz y a Julia \u00c1lvarez.<\/span><\/p>\n<\/p>\n<p><span class=\"text1noticias\">Al otro d\u00eda, s\u00e1bado 30, el espacio ser\u00e1 ocupado por el documental sobre los medios masivos, y estar\u00e1n presentes las presidentas del Colegio Dominicano de Periodistas (CDP) en Rep\u00fablica Dominicana, Mercedes Castillo, y de Nueva York, Mayra La Paz. <\/span><\/p>\n<\/p>\n<p><span class=\"text1noticias\">Los dos documentales fueron editados por Romig Gonz\u00e1lez, con la m\u00fasica original de Jansel Santana, estando en la c\u00e1mara Segundo Marte, Giovanni Alvarado y Fransisco Rodr\u00edguez, en Santo Domingo. La c\u00e1mara de la di\u00e1spora estuvo a cargo de Jos\u00e9 Carbuccia.<\/span><\/p>\n<\/p>\n<p><span class=\"text1noticias\">El doctor Jimmy Sierra, quien tambi\u00e9n es autor de la exitosa serie de efem\u00e9rides ?La historia se escribi\u00f3 as\u00ed? y el ?Curso de historia audiovisual de la Rep\u00fablica Dominicana?, que circula en Estados Unidos, Brasil, Cuba y otros pa\u00edses, contestar\u00e1 preguntas de los presentes.<\/span><\/p>\n<\/p>\n<p><span class=\"text1noticias\">Estos documentales forman parte de cinco presentados en formato DVD que abordan temas b\u00e1sicos de Historia del Teatro, Los medios de comunicaci\u00f3n, Las letras en la Rep\u00fablica Dominicana y la literatura de la Di\u00e1spora.<\/span><\/p>\n<\/p>\n<p><span class=\"text1noticias\">Estos documentales  de 30 minutos y una hora ser\u00e1n presentados individualmente en ceremonias especiales en Santo Domingo, Nueva York, Santiago y otros pueblos, y luego exhibidos ampliamente en escuelas, colegios, universidades, clubes y otras entidades,  para contribuir con la difusi\u00f3n de la historia del arte y la literatura y sus cultores y  propulsores.<\/span><\/p>\n<\/p>\n<p><span class=\"text1noticias\">El doctor Jimmy Sierra se ha destacado en el cine, la televisi\u00f3n, el teatro,  la radio, la composici\u00f3n musical, la historia y el periodismo, sobre los cuales ha publicado ?Cine 011?,?La ciudad de los fantasmas de chocolate?,  ?El mester de la iron\u00eda?, ?Ulises Hereaux?, ?Lil\u00ecs: sangre, papeletas y cartas de amor?, ?Una tragedia moderna?, ?Arenga?, ?Cartas a Fremio?, ?La guerra de la propaganda?, ?El paquito de la revoluci\u00f3n?, ?Yo estaba all\u00ed?, ?Los cuentos de Papaleche?, entre otras.<\/span><\/p>\n<\/p>\n<p><span class=\"text1noticias\">Por su producci\u00f3n intelectual y art\u00edstica ha recibido diplomas de  reconocimientos en Rep\u00fablica Dominicana, M\u00e9xico, Panam\u00e1 y Suiza, en las \u00e1reas de cuento, televisi\u00f3n, gui\u00f3n cinematogr\u00e1fico, teatro y radio. <\/span><\/p>\n<h6> 2009-05-25 14:34:27 <\/h6>\n<p><!--\n<link rel=\"stylesheet\" href=\"css\/bootstrap.min.css\">\n\n\n<ul class=\"pagination\">\n\t    \n\t\n\n<li >\n\t<a href='?page_no=21681'>Previous<\/a>\n\t<\/li>\n\n\n       \n    \n\n<li><a href='?page_no=1'>1<\/a><\/li>\n\n\n\n<li><a href='?page_no=2'>2<\/a><\/li>\n\n\n\n<li><a>...<\/a><\/li>\n\n\n\n<li><a href='?page_no=21680'>21680<\/a><\/li>\n\n\n\n<li><a href='?page_no=21681'>21681<\/a><\/li>\n\n\n\n<li class='active'><a>21682<\/a><\/li>\n\n\n\n<li><a href='?page_no=21683'>21683<\/a><\/li>\n\n\n\n<li><a href='?page_no=21684'>21684<\/a><\/li>\n\n\n\n<li><a>...<\/a><\/li>\n\n\n\n<li><a href='?page_no=22911'>22911<\/a><\/li>\n\n\n\n<li><a href='?page_no=22912'>22912<\/a><\/li>\n\n    \n\t\n\n<li >\n\t<a href='?page_no=21683'>Next<\/a>\n\t<\/li>\n\n\n    \n\n<li><a href='?page_no=22912'>Last &rsaquo;&rsaquo;<\/a><\/li>\n\n<\/ul>\n\n\n--><br \/>\n<\/body><\/p>\n","protected":false},"excerpt":{"rendered":"<p>La Secretar\u00eda de Estado de Cultura presentar\u00e1 los documentales ?La literatura dominicana de la di\u00e1spora? y ?La historia de los medios de comunicaci\u00f3n en la Rep\u00fablica Dominicana?, producido por el cineasta Jimmy Sierra, el viernes 29 y el s\u00e1bado 30 de mayo, a las siete de la noche, en el local del Comisionado de Cultura [&hellip;]<\/p>\n","protected":false},"author":3,"featured_media":0,"comment_status":"open","ping_status":"open","sticky":false,"template":"","format":"standard","meta":{"footnotes":""},"categories":[21],"tags":[],"class_list":["post-70004","post","type-post","status-publish","format-standard","hentry","category-cultura"],"_links":{"self":[{"href":"https:\/\/diariodominicano.com\/index.php?rest_route=\/wp\/v2\/posts\/70004","targetHints":{"allow":["GET"]}}],"collection":[{"href":"https:\/\/diariodominicano.com\/index.php?rest_route=\/wp\/v2\/posts"}],"about":[{"href":"https:\/\/diariodominicano.com\/index.php?rest_route=\/wp\/v2\/types\/post"}],"author":[{"embeddable":true,"href":"https:\/\/diariodominicano.com\/index.php?rest_route=\/wp\/v2\/users\/3"}],"replies":[{"embeddable":true,"href":"https:\/\/diariodominicano.com\/index.php?rest_route=%2Fwp%2Fv2%2Fcomments&post=70004"}],"version-history":[{"count":0,"href":"https:\/\/diariodominicano.com\/index.php?rest_route=\/wp\/v2\/posts\/70004\/revisions"}],"wp:attachment":[{"href":"https:\/\/diariodominicano.com\/index.php?rest_route=%2Fwp%2Fv2%2Fmedia&parent=70004"}],"wp:term":[{"taxonomy":"category","embeddable":true,"href":"https:\/\/diariodominicano.com\/index.php?rest_route=%2Fwp%2Fv2%2Fcategories&post=70004"},{"taxonomy":"post_tag","embeddable":true,"href":"https:\/\/diariodominicano.com\/index.php?rest_route=%2Fwp%2Fv2%2Ftags&post=70004"}],"curies":[{"name":"wp","href":"https:\/\/api.w.org\/{rel}","templated":true}]}}