{"id":70002,"date":"2009-05-25T18:29:23","date_gmt":"2009-05-25T18:29:23","guid":{"rendered":"http:\/\/diariodominicano.ddns.net\/?p=70002"},"modified":"2009-05-25T18:29:23","modified_gmt":"2009-05-25T18:29:23","slug":"universidad-de-puerto-rico-en-humacao-espacio-de-comunicacion-insular-y-solidaridad-fronteriza-presentan-exposicion-fotografica-si-haiti-fuera-blanco","status":"publish","type":"post","link":"https:\/\/diariodominicano.com\/?p=70002","title":{"rendered":"Universidad de Puerto Rico en Humacao,   Espacio de Comunicaci\u00f3n  Insular y Solidaridad Fronteriza presentan exposici\u00f3n fotogr\u00e1fica  ?Si Hait\u00ed fuera Blanco"},"content":{"rendered":"<p><body><\/p>\n<p><img decoding=\"async\" src=\"http:\/\/localhost:8080\/img3\/docume.jpg\" \/>  <\/p>\n<p><span class=\"text1noticias\">SANTO DOMINGO.- Tres organizaciones se han unido para presentar desde este jueves 28 de mayo comenzando por la ciudad de Dajab\u00f3n en la frontera norte, la exposici\u00f3n ?Si Hait\u00ed fuera Blanco de la artista puertorrique\u00f1a Joselyn Ponce  Barn\u00e9s.<\/span><\/p>\n<\/p>\n<p><span class=\"text1noticias\">La Universidad Nacional de Puerto Rico en Humacao, el Espacio de Comunicaci\u00f3n Insular y Solidaridad Fronteriza expresaron que la muestra fotogr\u00e1fica consta de im\u00e1genes  a todo color que recogen momentos diversos de un recorrido llevado a cabo por la artista del lente   Ponce Barn\u00e9s por distintas comunidades haitianas ubicadas en la carretera internacional-Hait\u00ed-Rep\u00fablica Dominicana, el mercado binacional dominico-haitiano de Dajab\u00f3n y de Juana M\u00e9ndez.<\/span><\/p>\n<\/p>\n<p><span class=\"text1noticias\">El acto de apertura de la exposici\u00f3n est\u00e1 fijado para las 7 de la noche del jueves 28 de mayo en el Sal\u00f3n de Conferencia de la entidad Solidaridad Fronteriza, que preside el sacerdote Regino Mart\u00ednez.<\/span><\/p>\n<\/p>\n<p><span class=\"text1noticias\">Jos\u00e9 Luis Soto, Director del Espacio de Comunicaci\u00f3n Insular invit\u00f3 a todos los interesados en conocer la realidad gr\u00e1fica  de  las comunidades fronterizas, su condici\u00f3n de pobreza y exclusi\u00f3n social en que se encuentran, para que se den cita a presenciar la exposici\u00f3n fotogr\u00e1fica.<\/span><\/p>\n<\/p>\n<p><span class=\"text1noticias\">Expres\u00f3 que el objetivo de la muestra de fotograf\u00edas de la artista boricua Joselyn Ponce Barn\u00e9s es poder presentar una realidad poco conocida, como viven estas comunidades abandonadas pr\u00e1cticamente a su suerte. <\/span><\/p>\n<\/p>\n<p><span class=\"text1noticias\">?Es importante sensibilizar a la sociedad sobre esta amarga realidad que padecen los pueblos fronterizos en particular los menos asistidos socialmente que est\u00e1n en la margen fronteriza haitiana o la dominicana cualquier lado da igual la pobreza campea en la frontera?, expres\u00f3 Jos\u00e9 Luis Soto, del Espacio Insular.<\/span><\/p>\n<\/p>\n<p><span class=\"text1noticias\">Inform\u00f3 el Director del Espacio de Comunicaci\u00f3n Insular que se hacen los arreglos para atraer la exposici\u00f3n Si Hait\u00ed Fuera Blanco a la ciudad de Santo Domingo. La misma fue presentada con \u00e9xito en Puerto Rico en el mes de abril. La muestra fotogr\u00e1fica se estar\u00e1 exhibiendo por una semana en el Sal\u00f3n de Conferencia de la organizaci\u00f3n Solidaridad Fronteriza. M\u00c1S DETALLES DE LA ACTIVIDAD CULTURAL PUEDEN ENCONTRARSE EN EL PORTAL INFORMATIVO Y TEM\u00c1TICO DE LA ISLA http:\/\/espacinsular.org<\/span><\/p>\n<\/p>\n<p><span class=\"text1noticias\">MOTIVACIONES PARA FOTOGRAFIAR LAS FRONTERAS<\/span><\/p>\n<\/p>\n<p><span class=\"text1noticias\">COMENTARIOS DE JOSELYN PONCE BARN\u00c9S<\/span><\/p>\n<\/p>\n<p><span class=\"text1noticias\">?Los rostros, sonrisas, manos y miradas que poblan la exposici\u00f3n, ?Si Hait\u00ed fuera<\/span><\/p>\n<p><span class=\"text1noticias\">Blanco?, reclaman esperanzas individuales y colectivas. Pero ante esos reclamos, esos deseos de pan, de educaci\u00f3n, de salud, de justicia, de paz, en fin de un presente y futuro humano se anteponen m\u00faltiples fronteras. Est\u00e1 la m\u00e1s palpable, la l\u00ednea divisora que define d\u00f3nde comienza un pa\u00eds y termina el otro. Por esa l\u00ednea artificial, como en casi toda otra frontera, se ha derramado mucha sangre y se ha invertido mucho esfuerzo intelectual y emocional para atrincherarla, ampliarla, moverla o eliminarla.<\/span><\/p>\n<\/p>\n<p><span class=\"text1noticias\">Pero los humanos gestos en estas fotos tambi\u00e9n aluden a otras fronteras: al racismo,<\/span><\/p>\n<p><span class=\"text1noticias\">xenofobia, sexismo, clasismo y otros prejuicios que obstaculizan y tronchan las esperanzas y deseos del ser humano. Hay preguntas f\u00e1ciles: \u00bfQui\u00e9nes son los promotores de estos prejuicios? \u00bfC\u00f3mo se benefician de quebrantar e inficionar las esperanzas de esas vidas, como las que miramos en esta exposici\u00f3n? Entre las trampas que acarrean estas preguntas, est\u00e1 la que oculta que el verdugo, para ser impasible, tiene que deshumanizarse. Adem\u00e1s est\u00e1 la trampa que niega responsabilidad al que no vive en la isla de La Espa\u00f1ola. <\/span><\/p>\n<\/p>\n<p><span class=\"text1noticias\">As\u00ed nuestra indiferencia se acopla a los legados del colonialismo y de las dictaduras para ignorar o responder con asistencialismo vanidoso ante la desesperanza que vemos en esos rostros. Al fin, la trampa m\u00e1s f\u00e1cil es la de pensar que aqu\u00ed, en Borinquen, no construimos fronteras de prejuicios que diezman<\/span><\/p>\n<p><span class=\"text1noticias\">esperanzas.<\/span><\/p>\n<\/p>\n<p><span class=\"text1noticias\">El ser humano es incompatible con la desesperanza. Por eso, tambi\u00e9n los seres en estas<\/span><\/p>\n<p><span class=\"text1noticias\">fotograf\u00edas afirman sonrisas, alegr\u00eda, solidaridad y combatividad. Y es con esas afirmaciones que tenemos que construir un nuevo Caribe, un archipi\u00e9lago de esperanzas. Desesperanzas y Esperanzas con las Fronteras.     <\/span><\/p>\n<h6> 2009-05-25 18:29:23 <\/h6>\n<p><!--\n<link rel=\"stylesheet\" href=\"css\/bootstrap.min.css\">\n\n\n<ul class=\"pagination\">\n\t    \n\t\n\n<li >\n\t<a href='?page_no=21679'>Previous<\/a>\n\t<\/li>\n\n\n       \n    \n\n<li><a href='?page_no=1'>1<\/a><\/li>\n\n\n\n<li><a href='?page_no=2'>2<\/a><\/li>\n\n\n\n<li><a>...<\/a><\/li>\n\n\n\n<li><a href='?page_no=21678'>21678<\/a><\/li>\n\n\n\n<li><a href='?page_no=21679'>21679<\/a><\/li>\n\n\n\n<li class='active'><a>21680<\/a><\/li>\n\n\n\n<li><a href='?page_no=21681'>21681<\/a><\/li>\n\n\n\n<li><a href='?page_no=21682'>21682<\/a><\/li>\n\n\n\n<li><a>...<\/a><\/li>\n\n\n\n<li><a href='?page_no=22911'>22911<\/a><\/li>\n\n\n\n<li><a href='?page_no=22912'>22912<\/a><\/li>\n\n    \n\t\n\n<li >\n\t<a href='?page_no=21681'>Next<\/a>\n\t<\/li>\n\n\n    \n\n<li><a href='?page_no=22912'>Last &rsaquo;&rsaquo;<\/a><\/li>\n\n<\/ul>\n\n\n--><br \/>\n<\/body><\/p>\n","protected":false},"excerpt":{"rendered":"<p>SANTO DOMINGO.- Tres organizaciones se han unido para presentar desde este jueves 28 de mayo comenzando por la ciudad de Dajab\u00f3n en la frontera norte, la exposici\u00f3n ?Si Hait\u00ed fuera Blanco de la artista puertorrique\u00f1a Joselyn Ponce Barn\u00e9s. La Universidad Nacional de Puerto Rico en Humacao, el Espacio de Comunicaci\u00f3n Insular y Solidaridad Fronteriza expresaron [&hellip;]<\/p>\n","protected":false},"author":3,"featured_media":0,"comment_status":"open","ping_status":"open","sticky":false,"template":"","format":"standard","meta":{"footnotes":""},"categories":[21],"tags":[],"class_list":["post-70002","post","type-post","status-publish","format-standard","hentry","category-cultura"],"_links":{"self":[{"href":"https:\/\/diariodominicano.com\/index.php?rest_route=\/wp\/v2\/posts\/70002","targetHints":{"allow":["GET"]}}],"collection":[{"href":"https:\/\/diariodominicano.com\/index.php?rest_route=\/wp\/v2\/posts"}],"about":[{"href":"https:\/\/diariodominicano.com\/index.php?rest_route=\/wp\/v2\/types\/post"}],"author":[{"embeddable":true,"href":"https:\/\/diariodominicano.com\/index.php?rest_route=\/wp\/v2\/users\/3"}],"replies":[{"embeddable":true,"href":"https:\/\/diariodominicano.com\/index.php?rest_route=%2Fwp%2Fv2%2Fcomments&post=70002"}],"version-history":[{"count":0,"href":"https:\/\/diariodominicano.com\/index.php?rest_route=\/wp\/v2\/posts\/70002\/revisions"}],"wp:attachment":[{"href":"https:\/\/diariodominicano.com\/index.php?rest_route=%2Fwp%2Fv2%2Fmedia&parent=70002"}],"wp:term":[{"taxonomy":"category","embeddable":true,"href":"https:\/\/diariodominicano.com\/index.php?rest_route=%2Fwp%2Fv2%2Fcategories&post=70002"},{"taxonomy":"post_tag","embeddable":true,"href":"https:\/\/diariodominicano.com\/index.php?rest_route=%2Fwp%2Fv2%2Ftags&post=70002"}],"curies":[{"name":"wp","href":"https:\/\/api.w.org\/{rel}","templated":true}]}}