{"id":70001,"date":"2009-05-25T18:42:23","date_gmt":"2009-05-25T18:42:23","guid":{"rendered":"http:\/\/diariodominicano.ddns.net\/?p=70001"},"modified":"2009-05-25T18:42:23","modified_gmt":"2009-05-25T18:42:23","slug":"cocecyt-organiza-conferencia-sobre-glandula-pineal-censor-biologico-relacionado-al-movimiento-de-los-astros","status":"publish","type":"post","link":"https:\/\/diariodominicano.com\/?p=70001","title":{"rendered":"COCECYT Organiza Conferencia sobre gl\u00e1ndula pineal, censor  biol\u00f3gico relacionado al movimiento de los astros"},"content":{"rendered":"<p><body><\/p>\n<p><img decoding=\"async\" src=\"http:\/\/localhost:8080\/img3\/glandu.jpg\" \/>  <\/p>\n<p><span class=\"text1noticias\">La Consultor\u00eda de Cooperaci\u00f3n, Educaci\u00f3n, Ciencia y Tecnolog\u00eda (COCECYT), la Sociedad Astron\u00f3mica Dominicana y la Academia de Ciencias de la  Rep\u00fablica Dominicana, en el marco de desarrollo de las actividades conmemorativas al A\u00f1o Internacional de la Astronom\u00eda invitan  a la conferencia: ?Integraci\u00f3n del Humano l sistema Planetario ( un enfoque m\u00e9dico cient\u00edfico) dictada por la Dra. Ana de Castro,<\/span><\/p>\n<p><span class=\"text1noticias\">La Dra. De Castro es especialista en cirujia general y vascular, especialista en  envejecimiento y delegada internacional de la Sociedad Mundial anti envejecimiento, en Roma, Italia.<\/span><\/p>\n<\/p>\n<p><span class=\"text1noticias\">La conferencia tratar\u00e1 fundamentalmente sobre la funci\u00f3n reguladora de la gl\u00e1ndula pineal, la cual controla nuestro desarrollo y nuestras actividades. Se explicar\u00e1 c\u00f3mo nos afectan los cambios de la naturaleza que ocurren de manera c\u00edclica, tales como el d\u00eda y la noche, el movimiento del Sol y de la Tierra, la luz y la oscuridad, y las estaciones, y lo que debemos hacer para adaptarnos mejor al entorno natural en beneficio de nuestra sobrevivencia y calidad de vida.<\/span><\/p>\n<\/p>\n<p><span class=\"text1noticias\">La ciencia ha descubriendo que la alternancia de la luz diurna y la oscuridad afecta a nuestra salud de formas sorprendentes. Los \u00abnuevos\u00bb descubrimientos revelan que los ciclos diarios de luz regulan determinados ritmos biol\u00f3gicos b\u00e1sicos en los animales y seres humanos, debido a las respuestas qu\u00edmicas que se producen en nuestro organismo. <\/span><\/p>\n<\/p>\n<p><span class=\"text1noticias\">La gl\u00e1ndula pineal (en comunicaci\u00f3n directa con el hipot\u00e1lamo) segrega una sustancia denominada melatonina. El descubrimiento de esta sustancia ha permitido afirmar que la gl\u00e1ndula pineal (gl\u00e1ndula principal productora de esta sustancia) es el reloj biol\u00f3gico que controla el envejecimiento, y que la producci\u00f3n diaria de melatonina por parte de esta gl\u00e1ndula establece el ritmo b\u00e1sico de vida para cada \u00f3rgano, cada tejido y cada c\u00e9lula del cuerpo.<\/span><\/p>\n<\/p>\n<p><span class=\"text1noticias\">Las  c\u00e9lulas desarrolladas en la Gl\u00e1ndula Pineal se llaman pinealocitos y se subdivide en fotorreceptores y secretadores. Los fotorreceptores se encuentran en peces, anfibios y reptiles. En las aves se encuentran menos desarrollados y se habla de fotorreceptores modificados. En mam\u00edferos no existen los fotorreceptores, si bien la gl\u00e1ndula est\u00e1 estrechamente relacionada con la funci\u00f3n foto sensorial. Se une v\u00eda ganglio cervical superior y n\u00facleo supraquiasm\u00e1tico hipotal\u00e1mico a la retina. As\u00ed pues se puede considerar que la pineal es parte de las v\u00edas visuales y as\u00ed convierte la informaci\u00f3n lum\u00ednica en secreci\u00f3n hormonal.<\/span><\/p>\n<\/p>\n<p><span class=\"text1noticias\">La melatonina es producida a partir de la serotonina. La ep\u00edfisis est\u00e1 relacionada con la regulaci\u00f3n de los ciclos de vigilia y sue\u00f1o. Se ha comprobado que esta hormona sirve para contrarrestar los efectos del s\u00edndrome de diferencia de zonas horarias. Es tambi\u00e9n un poderoso antioxidante; y se ha comprobado que participa en la apoptosis de c\u00e9lulas cancerosas en el timo. Pero tambi\u00e9n est\u00e1 comprobado que altas dosis de esta hormona tiene un efecto cancer\u00edgeno. Es tambi\u00e9n un hecho que controla el inicio de la pubertad e influye en los ritmos circadianos. La producci\u00f3n de esta hormona disminuye con la edad.<\/span><\/p>\n<\/p>\n<p><span class=\"text1noticias\">La gl\u00e1ndula pineal produce Dimetiltriptamina que es un neurotransmisor derivado de la serotonina la cual, se cree, es responsable de producir los efectos visuales del sue\u00f1o. Tambi\u00e9n se ha planteado la relaci\u00f3n que alberga con las experiencias cercanas a la muerte, donde se producir\u00eda en mayor cantidad momentos antes de morir, provocando experiencias extracorp\u00f3reas. La Dimetiltriptamina en forma pura es considerada el alucin\u00f3geno m\u00e1s poderoso en existencia, es capaz de aislar la conciencia humana de todos los sentidos alterando dram\u00e1ticamente la noci\u00f3n del tiempo y la realidad.<\/span><\/p>\n<\/p>\n<p><span class=\"text1noticias\">Luz y oscuridad.<\/span><\/p>\n<p><span class=\"text1noticias\">La producci\u00f3n de melatonina es regulada, en buena parte, por el ciclo de luz y oscuridad (conocido como ciclo circadiano). La gl\u00e1ndula pineal est\u00e1 conectada con los ojos, y la oscuridad sirve de se\u00f1al al organismo para empezar a producir melatonina. El sue\u00f1o, por la noche, se debe a que la gl\u00e1ndula pineal ha comenzado a verter melatonina al flujo sangu\u00edneo, donde inicia los cambios fisiol\u00f3gicos que nos preparan para el sue\u00f1o: el ritmo cardiaco y la digesti\u00f3n se ralentizan, la temperatura corporal y la presi\u00f3n sangu\u00ednea disminuyen, la atenci\u00f3n se reduce. Al amanecer, la luz que penetra por la retina del ojo interrumpe la producci\u00f3n de esta sustancia considerablemente. Estos cambios qu\u00edmicos inducen a la actividad durante el d\u00eda (luz) y a la relajaci\u00f3n y sue\u00f1o durante la noche (oscuridad).<\/span><\/p>\n<\/p>\n<p><span class=\"text1noticias\">La conferencia se llevar\u00e1  cabo este mi\u00e9rcoles 27 de mayo  a las 7 de la noche en el sal\u00f3n de conferencias de la Academia de Ciencias de la Rep\u00fablic Dominicana ubicada en la Calle  Las Damas esquina El Conde de la Zona Colonial.<\/span><\/p>\n<h6> 2009-05-25 18:42:23 <\/h6>\n<p><!--\n<link rel=\"stylesheet\" href=\"css\/bootstrap.min.css\">\n\n\n<ul class=\"pagination\">\n\t    \n\t\n\n<li >\n\t<a href='?page_no=21678'>Previous<\/a>\n\t<\/li>\n\n\n       \n    \n\n<li><a href='?page_no=1'>1<\/a><\/li>\n\n\n\n<li><a href='?page_no=2'>2<\/a><\/li>\n\n\n\n<li><a>...<\/a><\/li>\n\n\n\n<li><a href='?page_no=21677'>21677<\/a><\/li>\n\n\n\n<li><a href='?page_no=21678'>21678<\/a><\/li>\n\n\n\n<li class='active'><a>21679<\/a><\/li>\n\n\n\n<li><a href='?page_no=21680'>21680<\/a><\/li>\n\n\n\n<li><a href='?page_no=21681'>21681<\/a><\/li>\n\n\n\n<li><a>...<\/a><\/li>\n\n\n\n<li><a href='?page_no=22911'>22911<\/a><\/li>\n\n\n\n<li><a href='?page_no=22912'>22912<\/a><\/li>\n\n    \n\t\n\n<li >\n\t<a href='?page_no=21680'>Next<\/a>\n\t<\/li>\n\n\n    \n\n<li><a href='?page_no=22912'>Last &rsaquo;&rsaquo;<\/a><\/li>\n\n<\/ul>\n\n\n--><br \/>\n<\/body><\/p>\n","protected":false},"excerpt":{"rendered":"<p>La Consultor\u00eda de Cooperaci\u00f3n, Educaci\u00f3n, Ciencia y Tecnolog\u00eda (COCECYT), la Sociedad Astron\u00f3mica Dominicana y la Academia de Ciencias de la Rep\u00fablica Dominicana, en el marco de desarrollo de las actividades conmemorativas al A\u00f1o Internacional de la Astronom\u00eda invitan a la conferencia: ?Integraci\u00f3n del Humano l sistema Planetario ( un enfoque m\u00e9dico cient\u00edfico) dictada por la [&hellip;]<\/p>\n","protected":false},"author":3,"featured_media":0,"comment_status":"open","ping_status":"open","sticky":false,"template":"","format":"standard","meta":{"footnotes":""},"categories":[21],"tags":[],"class_list":["post-70001","post","type-post","status-publish","format-standard","hentry","category-cultura"],"_links":{"self":[{"href":"https:\/\/diariodominicano.com\/index.php?rest_route=\/wp\/v2\/posts\/70001","targetHints":{"allow":["GET"]}}],"collection":[{"href":"https:\/\/diariodominicano.com\/index.php?rest_route=\/wp\/v2\/posts"}],"about":[{"href":"https:\/\/diariodominicano.com\/index.php?rest_route=\/wp\/v2\/types\/post"}],"author":[{"embeddable":true,"href":"https:\/\/diariodominicano.com\/index.php?rest_route=\/wp\/v2\/users\/3"}],"replies":[{"embeddable":true,"href":"https:\/\/diariodominicano.com\/index.php?rest_route=%2Fwp%2Fv2%2Fcomments&post=70001"}],"version-history":[{"count":0,"href":"https:\/\/diariodominicano.com\/index.php?rest_route=\/wp\/v2\/posts\/70001\/revisions"}],"wp:attachment":[{"href":"https:\/\/diariodominicano.com\/index.php?rest_route=%2Fwp%2Fv2%2Fmedia&parent=70001"}],"wp:term":[{"taxonomy":"category","embeddable":true,"href":"https:\/\/diariodominicano.com\/index.php?rest_route=%2Fwp%2Fv2%2Fcategories&post=70001"},{"taxonomy":"post_tag","embeddable":true,"href":"https:\/\/diariodominicano.com\/index.php?rest_route=%2Fwp%2Fv2%2Ftags&post=70001"}],"curies":[{"name":"wp","href":"https:\/\/api.w.org\/{rel}","templated":true}]}}