{"id":70000,"date":"2009-05-25T18:53:12","date_gmt":"2009-05-25T18:53:12","guid":{"rendered":"http:\/\/diariodominicano.ddns.net\/?p=70000"},"modified":"2009-05-25T18:53:12","modified_gmt":"2009-05-25T18:53:12","slug":"construyen-monumento-en-honor-a-los-expedicionarios-de-junio-del-1959","status":"publish","type":"post","link":"https:\/\/diariodominicano.com\/?p=70000","title":{"rendered":"Construyen Monumento en Honor a los Expedicionarios de Junio del 1959."},"content":{"rendered":"<p><body><\/p>\n<p><img decoding=\"async\" src=\"http:\/\/localhost:8080\/img3\/junio.jpg\" \/>  <\/p>\n<p><span class=\"text1noticias\">Est\u00e1n avanzados los trabajos de construcci\u00f3n del monumento que se erige en honor a los expedicionarios del 14 de junio del 1959 en Constanza, uno de  los lugares donde desembarcaron  tropas opositoras al r\u00e9gimen sangriento de Rafael L. Trujillo Molina. <\/span><\/p>\n<\/p>\n<p><span class=\"text1noticias\">El monumento para reverenciar a los m\u00e1rtires de la Raza Inmortal se construyen justo en el lugar donde en 1959 desembarcaron las primeras tropas de la expedici\u00f3n de Constanza, Maim\u00f3n y Estero Hondo con el fin de poner termino al r\u00e9gimen de sangre y opresi\u00f3n que presidia Rafael L. Trujillo Molina.<\/span><\/p>\n<\/p>\n<p><span class=\"text1noticias\">El licenciado Andr\u00e9s Van Der Horst, director del Departamento Aeroportuario,(entidad encargada de la construcci\u00f3n del Monumento) dijo que la obra, se encuentra en su etapa final de construcci\u00f3n, y que ser\u00e1 una verdadera obra de arte donde quedar\u00e1n expresados los sentimientos de libertad de la Raza Inmortal del 14 de junio de 1959.<\/span><\/p>\n<\/p>\n<p><span class=\"text1noticias\">?El monumento que tendr\u00e1 m\u00e1s de 6 metros de altura contar\u00e1 con una tarja alegor\u00eda al hist\u00f3rico hecho, una estatua que representar\u00e1 a los  expedicionarios del 14 de junio de 1959, un \u00e1rbol por cada uno de los a\u00f1o de conmemoraci\u00f3n hasta completar 50 y una jardiner\u00eda acorde con el \u00e1rea?, dijo Van Der Horst.<\/span><\/p>\n<\/p>\n<p><span class=\"text1noticias\">En la ciudad de Constanza reina un gran entusiasmo por las actividades que se est\u00e1n organizando con motivo de la inauguraci\u00f3n de este monumento en honor a la Raza Inmortal del 14 de junio de 1959, acto que se efectuar\u00e1 el 13 de junio del presente a\u00f1o con la presencia del Presidente de la Rep\u00fablica, Leonel Fern\u00e1ndez Reyna.<\/span><\/p>\n<\/p>\n<p><span class=\"text1noticias\">El Presidente Leonel Fern\u00e1ndez cre\u00f3 mediante el Decreto No.55-09 una comisi\u00f3n encargada de la organizaci\u00f3n de los actos conmemorativos del 50 aniversario  de la Gesta heroica del 14 y 20 de junio de 1959, La Raza Inmortal.<\/span><\/p>\n<\/p>\n<p><span class=\"text1noticias\">La comisi\u00f3n la integran Rafael P\u00e9rez Modesto, Coordinador,           Juan Daniel Balc\u00e1cer,  presidente de la Comisi\u00f3n Permanente de Efem\u00e9rides Patria, los sobrevivientes; Poncio Pou Saleta, Mayobanex Vargas Vargas, Delio G\u00f3mez Ochoa.<\/span><\/p>\n<\/p>\n<p><span class=\"text1noticias\">Integran adem\u00e1s la comisi\u00f3n Arnulfo Reyes, en representaci\u00f3n de la Federaci\u00f3n de Fundaciones Patri\u00f3ticas, Porfirio Rodr\u00edguez de la Fundaci\u00f3n H\u00e9roes de Constanza, Maim\u00f3n y Estero Hondo  y representantes de las secretarias de Educaci\u00f3n y de Cultura.<\/span><\/p>\n<\/p>\n<p><span class=\"text1noticias\">Con motivo del 50 aniversario de la Raza Inmortal se ha elaborado un amplio programa de actividades que incluye la Inauguraci\u00f3n de la Sala Memorial en el Centro de los H\u00e9roes, Constanza y Estero Hondo, el d\u00eda 10 de junio, el d\u00eda 12 se realizar\u00e1 el panel ?14 de Junio? en el Club Espa\u00f1ol de Constanza con la participaci\u00f3n de Chemo Brache, Carmen Dur\u00e1n y Juan Daniel Balc\u00e1cer, el 13 la inauguraci\u00f3n del Monumento a los H\u00e9roes del 14 de junio en Constanza.<\/span><\/p>\n<\/p>\n<p><span class=\"text1noticias\">El d\u00eda 14 se oficiar\u00e1 una misa en la iglesia La Paz del Centro de los  H\u00e9roes el honor a los ca\u00eddos, dicha eucarist\u00eda estar\u00e1n presidida por su Excelencia Reverend\u00edsima, Monse\u00f1or de Jes\u00fas Cardenal Cardenal Nicol\u00e1s de Jes\u00fas L\u00f3pez Rodr\u00edguez.<\/span><\/p>\n<\/p>\n<p><span class=\"text1noticias\">Continuar\u00e1n las actividades con unas series de conferencias en las provincias y la capital, el <\/span><\/p>\n<p><span class=\"text1noticias\">desvelizamiento de una estatua en honor a los expedicionarios en la estaci\u00f3n del Metro de Santo Domingo en el Centro de los  H\u00e9roes y una jordana de reforestaci\u00f3n en la Cordillera Central, auspiciada por la Secretaria de Medio Ambiente y la Comisi\u00f3n encargada de la organizaci\u00f3n de 50 aniversario de la Raza Inmortal.<\/span><\/p>\n<h6> 2009-05-25 18:53:12 <\/h6>\n<p><!--\n<link rel=\"stylesheet\" href=\"css\/bootstrap.min.css\">\n\n\n<ul class=\"pagination\">\n\t    \n\t\n\n<li >\n\t<a href='?page_no=21677'>Previous<\/a>\n\t<\/li>\n\n\n       \n    \n\n<li><a href='?page_no=1'>1<\/a><\/li>\n\n\n\n<li><a href='?page_no=2'>2<\/a><\/li>\n\n\n\n<li><a>...<\/a><\/li>\n\n\n\n<li><a href='?page_no=21676'>21676<\/a><\/li>\n\n\n\n<li><a href='?page_no=21677'>21677<\/a><\/li>\n\n\n\n<li class='active'><a>21678<\/a><\/li>\n\n\n\n<li><a href='?page_no=21679'>21679<\/a><\/li>\n\n\n\n<li><a href='?page_no=21680'>21680<\/a><\/li>\n\n\n\n<li><a>...<\/a><\/li>\n\n\n\n<li><a href='?page_no=22911'>22911<\/a><\/li>\n\n\n\n<li><a href='?page_no=22912'>22912<\/a><\/li>\n\n    \n\t\n\n<li >\n\t<a href='?page_no=21679'>Next<\/a>\n\t<\/li>\n\n\n    \n\n<li><a href='?page_no=22912'>Last &rsaquo;&rsaquo;<\/a><\/li>\n\n<\/ul>\n\n\n--><br \/>\n<\/body><\/p>\n","protected":false},"excerpt":{"rendered":"<p>Est\u00e1n avanzados los trabajos de construcci\u00f3n del monumento que se erige en honor a los expedicionarios del 14 de junio del 1959 en Constanza, uno de los lugares donde desembarcaron tropas opositoras al r\u00e9gimen sangriento de Rafael L. Trujillo Molina. El monumento para reverenciar a los m\u00e1rtires de la Raza Inmortal se construyen justo en [&hellip;]<\/p>\n","protected":false},"author":3,"featured_media":0,"comment_status":"open","ping_status":"open","sticky":false,"template":"","format":"standard","meta":{"footnotes":""},"categories":[21],"tags":[],"class_list":["post-70000","post","type-post","status-publish","format-standard","hentry","category-cultura"],"_links":{"self":[{"href":"https:\/\/diariodominicano.com\/index.php?rest_route=\/wp\/v2\/posts\/70000","targetHints":{"allow":["GET"]}}],"collection":[{"href":"https:\/\/diariodominicano.com\/index.php?rest_route=\/wp\/v2\/posts"}],"about":[{"href":"https:\/\/diariodominicano.com\/index.php?rest_route=\/wp\/v2\/types\/post"}],"author":[{"embeddable":true,"href":"https:\/\/diariodominicano.com\/index.php?rest_route=\/wp\/v2\/users\/3"}],"replies":[{"embeddable":true,"href":"https:\/\/diariodominicano.com\/index.php?rest_route=%2Fwp%2Fv2%2Fcomments&post=70000"}],"version-history":[{"count":0,"href":"https:\/\/diariodominicano.com\/index.php?rest_route=\/wp\/v2\/posts\/70000\/revisions"}],"wp:attachment":[{"href":"https:\/\/diariodominicano.com\/index.php?rest_route=%2Fwp%2Fv2%2Fmedia&parent=70000"}],"wp:term":[{"taxonomy":"category","embeddable":true,"href":"https:\/\/diariodominicano.com\/index.php?rest_route=%2Fwp%2Fv2%2Fcategories&post=70000"},{"taxonomy":"post_tag","embeddable":true,"href":"https:\/\/diariodominicano.com\/index.php?rest_route=%2Fwp%2Fv2%2Ftags&post=70000"}],"curies":[{"name":"wp","href":"https:\/\/api.w.org\/{rel}","templated":true}]}}