{"id":69999,"date":"2009-05-25T20:17:57","date_gmt":"2009-05-25T20:17:57","guid":{"rendered":"http:\/\/diariodominicano.ddns.net\/?p=69999"},"modified":"2009-05-25T20:17:57","modified_gmt":"2009-05-25T20:17:57","slug":"dedicaran-vi-festival-internacional-de-teatro-a-maricusa-ornes-y-a-eduardo-di-mauro","status":"publish","type":"post","link":"https:\/\/diariodominicano.com\/?p=69999","title":{"rendered":"Dedicar\u00e1n VI Festival Internacional de Teatro a Maricusa Ornes y a Eduardo Di Mauro"},"content":{"rendered":"<p><body><\/p>\n<p><img decoding=\"async\" src=\"http:\/\/localhost:8080\/img3\/teato.jpg\" \/>  <\/p>\n<p><span class=\"text1noticias\">La fiesta teatral m\u00e1s importante del pa\u00eds ser\u00e1 celebrada del 17 al 24 de junio en el Palacio de Bellas Artes.<\/span><\/p>\n<\/p>\n<p><span class=\"text1noticias\">El VI Festival Internacional de Teatro de Santo Domingo (FITE), en su sexta edici\u00f3n, se dedica este a\u00f1o a Maricusa Ornes, directora teatral dominicana  pionera de la poes\u00eda dramatizada y maestra de cinco generaciones de teatristas en Rep\u00fablica Dominicana y Puerto Rico.  Se llevar\u00e1 a cabo en el Palacio de Bellas Artes, desde el domingo 17 hasta el domingo 24 de junio.<\/span><\/p>\n<\/p>\n<p><span class=\"text1noticias\">La figura internacional homenajeada lo ser\u00e1 el maestro titiritero Eduardo Di Mauro, a quien se le rendir\u00e1 tributo por el impulso que sus ense\u00f1anzas significaron para el desarrollo del teatro gui\u00f1ol en Rep\u00fablica Dominicana. <\/span><\/p>\n<\/p>\n<p><span class=\"text1noticias\">Maricusa Ornes y Eduardo Di Mauro son dos maestros que han dedicado su vida a la ense\u00f1anza y proyecci\u00f3n del teatro infantil, quienes han hecho grandes aportes en este rengl\u00f3n. <\/span><\/p>\n<\/p>\n<p><span class=\"text1noticias\">El VI Festival Internacional de Teatro cuenta, en esta ocasi\u00f3n con una  programaci\u00f3n internacional que incluye 17 compa\u00f1\u00edas de teatro procedentes de 9 pa\u00edses, 19 compa\u00f1\u00edas nacionales y un total de 38 espect\u00e1culos en 8 d\u00edas de presentaciones.   <\/span><\/p>\n<\/p>\n<p><span class=\"text1noticias\">Los detalles del evento ser\u00e1n dados a conocer en Rueda de Prensa que ser\u00e1 celebrada el pr\u00f3ximo lunes 1 de junio, en el Sal\u00f3n de los Espejos, en el Palacio de Bellas Artes, a las 6:00 de la tarde.<\/span><\/p>\n<\/p>\n<p><span class=\"text1noticias\">Recientemente, los integrantes de la Comisi\u00f3n Organizadora y el equipo coordinador del evento se instalaron  en las nuevas oficinas de la Direcci\u00f3n Nacional e Internacional de Festivales, ubicadas en el ala oeste del Palacio de Bellas Artes, espacio en el que se aprestan los preparativos para la celebraci\u00f3n de la fiesta teatral m\u00e1s importante del pa\u00eds.  <\/span><\/p>\n<\/p>\n<p><span class=\"text1noticias\">La Comisi\u00f3n Organizadora del FITE 2009  la componen Bernarda Jorge, Subsecretaria de Creatividad y Participaci\u00f3n Popular; Karina Noble, Directora Ejecutiva; Basilio Nova, Director del Centro Cultural Narciso Gonz\u00e1lez; Carlota Carretero, Directora del Teatro Rodante Dominicano;  Elvira Taveras, Directora de la Compa\u00f1\u00eda Nacional de Teatro; Radham\u00e9s Polanco, Asesor Teatral de la Secretar\u00eda de Estado de Cultura; y Freddy Ginebra, Comisario y Consultor del Comit\u00e9 de Teatro. <\/span><\/p>\n<h6> 2009-05-25 20:17:57 <\/h6>\n<p><!--\n<link rel=\"stylesheet\" href=\"css\/bootstrap.min.css\">\n\n\n<ul class=\"pagination\">\n\t    \n\t\n\n<li >\n\t<a href='?page_no=21676'>Previous<\/a>\n\t<\/li>\n\n\n       \n    \n\n<li><a href='?page_no=1'>1<\/a><\/li>\n\n\n\n<li><a href='?page_no=2'>2<\/a><\/li>\n\n\n\n<li><a>...<\/a><\/li>\n\n\n\n<li><a href='?page_no=21675'>21675<\/a><\/li>\n\n\n\n<li><a href='?page_no=21676'>21676<\/a><\/li>\n\n\n\n<li class='active'><a>21677<\/a><\/li>\n\n\n\n<li><a href='?page_no=21678'>21678<\/a><\/li>\n\n\n\n<li><a href='?page_no=21679'>21679<\/a><\/li>\n\n\n\n<li><a>...<\/a><\/li>\n\n\n\n<li><a href='?page_no=22911'>22911<\/a><\/li>\n\n\n\n<li><a href='?page_no=22912'>22912<\/a><\/li>\n\n    \n\t\n\n<li >\n\t<a href='?page_no=21678'>Next<\/a>\n\t<\/li>\n\n\n    \n\n<li><a href='?page_no=22912'>Last &rsaquo;&rsaquo;<\/a><\/li>\n\n<\/ul>\n\n\n--><br \/>\n<\/body><\/p>\n","protected":false},"excerpt":{"rendered":"<p>La fiesta teatral m\u00e1s importante del pa\u00eds ser\u00e1 celebrada del 17 al 24 de junio en el Palacio de Bellas Artes. El VI Festival Internacional de Teatro de Santo Domingo (FITE), en su sexta edici\u00f3n, se dedica este a\u00f1o a Maricusa Ornes, directora teatral dominicana pionera de la poes\u00eda dramatizada y maestra de cinco generaciones [&hellip;]<\/p>\n","protected":false},"author":3,"featured_media":0,"comment_status":"open","ping_status":"open","sticky":false,"template":"","format":"standard","meta":{"footnotes":""},"categories":[21],"tags":[],"class_list":["post-69999","post","type-post","status-publish","format-standard","hentry","category-cultura"],"_links":{"self":[{"href":"https:\/\/diariodominicano.com\/index.php?rest_route=\/wp\/v2\/posts\/69999","targetHints":{"allow":["GET"]}}],"collection":[{"href":"https:\/\/diariodominicano.com\/index.php?rest_route=\/wp\/v2\/posts"}],"about":[{"href":"https:\/\/diariodominicano.com\/index.php?rest_route=\/wp\/v2\/types\/post"}],"author":[{"embeddable":true,"href":"https:\/\/diariodominicano.com\/index.php?rest_route=\/wp\/v2\/users\/3"}],"replies":[{"embeddable":true,"href":"https:\/\/diariodominicano.com\/index.php?rest_route=%2Fwp%2Fv2%2Fcomments&post=69999"}],"version-history":[{"count":0,"href":"https:\/\/diariodominicano.com\/index.php?rest_route=\/wp\/v2\/posts\/69999\/revisions"}],"wp:attachment":[{"href":"https:\/\/diariodominicano.com\/index.php?rest_route=%2Fwp%2Fv2%2Fmedia&parent=69999"}],"wp:term":[{"taxonomy":"category","embeddable":true,"href":"https:\/\/diariodominicano.com\/index.php?rest_route=%2Fwp%2Fv2%2Fcategories&post=69999"},{"taxonomy":"post_tag","embeddable":true,"href":"https:\/\/diariodominicano.com\/index.php?rest_route=%2Fwp%2Fv2%2Ftags&post=69999"}],"curies":[{"name":"wp","href":"https:\/\/api.w.org\/{rel}","templated":true}]}}