{"id":69998,"date":"2009-05-25T20:22:35","date_gmt":"2009-05-25T20:22:35","guid":{"rendered":"http:\/\/diariodominicano.ddns.net\/?p=69998"},"modified":"2009-05-25T20:22:35","modified_gmt":"2009-05-25T20:22:35","slug":"direccion-de-proyectos-infantiles-y-juveniles-de-la-sec-imparte-taller-de-juguetes-tradicionales-en-el-liceo-experimental-de-la-uasd","status":"publish","type":"post","link":"https:\/\/diariodominicano.com\/?p=69998","title":{"rendered":"Direcci\u00f3n  de  Proyectos  Infantiles  y  Juveniles  de  la  SEC  imparte Taller  de  Juguetes  Tradicionales  en  el  Liceo  Experimental  de  la  UASD"},"content":{"rendered":"<p><body><\/p>\n<p><img decoding=\"async\" src=\"http:\/\/localhost:8080\/img3\/jugete.jpg\" \/>  <\/p>\n<p><span class=\"text1noticias\">La  Direcci\u00f3n  de  Proyectos  Infantiles  y  Juveniles  imparti\u00f3  un  taller  de juguetes  tradicionales,  dirigido a maestros y estudiantes de la  Escuela  primaria  Santa  Teresa  de Jes\u00fas (Liceo  Experimental  de  la  UASD), con  m\u00e1s  de  quince  participantes.<\/span><\/p>\n<\/p>\n<p><span class=\"text1noticias\">El  taller  estuvo  a  cargo  de  Angel  Mariano, gestor  cultural  de  la  SEC, quien  destac\u00f3  la  creatividad  y  entrega  de  los  maestros  y  estudiantes  que  participan  en  los  mismos, ?se  les  presentan  propuestas  y  ellos  las  acogen,  pero  tambi\u00e9n  sugieren  nuevos  dise\u00f1os?.<\/span><\/p>\n<\/p>\n<p><span class=\"text1noticias\">Iris  Mart\u00ednez,  profesora  de  Educaci\u00f3n  Art\u00edstica  de  la  escuela,  resalt\u00f3  la  importancia  de  los  talleres  por  tratarse  de  materiales  desechables  y  de  f\u00e1cil  acceso  para  los  estudiantes,  adem\u00e1s  de  que  los  motiva  a  poner  en  pr\u00e1ctica  su  creatividad. <\/span><\/p>\n<\/p>\n<p><span class=\"text1noticias\">Agreg\u00f3,  que  en  todas  las  escuelas  y  recintos  educativos  deben  programarse  estos  talleres, ?ya  que  contamos  con  el  apoyo  de  una  instituci\u00f3n  como  la  Secretar\u00eda  de  Estado  de  Cultura, a  trav\u00e9s  de  su  direcci\u00f3n  infantil  y  juvenil.<\/span><\/p>\n<\/p>\n<p><span class=\"text1noticias\">El  taller  se  llev\u00f3  a  cabo  el  pasado  22  de  mayo, a  las  10:00  de  la  ma\u00f1ana,  en  el  plantel  de  ese  centro  educativo.  <\/span><\/p>\n<h6> 2009-05-25 20:22:35 <\/h6>\n<p><!--\n<link rel=\"stylesheet\" href=\"css\/bootstrap.min.css\">\n\n\n<ul class=\"pagination\">\n\t    \n\t\n\n<li >\n\t<a href='?page_no=21675'>Previous<\/a>\n\t<\/li>\n\n\n       \n    \n\n<li><a href='?page_no=1'>1<\/a><\/li>\n\n\n\n<li><a href='?page_no=2'>2<\/a><\/li>\n\n\n\n<li><a>...<\/a><\/li>\n\n\n\n<li><a href='?page_no=21674'>21674<\/a><\/li>\n\n\n\n<li><a href='?page_no=21675'>21675<\/a><\/li>\n\n\n\n<li class='active'><a>21676<\/a><\/li>\n\n\n\n<li><a href='?page_no=21677'>21677<\/a><\/li>\n\n\n\n<li><a href='?page_no=21678'>21678<\/a><\/li>\n\n\n\n<li><a>...<\/a><\/li>\n\n\n\n<li><a href='?page_no=22911'>22911<\/a><\/li>\n\n\n\n<li><a href='?page_no=22912'>22912<\/a><\/li>\n\n    \n\t\n\n<li >\n\t<a href='?page_no=21677'>Next<\/a>\n\t<\/li>\n\n\n    \n\n<li><a href='?page_no=22912'>Last &rsaquo;&rsaquo;<\/a><\/li>\n\n<\/ul>\n\n\n--><br \/>\n<\/body><\/p>\n","protected":false},"excerpt":{"rendered":"<p>La Direcci\u00f3n de Proyectos Infantiles y Juveniles imparti\u00f3 un taller de juguetes tradicionales, dirigido a maestros y estudiantes de la Escuela primaria Santa Teresa de Jes\u00fas (Liceo Experimental de la UASD), con m\u00e1s de quince participantes. El taller estuvo a cargo de Angel Mariano, gestor cultural de la SEC, quien destac\u00f3 la creatividad y entrega [&hellip;]<\/p>\n","protected":false},"author":3,"featured_media":0,"comment_status":"open","ping_status":"open","sticky":false,"template":"","format":"standard","meta":{"footnotes":""},"categories":[21],"tags":[],"class_list":["post-69998","post","type-post","status-publish","format-standard","hentry","category-cultura"],"_links":{"self":[{"href":"https:\/\/diariodominicano.com\/index.php?rest_route=\/wp\/v2\/posts\/69998","targetHints":{"allow":["GET"]}}],"collection":[{"href":"https:\/\/diariodominicano.com\/index.php?rest_route=\/wp\/v2\/posts"}],"about":[{"href":"https:\/\/diariodominicano.com\/index.php?rest_route=\/wp\/v2\/types\/post"}],"author":[{"embeddable":true,"href":"https:\/\/diariodominicano.com\/index.php?rest_route=\/wp\/v2\/users\/3"}],"replies":[{"embeddable":true,"href":"https:\/\/diariodominicano.com\/index.php?rest_route=%2Fwp%2Fv2%2Fcomments&post=69998"}],"version-history":[{"count":0,"href":"https:\/\/diariodominicano.com\/index.php?rest_route=\/wp\/v2\/posts\/69998\/revisions"}],"wp:attachment":[{"href":"https:\/\/diariodominicano.com\/index.php?rest_route=%2Fwp%2Fv2%2Fmedia&parent=69998"}],"wp:term":[{"taxonomy":"category","embeddable":true,"href":"https:\/\/diariodominicano.com\/index.php?rest_route=%2Fwp%2Fv2%2Fcategories&post=69998"},{"taxonomy":"post_tag","embeddable":true,"href":"https:\/\/diariodominicano.com\/index.php?rest_route=%2Fwp%2Fv2%2Ftags&post=69998"}],"curies":[{"name":"wp","href":"https:\/\/api.w.org\/{rel}","templated":true}]}}