{"id":69997,"date":"2009-05-26T13:07:33","date_gmt":"2009-05-26T13:07:33","guid":{"rendered":"http:\/\/diariodominicano.ddns.net\/?p=69997"},"modified":"2009-05-26T13:07:33","modified_gmt":"2009-05-26T13:07:33","slug":"consulado-dominicano-en-milan-italia-realiza-conferencia-con-motivo-centenario-del-profesor-juan-bosch","status":"publish","type":"post","link":"https:\/\/diariodominicano.com\/?p=69997","title":{"rendered":"Consulado dominicano en Mil\u00e1n, Italia  realiza conferencia con motivo Centenario del profesor Juan Bosch."},"content":{"rendered":"<p><body><\/p>\n<p><img decoding=\"async\" src=\"http:\/\/localhost:8080\/img3\/milan.jpg\" \/>  <\/p>\n<p><span class=\"text1noticias\">Mil\u00e1n, Italia. El Consulado dominicano de Mil\u00e1n, Italia encabezado por Natacha S\u00e1nchez, celebr\u00f3 una conferencia sobre el tema \u00abLa Visi\u00f3n del Caribe en Juan Bosch\u00b4\u00b4.  A cargo de la poeta y escritora Sherezade (CHIQUI) Vicioso, actividad organizada  como parte del Centenario del nacimiento del profesor Juan Bosch; prominente pol\u00edtico y una de las  m\u00e1s destacadas figuras de las pol\u00edticas, letras dominicanas y americanas. <\/span><\/p>\n<\/p>\n<p><span class=\"text1noticias\">Evento fue celebrado en el Instituto Cervantes de Mil\u00e1n. El Poder Ejecutivo declar\u00f3 mediante decreto n\u00famero 247-08 el  a\u00f1o 2009 como ?A\u00f1o del Centenario del Natalicio de Juan Bosch?.<\/span><\/p>\n<h6> 2009-05-26 13:07:33 <\/h6>\n<p><!--\n<link rel=\"stylesheet\" href=\"css\/bootstrap.min.css\">\n\n\n<ul class=\"pagination\">\n\t    \n\t\n\n<li >\n\t<a href='?page_no=21674'>Previous<\/a>\n\t<\/li>\n\n\n       \n    \n\n<li><a href='?page_no=1'>1<\/a><\/li>\n\n\n\n<li><a href='?page_no=2'>2<\/a><\/li>\n\n\n\n<li><a>...<\/a><\/li>\n\n\n\n<li><a href='?page_no=21673'>21673<\/a><\/li>\n\n\n\n<li><a href='?page_no=21674'>21674<\/a><\/li>\n\n\n\n<li class='active'><a>21675<\/a><\/li>\n\n\n\n<li><a href='?page_no=21676'>21676<\/a><\/li>\n\n\n\n<li><a href='?page_no=21677'>21677<\/a><\/li>\n\n\n\n<li><a>...<\/a><\/li>\n\n\n\n<li><a href='?page_no=22911'>22911<\/a><\/li>\n\n\n\n<li><a href='?page_no=22912'>22912<\/a><\/li>\n\n    \n\t\n\n<li >\n\t<a href='?page_no=21676'>Next<\/a>\n\t<\/li>\n\n\n    \n\n<li><a href='?page_no=22912'>Last &rsaquo;&rsaquo;<\/a><\/li>\n\n<\/ul>\n\n\n--><br \/>\n<\/body><\/p>\n","protected":false},"excerpt":{"rendered":"<p>Mil\u00e1n, Italia. El Consulado dominicano de Mil\u00e1n, Italia encabezado por Natacha S\u00e1nchez, celebr\u00f3 una conferencia sobre el tema \u00abLa Visi\u00f3n del Caribe en Juan Bosch\u00b4\u00b4. A cargo de la poeta y escritora Sherezade (CHIQUI) Vicioso, actividad organizada como parte del Centenario del nacimiento del profesor Juan Bosch; prominente pol\u00edtico y una de las m\u00e1s destacadas [&hellip;]<\/p>\n","protected":false},"author":3,"featured_media":0,"comment_status":"open","ping_status":"open","sticky":false,"template":"","format":"standard","meta":{"footnotes":""},"categories":[21],"tags":[],"class_list":["post-69997","post","type-post","status-publish","format-standard","hentry","category-cultura"],"_links":{"self":[{"href":"https:\/\/diariodominicano.com\/index.php?rest_route=\/wp\/v2\/posts\/69997","targetHints":{"allow":["GET"]}}],"collection":[{"href":"https:\/\/diariodominicano.com\/index.php?rest_route=\/wp\/v2\/posts"}],"about":[{"href":"https:\/\/diariodominicano.com\/index.php?rest_route=\/wp\/v2\/types\/post"}],"author":[{"embeddable":true,"href":"https:\/\/diariodominicano.com\/index.php?rest_route=\/wp\/v2\/users\/3"}],"replies":[{"embeddable":true,"href":"https:\/\/diariodominicano.com\/index.php?rest_route=%2Fwp%2Fv2%2Fcomments&post=69997"}],"version-history":[{"count":0,"href":"https:\/\/diariodominicano.com\/index.php?rest_route=\/wp\/v2\/posts\/69997\/revisions"}],"wp:attachment":[{"href":"https:\/\/diariodominicano.com\/index.php?rest_route=%2Fwp%2Fv2%2Fmedia&parent=69997"}],"wp:term":[{"taxonomy":"category","embeddable":true,"href":"https:\/\/diariodominicano.com\/index.php?rest_route=%2Fwp%2Fv2%2Fcategories&post=69997"},{"taxonomy":"post_tag","embeddable":true,"href":"https:\/\/diariodominicano.com\/index.php?rest_route=%2Fwp%2Fv2%2Ftags&post=69997"}],"curies":[{"name":"wp","href":"https:\/\/api.w.org\/{rel}","templated":true}]}}