{"id":69996,"date":"2009-05-26T17:14:23","date_gmt":"2009-05-26T17:14:23","guid":{"rendered":"http:\/\/diariodominicano.ddns.net\/?p=69996"},"modified":"2009-05-26T17:14:23","modified_gmt":"2009-05-26T17:14:23","slug":"con-la-apertura-de-chaly-cups-n-cakes-grupo-chaly-celebra-su-25-aniversario","status":"publish","type":"post","link":"https:\/\/diariodominicano.com\/?p=69996","title":{"rendered":"CON LA APERTURA DE CHALY CUPS N? CAKES GRUPO CHALY CELEBRA SU 25 ANIVERSARIO"},"content":{"rendered":"<p><body><\/p>\n<p><img decoding=\"async\" src=\"http:\/\/localhost:8080\/img3\/cake.jpg\" \/>  <\/p>\n<p><span class=\"text1noticias\">Con creatividad, buen gusto y alegr\u00eda:<\/span><\/p>\n<\/p>\n<p><span class=\"text1noticias\">El Grupo Chaly se visti\u00f3 de fiesta para celebrar su 25 aniversario, que trae consigo el nacimiento de un nuevo miembro en la familia: Chaly Cups n? Cakes.  Este es un lugar acogedor donde podremos degustar de los mejores dulces, bocadillos, jugos y el mejor caf\u00e9 de la ciudad, ubicado en la Gustavo Mej\u00eda Ricart no. 66, al lado de Chaly Fiesta, en el Ensanche Naco.<\/span><\/p>\n<\/p>\n<p><span class=\"text1noticias\">El Grupo Chaly a trav\u00e9s de Chaly Fiesta y Chaly Eventos, ofrece la m\u00e1s bella selecci\u00f3n de art\u00edculos para fiestas, regalos, alquileres, bocadillos, dulces, bizcocho, en fin, todos los detalles que se necesitan para que su evento sea m\u00e1gico y perfecto, en manos de verdaderas expertas como son Carolina, Lilliam y Chagu\u00edn, cari\u00f1osamente conocidas como las hermanas Rodr\u00edguez. Estas son hijas de Do\u00f1a Petra, la pionera de esta tradici\u00f3n familiar, que ha ido pasando de generaci\u00f3n en generaci\u00f3n, con la inclusi\u00f3n de Carolina Beatriz, siempre teniendo como principal motor el servicio personalizado a sus clientes ofreciendo siempre innovadoras y hermosas creaciones.<\/span><\/p>\n<\/p>\n<p><span class=\"text1noticias\">Las instalaciones de Chaly Fiesta fueron el escenario perfecto para celebrar la ocasi\u00f3n, con un bello montaje, coloridos bizcochos y gigantes tazas, bajo la espectacular iluminaci\u00f3n de Luis Sturla de Xpress Lighting. <\/span><\/p>\n<\/p>\n<p><span class=\"text1noticias\">Fue un verdadero derroche de creatividad, buen gusto y alegr\u00eda, donde se dieron cita los suplidores, allegados y fieles clientes que han apoyado, a lo largo de sus 25 a\u00f1os, al Grupo Chaly. <\/span><\/p>\n<\/p>\n<p><span class=\"text1noticias\">La actividad tuvo inicio a las 6:30 pm y cont\u00f3 con la maestr\u00eda de ceremonia de la comunicadora Laura Isabel S\u00e1nchez, quien dio la bienvenida a los presentes, siguiendo con las palabras de Chagu\u00edn, Joseph Coh\u00e9n y Carolina Beatriz, quienes explicaron la trayectoria que ha tenido el Grupo Chaly durante los 25 a\u00f1os en el mercado dominicano y el concepto del nuevo miembro, Chaly Cups n? Cakes. Tambi\u00e9n aprovecharon la ocasi\u00f3n para reconocer a la primera colaboradora con quien han contado desde sus inicios hasta la fecha. <\/span><\/p>\n<h6> 2009-05-26 17:14:23 <\/h6>\n<p><!--\n<link rel=\"stylesheet\" href=\"css\/bootstrap.min.css\">\n\n\n<ul class=\"pagination\">\n\t    \n\t\n\n<li >\n\t<a href='?page_no=21673'>Previous<\/a>\n\t<\/li>\n\n\n       \n    \n\n<li><a href='?page_no=1'>1<\/a><\/li>\n\n\n\n<li><a href='?page_no=2'>2<\/a><\/li>\n\n\n\n<li><a>...<\/a><\/li>\n\n\n\n<li><a href='?page_no=21672'>21672<\/a><\/li>\n\n\n\n<li><a href='?page_no=21673'>21673<\/a><\/li>\n\n\n\n<li class='active'><a>21674<\/a><\/li>\n\n\n\n<li><a href='?page_no=21675'>21675<\/a><\/li>\n\n\n\n<li><a href='?page_no=21676'>21676<\/a><\/li>\n\n\n\n<li><a>...<\/a><\/li>\n\n\n\n<li><a href='?page_no=22911'>22911<\/a><\/li>\n\n\n\n<li><a href='?page_no=22912'>22912<\/a><\/li>\n\n    \n\t\n\n<li >\n\t<a href='?page_no=21675'>Next<\/a>\n\t<\/li>\n\n\n    \n\n<li><a href='?page_no=22912'>Last &rsaquo;&rsaquo;<\/a><\/li>\n\n<\/ul>\n\n\n--><br \/>\n<\/body><\/p>\n","protected":false},"excerpt":{"rendered":"<p>Con creatividad, buen gusto y alegr\u00eda: El Grupo Chaly se visti\u00f3 de fiesta para celebrar su 25 aniversario, que trae consigo el nacimiento de un nuevo miembro en la familia: Chaly Cups n? Cakes. Este es un lugar acogedor donde podremos degustar de los mejores dulces, bocadillos, jugos y el mejor caf\u00e9 de la ciudad, [&hellip;]<\/p>\n","protected":false},"author":3,"featured_media":0,"comment_status":"open","ping_status":"open","sticky":false,"template":"","format":"standard","meta":{"footnotes":""},"categories":[21],"tags":[],"class_list":["post-69996","post","type-post","status-publish","format-standard","hentry","category-cultura"],"_links":{"self":[{"href":"https:\/\/diariodominicano.com\/index.php?rest_route=\/wp\/v2\/posts\/69996","targetHints":{"allow":["GET"]}}],"collection":[{"href":"https:\/\/diariodominicano.com\/index.php?rest_route=\/wp\/v2\/posts"}],"about":[{"href":"https:\/\/diariodominicano.com\/index.php?rest_route=\/wp\/v2\/types\/post"}],"author":[{"embeddable":true,"href":"https:\/\/diariodominicano.com\/index.php?rest_route=\/wp\/v2\/users\/3"}],"replies":[{"embeddable":true,"href":"https:\/\/diariodominicano.com\/index.php?rest_route=%2Fwp%2Fv2%2Fcomments&post=69996"}],"version-history":[{"count":0,"href":"https:\/\/diariodominicano.com\/index.php?rest_route=\/wp\/v2\/posts\/69996\/revisions"}],"wp:attachment":[{"href":"https:\/\/diariodominicano.com\/index.php?rest_route=%2Fwp%2Fv2%2Fmedia&parent=69996"}],"wp:term":[{"taxonomy":"category","embeddable":true,"href":"https:\/\/diariodominicano.com\/index.php?rest_route=%2Fwp%2Fv2%2Fcategories&post=69996"},{"taxonomy":"post_tag","embeddable":true,"href":"https:\/\/diariodominicano.com\/index.php?rest_route=%2Fwp%2Fv2%2Ftags&post=69996"}],"curies":[{"name":"wp","href":"https:\/\/api.w.org\/{rel}","templated":true}]}}