{"id":69995,"date":"2009-05-26T17:19:31","date_gmt":"2009-05-26T17:19:31","guid":{"rendered":"http:\/\/diariodominicano.ddns.net\/?p=69995"},"modified":"2009-05-26T17:19:31","modified_gmt":"2009-05-26T17:19:31","slug":"a-leer-con-juan-bosch-en-el-primer-festival-de-lectura-al-aire-libre","status":"publish","type":"post","link":"https:\/\/diariodominicano.com\/?p=69995","title":{"rendered":"?A Leer con Juan Bosch?, en el Primer Festival de Lectura al Aire Libre"},"content":{"rendered":"<p><body><\/p>\n<p><span class=\"text1noticias\">La Secretar\u00eda de Estado de Cultura y el Ayuntamiento Santo Domingo Este celebrar\u00e1n el pr\u00f3ximo mi\u00e9rcoles 27 de mayo del a\u00f1o en curso, el Primer Festival de Lecturas Al Aire Libre: ?A Leer con Juan Bosch?, en el Parque Juan Pablo II, de la Avenida Venezuela.<\/span><\/p>\n<\/p>\n<p><span class=\"text1noticias\">La actividad estar\u00e1 presidida por el Secretario de Estado de Cultura, licenciado Jos\u00e9  Rafael Lantigua, y el s\u00edndico del Ayuntamiento Santo Domingo Este, Juan de los Santos; quienes juntos a la Directora General del Libro y la Lectura, licenciada Eleanor Grimaldi  Sili\u00e9, quienes pronunciaran unas palabras a los asistentes al Primer Festival de Lecturas al Aire Libre. <\/span><\/p>\n<p><span class=\"text1noticias\"> <\/span><\/p>\n<p><span class=\"text1noticias\">El evento, que reunir\u00e1 a 120 estudiantes en compa\u00f1\u00eda de sus maestros de las diferentes escuelas y colegios del Municipio Santo Domingo Este, persigue que los alumnos puedan interactuar con escritores, poetas, gestores culturales y actores, quienes leer\u00e1n e interpretaran textos de don Juan Bosch, a fin de fomentar y promover la lectura.<\/span><\/p>\n<p><span class=\"text1noticias\"> <\/span><\/p>\n<p><span class=\"text1noticias\">El programa, el cual est\u00e1 dividido en dos jornadas durante el d\u00eda, contar\u00e1 con la   participaci\u00f3n especial del Grupo de Teatro Fundaci\u00f3n Educarte.  <\/span><\/p>\n<\/p>\n<p><span class=\"text1noticias\">En tanto que, las lecturas de fragmentos de las obras de don Juan Bosch, as\u00ed como cl\u00e1sicas, juveniles e infantiles estar\u00e1n a cargo de Grimaldi Sili\u00e9, Margarita Luciano,  Vicente Beras, Jos\u00e9 Miguel Dom\u00ednguez, Ana Br\u00edgida  G\u00f3mez, Jos\u00e9 Cepeda, Isael  P\u00e9rez, Mois\u00e9s Santana, Andr\u00e9s Toribio, V\u00edctor Bid\u00f3,  Rafael Hilario Medina y Mar\u00eda del Socorro Duque, entre otros escritores.<\/span><\/p>\n<\/p>\n<p><span class=\"text1noticias\">Para cerrar, el Teatro \u00c1tomo presentar\u00e1 la dramatizaci\u00f3n de ?Dos Pesos de Agua?, de Juan Bosch.<\/span><\/p>\n<\/p>\n<p><span class=\"text1noticias\">El Primer Festival de Lecturas al Aire Libre: ?A Leer con Juan Bosch? se produce en el a\u00f1o del Centenario de su Natalicio y est\u00e1 a cargo de la Direcci\u00f3n General del Libro y la Lectura, de la SEC; de la Direcci\u00f3n de Cultura de Santo Domingo Este y del Ayuntamiento Santo Domingo Este.<\/span><\/p>\n<h6> 2009-05-26 17:19:31 <\/h6>\n<p><!--\n<link rel=\"stylesheet\" href=\"css\/bootstrap.min.css\">\n\n\n<ul class=\"pagination\">\n\t    \n\t\n\n<li >\n\t<a href='?page_no=21672'>Previous<\/a>\n\t<\/li>\n\n\n       \n    \n\n<li><a href='?page_no=1'>1<\/a><\/li>\n\n\n\n<li><a href='?page_no=2'>2<\/a><\/li>\n\n\n\n<li><a>...<\/a><\/li>\n\n\n\n<li><a href='?page_no=21671'>21671<\/a><\/li>\n\n\n\n<li><a href='?page_no=21672'>21672<\/a><\/li>\n\n\n\n<li class='active'><a>21673<\/a><\/li>\n\n\n\n<li><a href='?page_no=21674'>21674<\/a><\/li>\n\n\n\n<li><a href='?page_no=21675'>21675<\/a><\/li>\n\n\n\n<li><a>...<\/a><\/li>\n\n\n\n<li><a href='?page_no=22911'>22911<\/a><\/li>\n\n\n\n<li><a href='?page_no=22912'>22912<\/a><\/li>\n\n    \n\t\n\n<li >\n\t<a href='?page_no=21674'>Next<\/a>\n\t<\/li>\n\n\n    \n\n<li><a href='?page_no=22912'>Last &rsaquo;&rsaquo;<\/a><\/li>\n\n<\/ul>\n\n\n--><br \/>\n<\/body><\/p>\n","protected":false},"excerpt":{"rendered":"<p>La Secretar\u00eda de Estado de Cultura y el Ayuntamiento Santo Domingo Este celebrar\u00e1n el pr\u00f3ximo mi\u00e9rcoles 27 de mayo del a\u00f1o en curso, el Primer Festival de Lecturas Al Aire Libre: ?A Leer con Juan Bosch?, en el Parque Juan Pablo II, de la Avenida Venezuela. La actividad estar\u00e1 presidida por el Secretario de Estado [&hellip;]<\/p>\n","protected":false},"author":3,"featured_media":0,"comment_status":"open","ping_status":"open","sticky":false,"template":"","format":"standard","meta":{"footnotes":""},"categories":[21],"tags":[],"class_list":["post-69995","post","type-post","status-publish","format-standard","hentry","category-cultura"],"_links":{"self":[{"href":"https:\/\/diariodominicano.com\/index.php?rest_route=\/wp\/v2\/posts\/69995","targetHints":{"allow":["GET"]}}],"collection":[{"href":"https:\/\/diariodominicano.com\/index.php?rest_route=\/wp\/v2\/posts"}],"about":[{"href":"https:\/\/diariodominicano.com\/index.php?rest_route=\/wp\/v2\/types\/post"}],"author":[{"embeddable":true,"href":"https:\/\/diariodominicano.com\/index.php?rest_route=\/wp\/v2\/users\/3"}],"replies":[{"embeddable":true,"href":"https:\/\/diariodominicano.com\/index.php?rest_route=%2Fwp%2Fv2%2Fcomments&post=69995"}],"version-history":[{"count":0,"href":"https:\/\/diariodominicano.com\/index.php?rest_route=\/wp\/v2\/posts\/69995\/revisions"}],"wp:attachment":[{"href":"https:\/\/diariodominicano.com\/index.php?rest_route=%2Fwp%2Fv2%2Fmedia&parent=69995"}],"wp:term":[{"taxonomy":"category","embeddable":true,"href":"https:\/\/diariodominicano.com\/index.php?rest_route=%2Fwp%2Fv2%2Fcategories&post=69995"},{"taxonomy":"post_tag","embeddable":true,"href":"https:\/\/diariodominicano.com\/index.php?rest_route=%2Fwp%2Fv2%2Ftags&post=69995"}],"curies":[{"name":"wp","href":"https:\/\/api.w.org\/{rel}","templated":true}]}}