{"id":69994,"date":"2009-05-26T18:13:27","date_gmt":"2009-05-26T18:13:27","guid":{"rendered":"http:\/\/diariodominicano.ddns.net\/?p=69994"},"modified":"2009-05-26T18:13:27","modified_gmt":"2009-05-26T18:13:27","slug":"presentan-la-exposicion-de-fotos-biodiversidad-en-republica-dominicana","status":"publish","type":"post","link":"https:\/\/diariodominicano.com\/?p=69994","title":{"rendered":"Presentan la exposici\u00f3n de fotos ?Biodiversidad en Rep\u00fablica Dominicana?"},"content":{"rendered":"<p><body><\/p>\n<p><img decoding=\"async\" src=\"img3\/expo.jpg\" \/>  <\/p>\n<p><span class=\"text1noticias\">M\u00e1s de 130 im\u00e1genes muestran en Santiago los tesoros \u00fanicos de la flora, la fauna y los ecosistemas del pa\u00eds <\/span><\/p>\n<\/p>\n<p><span class=\"text1noticias\">En ocasi\u00f3n del D\u00eda Internacional de la Biodiversidad, la Secretar\u00eda de Estado de Medio Ambiente y Recursos Naturales (SEMARENA) inaugur\u00f3 este viernes en Santiago una exposici\u00f3n con m\u00e1s de 130 fotograf\u00edas de Miguel \u00c1ngel Landestoy, Jos\u00e9 Alejandro \u00c1lvarez y Ricardo Briones. Gracias al respaldo de la Fundaci\u00f3n Propagas.<\/span><\/p>\n<\/p>\n<p><span class=\"text1noticias\">La muestra se exhibir\u00e1 al p\u00fablico durante un mes en la verja perimetral del Gran Teatro del Cibao. Presenta im\u00e1genes de especies end\u00e9micas y nativas de la flora y la fauna dominicana, que est\u00e1n amenazadas, as\u00ed como ecosistemas \u00fanicos que le sirven de h\u00e1bitat. Estas especies ilustran la conservaci\u00f3n in-situ, dentro del Sistema Nacional de \u00c1reas Protegidas (SINAP).<\/span><\/p>\n<\/p>\n<p><span class=\"text1noticias\">El tema de la biodiversidad est\u00e1 regido en el mundo por el Convenio sobre la Diversidad Biol\u00f3gica (CDB), que incluye a la Rep\u00fablica Dominicana. Para este a\u00f1o el tema del d\u00eda es ?Biodiversidad y especies ex\u00f3ticas invasoras?. \u00c9stas constituyen la segunda causa de p\u00e9rdida de biodiversidad. Para 2010 la meta de todos los pa\u00edses comprometidos es desacelerar el ritmo de la p\u00e9rdida de biodiversidad que se ha registrado en los \u00faltimos a\u00f1os, por eso el \u00e9nfasis en las especies invasoras.<\/span><\/p>\n<\/p>\n<p><span class=\"text1noticias\">El costo total anual a causa de las invasiones de especies ex\u00f3ticas se ha estimado, en forma conservadora, en cientos de miles de millones de d\u00f3lares. Incluye p\u00e9rdida de cultivos, pastizales y bosques, as\u00ed como da\u00f1os ambientales, control de costos y p\u00e9rdidas de mercados de productos agr\u00edcolas por presencia de plagas de inter\u00e9s cuarentenario. Esto sin incluir la valoraci\u00f3n de las extinciones de especies, p\u00e9rdida de la biodiversidad, los servicios ambientales de los ecosistemas y la est\u00e9tica.<\/span><\/p>\n<\/p>\n<p><span class=\"text1noticias\">Los objetivos generales de la CDB son conservar la biodiversidad, dar un uso sostenible a sus componentes y promover la participaci\u00f3n justa y equitativa de los beneficios resultantes de la utilizaci\u00f3n de los recursos gen\u00e9ticos.<\/span><\/p>\n<\/p>\n<p><span class=\"text1noticias\">En adici\u00f3n a la CDB, el pa\u00eds tambi\u00e9n se adhiri\u00f3 el 17 de diciembre de 1986 a la Convenci\u00f3n sobre el Comercio Internacional de Especies Amenazadas de Fauna y Flora Silvestres (CITES) y cuya aplicaci\u00f3n forma parte de la legislaci\u00f3n ambiental local, con car\u00e1cter internacional.<\/span><\/p>\n<h6> 2009-05-26 18:13:27 <\/h6>\n<p><!--\n<link rel=\"stylesheet\" href=\"css\/bootstrap.min.css\">\n\n\n<ul class=\"pagination\">\n\t    \n\t\n\n<li >\n\t<a href='?page_no=21671'>Previous<\/a>\n\t<\/li>\n\n\n       \n    \n\n<li><a href='?page_no=1'>1<\/a><\/li>\n\n\n\n<li><a href='?page_no=2'>2<\/a><\/li>\n\n\n\n<li><a>...<\/a><\/li>\n\n\n\n<li><a href='?page_no=21670'>21670<\/a><\/li>\n\n\n\n<li><a href='?page_no=21671'>21671<\/a><\/li>\n\n\n\n<li class='active'><a>21672<\/a><\/li>\n\n\n\n<li><a href='?page_no=21673'>21673<\/a><\/li>\n\n\n\n<li><a href='?page_no=21674'>21674<\/a><\/li>\n\n\n\n<li><a>...<\/a><\/li>\n\n\n\n<li><a href='?page_no=22911'>22911<\/a><\/li>\n\n\n\n<li><a href='?page_no=22912'>22912<\/a><\/li>\n\n    \n\t\n\n<li >\n\t<a href='?page_no=21673'>Next<\/a>\n\t<\/li>\n\n\n    \n\n<li><a href='?page_no=22912'>Last &rsaquo;&rsaquo;<\/a><\/li>\n\n<\/ul>\n\n\n--><br \/>\n<\/body><\/p>\n","protected":false},"excerpt":{"rendered":"<p>M\u00e1s de 130 im\u00e1genes muestran en Santiago los tesoros \u00fanicos de la flora, la fauna y los ecosistemas del pa\u00eds En ocasi\u00f3n del D\u00eda Internacional de la Biodiversidad, la Secretar\u00eda de Estado de Medio Ambiente y Recursos Naturales (SEMARENA) inaugur\u00f3 este viernes en Santiago una exposici\u00f3n con m\u00e1s de 130 fotograf\u00edas de Miguel \u00c1ngel Landestoy, [&hellip;]<\/p>\n","protected":false},"author":3,"featured_media":0,"comment_status":"open","ping_status":"open","sticky":false,"template":"","format":"standard","meta":{"footnotes":""},"categories":[21],"tags":[],"class_list":["post-69994","post","type-post","status-publish","format-standard","hentry","category-cultura"],"_links":{"self":[{"href":"https:\/\/diariodominicano.com\/index.php?rest_route=\/wp\/v2\/posts\/69994","targetHints":{"allow":["GET"]}}],"collection":[{"href":"https:\/\/diariodominicano.com\/index.php?rest_route=\/wp\/v2\/posts"}],"about":[{"href":"https:\/\/diariodominicano.com\/index.php?rest_route=\/wp\/v2\/types\/post"}],"author":[{"embeddable":true,"href":"https:\/\/diariodominicano.com\/index.php?rest_route=\/wp\/v2\/users\/3"}],"replies":[{"embeddable":true,"href":"https:\/\/diariodominicano.com\/index.php?rest_route=%2Fwp%2Fv2%2Fcomments&post=69994"}],"version-history":[{"count":0,"href":"https:\/\/diariodominicano.com\/index.php?rest_route=\/wp\/v2\/posts\/69994\/revisions"}],"wp:attachment":[{"href":"https:\/\/diariodominicano.com\/index.php?rest_route=%2Fwp%2Fv2%2Fmedia&parent=69994"}],"wp:term":[{"taxonomy":"category","embeddable":true,"href":"https:\/\/diariodominicano.com\/index.php?rest_route=%2Fwp%2Fv2%2Fcategories&post=69994"},{"taxonomy":"post_tag","embeddable":true,"href":"https:\/\/diariodominicano.com\/index.php?rest_route=%2Fwp%2Fv2%2Ftags&post=69994"}],"curies":[{"name":"wp","href":"https:\/\/api.w.org\/{rel}","templated":true}]}}