{"id":69993,"date":"2009-05-26T21:05:03","date_gmt":"2009-05-26T21:05:03","guid":{"rendered":"http:\/\/diariodominicano.ddns.net\/?p=69993"},"modified":"2009-05-26T21:05:03","modified_gmt":"2009-05-26T21:05:03","slug":"jazz-en-dominicana-2","status":"publish","type":"post","link":"https:\/\/diariodominicano.com\/?p=69993","title":{"rendered":"Jazz en dominicana"},"content":{"rendered":"<p><body><\/p>\n<p><img decoding=\"async\" src=\"img3\/jazz.jpg\" \/>  <\/p>\n<p><span class=\"text1noticias\">Jazz en Dominicana, proyecto dedicado a la difusi\u00f3n y presentaci\u00f3n del g\u00e9nero del Jazz, presenta DOS opciones de Jazz en vivo en Santo Domingo, ambas con originales programaciones y los mejores m\u00fasicos del g\u00e9nero en el pa\u00eds:<\/span><\/p>\n<\/p>\n<p><span class=\"text1noticias\">1.- Martes &#8211; 9:00p.m. &#8211;  Nu:bar Jazz Nights by Jazz en Dominicana en formato de duetos<\/span><\/p>\n<p><span class=\"text1noticias\">2.-  Mi\u00e9rcoles &#8211; 9:00p.m. &#8211;  Jazz en Dominicana en Casa de Teatro con agrupaciones que van desde duetos hasta septetos. <\/span><\/p>\n<\/p>\n<p><span class=\"text1noticias\">Actividad 1:<\/span><\/p>\n<p><span class=\"text1noticias\">Nu:bar Jazz Nights by Jazz en Dominicana: <\/span><\/p>\n<p><span class=\"text1noticias\">Tema:\t\tGustavo Rodr\u00edguez y Rocky Raful<\/span><\/p>\n<p><span class=\"text1noticias\">Estilo:\t\tDueto de Piano y Guitarra<\/span><\/p>\n<p><span class=\"text1noticias\">Invita:\t\tNu:bar Jazz Nights by Jazz en Dominicana<\/span><\/p>\n<p><span class=\"text1noticias\">Fecha:\t\tMi\u00e9rcoles 26 de Mayo del 2009<\/span><\/p>\n<p><span class=\"text1noticias\">Lugar:\t\tNu:bar Oriental Lounge<\/span><\/p>\n<p><span class=\"text1noticias\">Direcci\u00f3n: \tPlaza Dorada &#8211; Avenida Roberto Pastoriza esq. Manuel de Jes\u00fas Troncoso, Ensanche Piantini<\/span><\/p>\n<p><span class=\"text1noticias\">Hora:\t\t9:00p.m.<\/span><\/p>\n<p><span class=\"text1noticias\">Patrocinador:\tVinos Donna Fugata (www.donnafugata.it)<\/span><\/p>\n<p><span class=\"text1noticias\">Precio:\t\tEntrada Gratis<\/span><\/p>\n<\/p>\n<\/p>\n<p><span class=\"text1noticias\">Actividad 2:<\/span><\/p>\n<p><span class=\"text1noticias\">Jazz en Dominicana en Casa de Teatro: <\/span><\/p>\n<p><span class=\"text1noticias\">Tema:\tConcierto del Grupo Cayena y cierre de la Primera Exposici\u00f3n Fotogr\u00e1fica ? Los Colores del Jazz<\/span><\/p>\n<p><span class=\"text1noticias\">Estilo:\tEl Grupo Cayena est\u00e1 integrado por Pengbian Sang (bajo), Remy Taveras (bater\u00eda), Federico M\u00e9ndez (guitarra), Moreno Fassi (tromb\u00f3n), Ernesto N\u00fa\u00f1ez (trompeta) y Edgar Molina (percusi\u00f3n). Con un repertorio original que no deja de lado las composiciones que por su trascendencia se han convertido en est\u00e1ndares del jazz.<\/span><\/p>\n<p><span class=\"text1noticias\">Invitan:\tJazz en Dominicana en Casa de Teatro<\/span><\/p>\n<p><span class=\"text1noticias\">Fecha:\t\tMi\u00e9rcoles 27 de Mayo del 2009<\/span><\/p>\n<p><span class=\"text1noticias\">Lugar:\t\tCasa de Teatro<\/span><\/p>\n<p><span class=\"text1noticias\">Direcci\u00f3n:\tArzobispo Meri\u00f1o No. 110 ? Zona Colonial<\/span><\/p>\n<p><span class=\"text1noticias\">Hora:\t\t9:00p.m.<\/span><\/p>\n<p><span class=\"text1noticias\">Precio:\t\t$ 300.00<\/span><\/p>\n<h6> 2009-05-26 21:05:03 <\/h6>\n<p><!--\n<link rel=\"stylesheet\" href=\"css\/bootstrap.min.css\">\n\n\n<ul class=\"pagination\">\n\t    \n\t\n\n<li >\n\t<a href='?page_no=21670'>Previous<\/a>\n\t<\/li>\n\n\n       \n    \n\n<li><a href='?page_no=1'>1<\/a><\/li>\n\n\n\n<li><a href='?page_no=2'>2<\/a><\/li>\n\n\n\n<li><a>...<\/a><\/li>\n\n\n\n<li><a href='?page_no=21669'>21669<\/a><\/li>\n\n\n\n<li><a href='?page_no=21670'>21670<\/a><\/li>\n\n\n\n<li class='active'><a>21671<\/a><\/li>\n\n\n\n<li><a href='?page_no=21672'>21672<\/a><\/li>\n\n\n\n<li><a href='?page_no=21673'>21673<\/a><\/li>\n\n\n\n<li><a>...<\/a><\/li>\n\n\n\n<li><a href='?page_no=22911'>22911<\/a><\/li>\n\n\n\n<li><a href='?page_no=22912'>22912<\/a><\/li>\n\n    \n\t\n\n<li >\n\t<a href='?page_no=21672'>Next<\/a>\n\t<\/li>\n\n\n    \n\n<li><a href='?page_no=22912'>Last &rsaquo;&rsaquo;<\/a><\/li>\n\n<\/ul>\n\n\n--><br \/>\n<\/body><\/p>\n","protected":false},"excerpt":{"rendered":"<p>Jazz en Dominicana, proyecto dedicado a la difusi\u00f3n y presentaci\u00f3n del g\u00e9nero del Jazz, presenta DOS opciones de Jazz en vivo en Santo Domingo, ambas con originales programaciones y los mejores m\u00fasicos del g\u00e9nero en el pa\u00eds: 1.- Martes &#8211; 9:00p.m. &#8211; Nu:bar Jazz Nights by Jazz en Dominicana en formato de duetos 2.- Mi\u00e9rcoles [&hellip;]<\/p>\n","protected":false},"author":3,"featured_media":0,"comment_status":"open","ping_status":"open","sticky":false,"template":"","format":"standard","meta":{"footnotes":""},"categories":[21],"tags":[],"class_list":["post-69993","post","type-post","status-publish","format-standard","hentry","category-cultura"],"_links":{"self":[{"href":"https:\/\/diariodominicano.com\/index.php?rest_route=\/wp\/v2\/posts\/69993","targetHints":{"allow":["GET"]}}],"collection":[{"href":"https:\/\/diariodominicano.com\/index.php?rest_route=\/wp\/v2\/posts"}],"about":[{"href":"https:\/\/diariodominicano.com\/index.php?rest_route=\/wp\/v2\/types\/post"}],"author":[{"embeddable":true,"href":"https:\/\/diariodominicano.com\/index.php?rest_route=\/wp\/v2\/users\/3"}],"replies":[{"embeddable":true,"href":"https:\/\/diariodominicano.com\/index.php?rest_route=%2Fwp%2Fv2%2Fcomments&post=69993"}],"version-history":[{"count":0,"href":"https:\/\/diariodominicano.com\/index.php?rest_route=\/wp\/v2\/posts\/69993\/revisions"}],"wp:attachment":[{"href":"https:\/\/diariodominicano.com\/index.php?rest_route=%2Fwp%2Fv2%2Fmedia&parent=69993"}],"wp:term":[{"taxonomy":"category","embeddable":true,"href":"https:\/\/diariodominicano.com\/index.php?rest_route=%2Fwp%2Fv2%2Fcategories&post=69993"},{"taxonomy":"post_tag","embeddable":true,"href":"https:\/\/diariodominicano.com\/index.php?rest_route=%2Fwp%2Fv2%2Ftags&post=69993"}],"curies":[{"name":"wp","href":"https:\/\/api.w.org\/{rel}","templated":true}]}}