{"id":69992,"date":"2009-05-27T14:59:31","date_gmt":"2009-05-27T14:59:31","guid":{"rendered":"http:\/\/diariodominicano.ddns.net\/?p=69992"},"modified":"2009-05-27T14:59:31","modified_gmt":"2009-05-27T14:59:31","slug":"estudiantes-y-profesores-de-barahona-realizan-gira-ecologica-a-isla-saona","status":"publish","type":"post","link":"https:\/\/diariodominicano.com\/?p=69992","title":{"rendered":"Estudiantes y profesores de Barahona realizan gira ecologica a Isla Saona"},"content":{"rendered":"<p><body><\/p>\n<p><img decoding=\"async\" src=\"img3\/saona.jpg\" \/>  <\/p>\n<p><span class=\"text1noticias\">POR TEUDDY A. SANCHEZ. <\/span><\/p>\n<\/p>\n<p><span class=\"text1noticias\">BARAHONA. Estudiantes de ingenier\u00eda agron\u00f3mica y ciencias ambientales, as\u00ed como  profesores y activistas ecologistas,  realizaron con \u00e9xito  una gira ecol\u00f3gico en la isla Saona, la cual fue organizada por el Grupo Ecol\u00f3gico Manglar que dirige el educador  Sucre Mu\u00f1oz Novas. <\/span><\/p>\n<\/p>\n<p><span class=\"text1noticias\">La  gira  parti\u00f3 desde la Facultad de Agronom\u00eda de la Universidad Aut\u00f3noma de Santo Domingo (UASD), ubicada en Engombe, hacia la localidad de Bayahibe en la costa Este del pa\u00eds, donde tomaron las embarcaciones que los transportaron  a  los participantes a la paradis\u00edaca isla. <\/span><\/p>\n<\/p>\n<p><span class=\"text1noticias\">Durante la excursi\u00f3n los participantes recibieron explicaciones del ingeniero Mu\u00f1oz y pudieron palpar de manera directa la gran biodiversidad de la Saona, que adem\u00e1s de ser un Parque Nacional, es considerada como patrimonio de la humanidad. <\/span><\/p>\n<\/p>\n<p><span class=\"text1noticias\">En la actividad los excursionistas pudieron tomar numerosas fotograf\u00edas de los bell\u00edsimos paisajes del lugar  y de la comunidad de Mano Juan, uno de los dos asentamientos humanos de la isla. <\/span><\/p>\n<\/p>\n<p><span class=\"text1noticias\">Adem\u00e1s tomaron muestras de su extensa flora, que abarca cerca de 500 especies de plantas, y su variada fauna que incluye vacas y puercos cimarrones, monos, iguanas, manat\u00edes, as\u00ed como numerosas familias de aves, murci\u00e9lagos, tortugas marinas, careys, tinglar, delfines, y otras especies en peligro de extinci\u00f3n. La Saona,  tambi\u00e9n posee varias lagunitas de agua dulce y cuevas de gran inter\u00e9s arqueol\u00f3gico y ecol\u00f3gico, as\u00ed como grandes \u00e1reas de arrecifes coralinos y de manglares de diversas especies <\/span><\/p>\n<\/p>\n<p><span class=\"text1noticias\">Los participantes preparar\u00e1n en base a sus exploraciones y estudios una serie de propuestas con miras a que dicha isla sea preservada en su estado natural para las presentes y futuras generaciones, ya que constituye un verdadero patrimonio natural de la humanidad, que debe ser preservado a toda costa.<\/span><\/p>\n<h6> 2009-05-27 14:59:31 <\/h6>\n<p><!--\n<link rel=\"stylesheet\" href=\"css\/bootstrap.min.css\">\n\n\n<ul class=\"pagination\">\n\t    \n\t\n\n<li >\n\t<a href='?page_no=21669'>Previous<\/a>\n\t<\/li>\n\n\n       \n    \n\n<li><a href='?page_no=1'>1<\/a><\/li>\n\n\n\n<li><a href='?page_no=2'>2<\/a><\/li>\n\n\n\n<li><a>...<\/a><\/li>\n\n\n\n<li><a href='?page_no=21668'>21668<\/a><\/li>\n\n\n\n<li><a href='?page_no=21669'>21669<\/a><\/li>\n\n\n\n<li class='active'><a>21670<\/a><\/li>\n\n\n\n<li><a href='?page_no=21671'>21671<\/a><\/li>\n\n\n\n<li><a href='?page_no=21672'>21672<\/a><\/li>\n\n\n\n<li><a>...<\/a><\/li>\n\n\n\n<li><a href='?page_no=22911'>22911<\/a><\/li>\n\n\n\n<li><a href='?page_no=22912'>22912<\/a><\/li>\n\n    \n\t\n\n<li >\n\t<a href='?page_no=21671'>Next<\/a>\n\t<\/li>\n\n\n    \n\n<li><a href='?page_no=22912'>Last &rsaquo;&rsaquo;<\/a><\/li>\n\n<\/ul>\n\n\n--><br \/>\n<\/body><\/p>\n","protected":false},"excerpt":{"rendered":"<p>POR TEUDDY A. SANCHEZ. BARAHONA. Estudiantes de ingenier\u00eda agron\u00f3mica y ciencias ambientales, as\u00ed como profesores y activistas ecologistas, realizaron con \u00e9xito una gira ecol\u00f3gico en la isla Saona, la cual fue organizada por el Grupo Ecol\u00f3gico Manglar que dirige el educador Sucre Mu\u00f1oz Novas. La gira parti\u00f3 desde la Facultad de Agronom\u00eda de la Universidad [&hellip;]<\/p>\n","protected":false},"author":3,"featured_media":0,"comment_status":"open","ping_status":"open","sticky":false,"template":"","format":"standard","meta":{"footnotes":""},"categories":[21],"tags":[],"class_list":["post-69992","post","type-post","status-publish","format-standard","hentry","category-cultura"],"_links":{"self":[{"href":"https:\/\/diariodominicano.com\/index.php?rest_route=\/wp\/v2\/posts\/69992","targetHints":{"allow":["GET"]}}],"collection":[{"href":"https:\/\/diariodominicano.com\/index.php?rest_route=\/wp\/v2\/posts"}],"about":[{"href":"https:\/\/diariodominicano.com\/index.php?rest_route=\/wp\/v2\/types\/post"}],"author":[{"embeddable":true,"href":"https:\/\/diariodominicano.com\/index.php?rest_route=\/wp\/v2\/users\/3"}],"replies":[{"embeddable":true,"href":"https:\/\/diariodominicano.com\/index.php?rest_route=%2Fwp%2Fv2%2Fcomments&post=69992"}],"version-history":[{"count":0,"href":"https:\/\/diariodominicano.com\/index.php?rest_route=\/wp\/v2\/posts\/69992\/revisions"}],"wp:attachment":[{"href":"https:\/\/diariodominicano.com\/index.php?rest_route=%2Fwp%2Fv2%2Fmedia&parent=69992"}],"wp:term":[{"taxonomy":"category","embeddable":true,"href":"https:\/\/diariodominicano.com\/index.php?rest_route=%2Fwp%2Fv2%2Fcategories&post=69992"},{"taxonomy":"post_tag","embeddable":true,"href":"https:\/\/diariodominicano.com\/index.php?rest_route=%2Fwp%2Fv2%2Ftags&post=69992"}],"curies":[{"name":"wp","href":"https:\/\/api.w.org\/{rel}","templated":true}]}}