{"id":69991,"date":"2009-05-27T17:12:00","date_gmt":"2009-05-27T17:12:00","guid":{"rendered":"http:\/\/diariodominicano.ddns.net\/?p=69991"},"modified":"2009-05-27T17:12:00","modified_gmt":"2009-05-27T17:12:00","slug":"caracas-celebra-dia-mundial-de-la-diversidad-cultural","status":"publish","type":"post","link":"https:\/\/diariodominicano.com\/?p=69991","title":{"rendered":"Caracas celebra D\u00eda Mundial de la Diversidad Cultural"},"content":{"rendered":"<p><body><\/p>\n<p><span class=\"text1noticias\">10:00 AM Caracas.- Con una nutrida programaci\u00f3n de eventos, se celebrar\u00e1 este 21 de mayo el D\u00eda Mundial de la Diversidad Cultural para el Di\u00e1logo y el Desarrollo, en el la Qta. Micomicona, de Los Rosales. <\/span><\/p>\n<\/p>\n<p><span class=\"text1noticias\">En la sede del Centro de la Diversidad Cultural &#8211; adscrito al Ministerio del Poder Popular para la Cultura &#8211; se tienen preparadas varias actividades, entre ellas un concierto, una exposici\u00f3n, una degustaci\u00f3n gastron\u00f3mica y un coloquio sobre Diversidad Cultural, de acuerdo a lo rese\u00f1ado en la nota de prensa del evento. <\/span><\/p>\n<\/p>\n<p><span class=\"text1noticias\">Las actividades se iniciar\u00e1n a las 2:00 de la tarde con un encuentro con la comunidad del barrio El Desv\u00edo, en el sector La Bandera, donde se presentar\u00e1 el Circo Latinoamericano \u00abTopatrapo\u00bb, junto a la Misi\u00f3n Cultura Coraz\u00f3n Adentro. <\/span><\/p>\n<\/p>\n<p><span class=\"text1noticias\">A las 4:30 de la tarde comenzar\u00e1 los actos en la Qta. Micomicona, donde se realizar\u00e1 el coloquio \u00abD\u00eda Mundial de la Diversidad Cultural para el Di\u00e1logo y el Desarrollo\u00bb, actividad que contar\u00e1 con la participar\u00e1n como ponentes del Presidente del Centro de la Diversidad Cultural, Benito Irady, y la Secretaria General de la Comisi\u00f3n Nacional de Cooperaci\u00f3n con la Unesco, Tania Delgado. <\/span><\/p>\n<\/p>\n<p><span class=\"text1noticias\">La agenda prosigue con una asamblea de ciudadanos para discutir el tema de la Diversidad Cultural, que dar\u00e1 paso a la inauguraci\u00f3n de la exposici\u00f3n \u00abCruz de Mayo\u00bb, con fotograf\u00edas de Juan Manuel Guevara sobre esta tradici\u00f3n. <\/span><\/p>\n<\/p>\n<p><span class=\"text1noticias\">Para acompa\u00f1ar la muestra se presentar\u00e1 la agrupaci\u00f3n musical \u00abPueblo y Raza\u00bb, dirigida por Adri\u00e1n Oscar Lista. El colectivo ofrecer\u00e1 un repertorio basado en la devoci\u00f3n a la Cruz de Mayo. <\/span><\/p>\n<\/p>\n<p><span class=\"text1noticias\">Tambi\u00e9n forma parte de las actividades una degustaci\u00f3n de dulcer\u00eda t\u00edpica venezolana, considerando que este a\u00f1o fue dedicado por la Unesco al estudio y la difusi\u00f3n de las artes culinarias. <\/span><\/p>\n<\/p>\n<p><span class=\"text1noticias\">La celebraci\u00f3n continuar\u00e1 el viernes 22 de mayo, con un encuentro entre escuelas asociadas a la Unesco, a las 9:00 de la ma\u00f1ana; y un concierto e intercambio cultural entre Bandas de la Universidad Experimental de las Artes a las 4:00 de la tarde. <\/span><\/p>\n<\/p>\n<p><span class=\"text1noticias\">El s\u00e1bado 23 de mayo tambi\u00e9n ser\u00e1 musical, con el concierto de la prestigiosa \u00abOrquesta T\u00edpica Nacional\u00bb, a las 3:00 de la tarde, tambi\u00e9n en la Qta. Micomicona. <\/span><\/p>\n<\/p>\n<p><span class=\"text1noticias\">Finalmente, el domingo 24 de mayo a las 11:00 de la ma\u00f1ana tendr\u00e1 lugar el recital de \u00abBirongo y su ful\u00eda\u00bb, que har\u00e1 gala de la diversidad musical de la regi\u00f3n barlovente\u00f1a. <\/span><\/p>\n<\/p>\n<p><span class=\"text1noticias\">Estas actividades, como todas las que lleva a cabo el Centro de la Diversidad Cultural en diferentes partes del pa\u00eds, son gratuitas y de libre entrada.<\/span><\/p>\n<\/p>\n<p><span class=\"text1noticias\">Fuente: el universal<\/span><\/p>\n<h6> 2009-05-27 17:12:00 <\/h6>\n<p><!--\n<link rel=\"stylesheet\" href=\"css\/bootstrap.min.css\">\n\n\n<ul class=\"pagination\">\n\t    \n\t\n\n<li >\n\t<a href='?page_no=21668'>Previous<\/a>\n\t<\/li>\n\n\n       \n    \n\n<li><a href='?page_no=1'>1<\/a><\/li>\n\n\n\n<li><a href='?page_no=2'>2<\/a><\/li>\n\n\n\n<li><a>...<\/a><\/li>\n\n\n\n<li><a href='?page_no=21667'>21667<\/a><\/li>\n\n\n\n<li><a href='?page_no=21668'>21668<\/a><\/li>\n\n\n\n<li class='active'><a>21669<\/a><\/li>\n\n\n\n<li><a href='?page_no=21670'>21670<\/a><\/li>\n\n\n\n<li><a href='?page_no=21671'>21671<\/a><\/li>\n\n\n\n<li><a>...<\/a><\/li>\n\n\n\n<li><a href='?page_no=22911'>22911<\/a><\/li>\n\n\n\n<li><a href='?page_no=22912'>22912<\/a><\/li>\n\n    \n\t\n\n<li >\n\t<a href='?page_no=21670'>Next<\/a>\n\t<\/li>\n\n\n    \n\n<li><a href='?page_no=22912'>Last &rsaquo;&rsaquo;<\/a><\/li>\n\n<\/ul>\n\n\n--><br \/>\n<\/body><\/p>\n","protected":false},"excerpt":{"rendered":"<p>10:00 AM Caracas.- Con una nutrida programaci\u00f3n de eventos, se celebrar\u00e1 este 21 de mayo el D\u00eda Mundial de la Diversidad Cultural para el Di\u00e1logo y el Desarrollo, en el la Qta. Micomicona, de Los Rosales. En la sede del Centro de la Diversidad Cultural &#8211; adscrito al Ministerio del Poder Popular para la Cultura [&hellip;]<\/p>\n","protected":false},"author":3,"featured_media":0,"comment_status":"open","ping_status":"open","sticky":false,"template":"","format":"standard","meta":{"footnotes":""},"categories":[21],"tags":[],"class_list":["post-69991","post","type-post","status-publish","format-standard","hentry","category-cultura"],"_links":{"self":[{"href":"https:\/\/diariodominicano.com\/index.php?rest_route=\/wp\/v2\/posts\/69991","targetHints":{"allow":["GET"]}}],"collection":[{"href":"https:\/\/diariodominicano.com\/index.php?rest_route=\/wp\/v2\/posts"}],"about":[{"href":"https:\/\/diariodominicano.com\/index.php?rest_route=\/wp\/v2\/types\/post"}],"author":[{"embeddable":true,"href":"https:\/\/diariodominicano.com\/index.php?rest_route=\/wp\/v2\/users\/3"}],"replies":[{"embeddable":true,"href":"https:\/\/diariodominicano.com\/index.php?rest_route=%2Fwp%2Fv2%2Fcomments&post=69991"}],"version-history":[{"count":0,"href":"https:\/\/diariodominicano.com\/index.php?rest_route=\/wp\/v2\/posts\/69991\/revisions"}],"wp:attachment":[{"href":"https:\/\/diariodominicano.com\/index.php?rest_route=%2Fwp%2Fv2%2Fmedia&parent=69991"}],"wp:term":[{"taxonomy":"category","embeddable":true,"href":"https:\/\/diariodominicano.com\/index.php?rest_route=%2Fwp%2Fv2%2Fcategories&post=69991"},{"taxonomy":"post_tag","embeddable":true,"href":"https:\/\/diariodominicano.com\/index.php?rest_route=%2Fwp%2Fv2%2Ftags&post=69991"}],"curies":[{"name":"wp","href":"https:\/\/api.w.org\/{rel}","templated":true}]}}