{"id":69990,"date":"2009-05-27T17:17:57","date_gmt":"2009-05-27T17:17:57","guid":{"rendered":"http:\/\/diariodominicano.ddns.net\/?p=69990"},"modified":"2009-05-27T17:17:57","modified_gmt":"2009-05-27T17:17:57","slug":"yoko-ono-entra-en-la-mente-de-un-hombre","status":"publish","type":"post","link":"https:\/\/diariodominicano.com\/?p=69990","title":{"rendered":"Yoko Ono &#8216;entra&#8217; en la mente de un hombre"},"content":{"rendered":"<p><body><\/p>\n<p><img decoding=\"async\" src=\"http:\/\/localhost:8080\/img3\/yoko.jpg\" \/>  <\/p>\n<p><span class=\"text1noticias\">La artista japonesa presenta en Italia su \u00faltima instalaci\u00f3n.- Recibir\u00e1 en Venecia un Le\u00f3n de Oro a toda su carrera <\/span><\/p>\n<\/p>\n<p><span class=\"text1noticias\">EFE &#8211; Roma &#8211; 27\/05\/2009 <\/span><\/p>\n<p><span class=\"text1noticias\">Fuente: el pais<\/span><\/p>\n<\/p>\n<p><span class=\"text1noticias\">La artista japonesa Yoko Ono se adentra a sus 76 a\u00f1os en los recuerdos de un hombre imaginario sobre su madre para crear \u00abLa Memoria de Ant\u00f3n\u00bb, una instalaci\u00f3n art\u00edstica que desde ma\u00f1ana se exhibir\u00e1 en Venecia, la misma ciudad que el pr\u00f3ximo 6 de junio le entregar\u00e1 el Le\u00f3n de Oro a toda una carrera. La muestra, en la que hay mucho de personal de la viuda del m\u00fasico brit\u00e1nico John Lennon, pretende ser un homenaje a la vida de las madres a trav\u00e9s de la mirada de un hijo, un Ant\u00f3n totalmente imaginario cuya memoria quedar\u00e1 plasmada hasta el pr\u00f3ximo 20 de septiembre en el Palacete Tito de Venecia.<\/span><\/p>\n<\/p>\n<p><span class=\"text1noticias\">\u00abLa postura que Yoko Ono ha adoptado ante la muestra no es la de recordar s\u00f3lo a su madre, sino tambi\u00e9n la de abordar su propia experiencia como madre\u00bb, explica a Efe la comisaria de la exposici\u00f3n, Nora Halpern, ocupada estos d\u00edas en los trabajos de presentaci\u00f3n de la muestra. La instalaci\u00f3n, cuyo t\u00edtulo original en ingl\u00e9s es \u00abAnton&#8217;s Memory\u00bb, \u00abtrata de su lugar y de nuestros lugares. Representa algo que es a la vez muy personal y muy universal\u00bb, comenta.<\/span><\/p>\n<\/p>\n<p><span class=\"text1noticias\">La colaboraci\u00f3n entre Halpern y Ono, amigas desde hace m\u00e1s de 15 a\u00f1os, ha dado como fruto una exposici\u00f3n que es preludio de toda la actividad art\u00edstica que la ciudad de los canales acoger\u00e1 en los pr\u00f3ximos meses, cuando desde el 7 de junio y hasta el 22 de noviembre se celebre la Bienal de Arte de Venecia. \u00abLa Memoria de Ant\u00f3n\u00bb supone un continuo equilibrio entre trabajos viejos y nuevos de Ono: desde proyectos audiovisuales, composiciones sonoras o esculturas, hasta dibujos y pinturas, y todo ello unido a alguna que otra instalaci\u00f3n interactiva que propiciar\u00e1 la participaci\u00f3n activa de los visitantes.<\/span><\/p>\n<\/p>\n<p><span class=\"text1noticias\">\u00abAnt\u00f3n es una especie de met\u00e1fora de un hombre. Y la exposici\u00f3n es una especie de reflexi\u00f3n personal, un recuerdo personal que Ant\u00f3n tiene de su madre. Es un homenaje al sentido universal de la memoria y de las p\u00e9rdidas personales, a la historia y al tiempo, a trav\u00e9s de una artista tan especial como es Yoko Ono\u00bb, incide Halpern. \u00abEl trabajo y el concepto de la exposici\u00f3n -apunta- son simult\u00e1neamente personales y universales. El tema de Ant\u00f3n es una reflexi\u00f3n acerca de todos nuestros recuerdos comunes sobre la gente a la que queremos\u00bb.<\/span><\/p>\n<\/p>\n<p><span class=\"text1noticias\">Pero&#8230; \u00bfPor qu\u00e9 el nombre de Ant\u00f3n? \u00bfEn qui\u00e9n se ha inspirado la artista? La comisaria de la exposici\u00f3n explica que Yoko Ono (Tokio, 1933) quiso encontrar un nombre de persona con la que nunca hubiera tenido relaci\u00f3n para precisamente no dar pie a especulaciones. Ant\u00f3n, explica, \u00abes una persona imaginaria. Yoko Ono pens\u00f3 en muchos nombres. Quer\u00eda encontrar el nombre de un hombre que no conociera, porque hay mucha gente que ella conoce. No quer\u00eda que la gente especulara sobre qui\u00e9n es Ant\u00f3n para Yoko Ono. Por eso, Ant\u00f3n representa a todo el mundo\u00bb. Uno de los integrantes m\u00e1s destacados de \u00abLa Memoria de Ant\u00f3n\u00bb es el libro \u00abGrapefruit\u00bb (1964), un compendio de dibujos y piezas de arte que supone una de sus obras m\u00e1s especiales para Ono y que, en esta ocasi\u00f3n, aparece como punto de partida del resto de elementos de la instalaci\u00f3n. <\/span><\/p>\n<\/p>\n<p><span class=\"text1noticias\">\u00abGrapefruit se convirti\u00f3 en una especie de enciclopedia para Yoko y para el resto de la gente\u00bb, apunta la comisaria, quien recuerda que entre las propuestas art\u00edsticas de \u00abLa Memoria de Ant\u00f3n\u00bb figuran tambi\u00e9n dos versiones de su v\u00eddeo \u00abCut piece\u00bb, de 1965 y 2003, en la que se puede observar el paso del tiempo en Ono, de los 32 a los 70 a\u00f1os. Halpern, quien ver\u00e1 recibir a Yoko Ono el Le\u00f3n de Oro de la Bienal de Arte por su trayectoria el pr\u00f3ximo 6 de junio junto al pintor estadouniense John Baldessari, reconoce que ambas trabajaron muy c\u00f3modamente juntas y eso, dice, que \u00abno suele ser com\u00fan si tu amiga es una artista\u00bb.<\/span><\/p>\n<h6> 2009-05-27 17:17:57 <\/h6>\n<p><!--\n<link rel=\"stylesheet\" href=\"css\/bootstrap.min.css\">\n\n\n<ul class=\"pagination\">\n\t    \n\t\n\n<li >\n\t<a href='?page_no=21667'>Previous<\/a>\n\t<\/li>\n\n\n       \n    \n\n<li><a href='?page_no=1'>1<\/a><\/li>\n\n\n\n<li><a href='?page_no=2'>2<\/a><\/li>\n\n\n\n<li><a>...<\/a><\/li>\n\n\n\n<li><a href='?page_no=21666'>21666<\/a><\/li>\n\n\n\n<li><a href='?page_no=21667'>21667<\/a><\/li>\n\n\n\n<li class='active'><a>21668<\/a><\/li>\n\n\n\n<li><a href='?page_no=21669'>21669<\/a><\/li>\n\n\n\n<li><a href='?page_no=21670'>21670<\/a><\/li>\n\n\n\n<li><a>...<\/a><\/li>\n\n\n\n<li><a href='?page_no=22911'>22911<\/a><\/li>\n\n\n\n<li><a href='?page_no=22912'>22912<\/a><\/li>\n\n    \n\t\n\n<li >\n\t<a href='?page_no=21669'>Next<\/a>\n\t<\/li>\n\n\n    \n\n<li><a href='?page_no=22912'>Last &rsaquo;&rsaquo;<\/a><\/li>\n\n<\/ul>\n\n\n--><br \/>\n<\/body><\/p>\n","protected":false},"excerpt":{"rendered":"<p>La artista japonesa presenta en Italia su \u00faltima instalaci\u00f3n.- Recibir\u00e1 en Venecia un Le\u00f3n de Oro a toda su carrera EFE &#8211; Roma &#8211; 27\/05\/2009 Fuente: el pais La artista japonesa Yoko Ono se adentra a sus 76 a\u00f1os en los recuerdos de un hombre imaginario sobre su madre para crear \u00abLa Memoria de Ant\u00f3n\u00bb, [&hellip;]<\/p>\n","protected":false},"author":3,"featured_media":0,"comment_status":"open","ping_status":"open","sticky":false,"template":"","format":"standard","meta":{"footnotes":""},"categories":[21],"tags":[],"class_list":["post-69990","post","type-post","status-publish","format-standard","hentry","category-cultura"],"_links":{"self":[{"href":"https:\/\/diariodominicano.com\/index.php?rest_route=\/wp\/v2\/posts\/69990","targetHints":{"allow":["GET"]}}],"collection":[{"href":"https:\/\/diariodominicano.com\/index.php?rest_route=\/wp\/v2\/posts"}],"about":[{"href":"https:\/\/diariodominicano.com\/index.php?rest_route=\/wp\/v2\/types\/post"}],"author":[{"embeddable":true,"href":"https:\/\/diariodominicano.com\/index.php?rest_route=\/wp\/v2\/users\/3"}],"replies":[{"embeddable":true,"href":"https:\/\/diariodominicano.com\/index.php?rest_route=%2Fwp%2Fv2%2Fcomments&post=69990"}],"version-history":[{"count":0,"href":"https:\/\/diariodominicano.com\/index.php?rest_route=\/wp\/v2\/posts\/69990\/revisions"}],"wp:attachment":[{"href":"https:\/\/diariodominicano.com\/index.php?rest_route=%2Fwp%2Fv2%2Fmedia&parent=69990"}],"wp:term":[{"taxonomy":"category","embeddable":true,"href":"https:\/\/diariodominicano.com\/index.php?rest_route=%2Fwp%2Fv2%2Fcategories&post=69990"},{"taxonomy":"post_tag","embeddable":true,"href":"https:\/\/diariodominicano.com\/index.php?rest_route=%2Fwp%2Fv2%2Ftags&post=69990"}],"curies":[{"name":"wp","href":"https:\/\/api.w.org\/{rel}","templated":true}]}}