{"id":69989,"date":"2009-05-27T17:20:01","date_gmt":"2009-05-27T17:20:01","guid":{"rendered":"http:\/\/diariodominicano.ddns.net\/?p=69989"},"modified":"2009-05-27T17:20:01","modified_gmt":"2009-05-27T17:20:01","slug":"cultura-asegura-que-desbloqueara-las-obras-del-almacen-del-museo-del-prado-en-avila","status":"publish","type":"post","link":"https:\/\/diariodominicano.com\/?p=69989","title":{"rendered":"Cultura asegura que desbloquear\u00e1 las obras del almac\u00e9n del museo del Prado en \u00c1vila"},"content":{"rendered":"<p><body><\/p>\n<p><span class=\"text1noticias\">Gonz\u00e1lez Sinde anuncia que antes del 15 de enero de 2010 ser\u00e1n adjudicados los trabajos <\/span><\/p>\n<\/p>\n<p><span class=\"text1noticias\">EFE &#8211; Madrid &#8211; 27\/05\/2009 <\/span><\/p>\n<p><span class=\"text1noticias\"> <\/span><\/p>\n<p><span class=\"text1noticias\">Fuente: el pais<\/span><\/p>\n<\/p>\n<p><span class=\"text1noticias\">La ministra de Cultura, \u00c1ngeles Gonz\u00e1lez Sinde, ha anunciado para antes del 15 de enero de 2010 la adjudicaci\u00f3n de obras para la puesta en marcha del Centro de Gesti\u00f3n de Dep\u00f3sitos del Museo del Prado en \u00c1vila y ha se\u00f1alado que este comenzar\u00e1 a funcionar en el plazo establecido en el plan de actuaci\u00f3n del museo para 2009-2012.<\/span><\/p>\n<\/p>\n<p><span class=\"text1noticias\">En respuesta a la pregunta formulada por el diputado del Partido Popular por \u00c1vila \u00c1ngel Acebes durante la sesi\u00f3n de control al Gobierno del Congreso de los Diputados, Gonz\u00e1lez Sinde ha afirmado que espera antes del 15 de octubre adjudicar el proyecto \u00aby que antes del 31 de enero de 2010 se haya finalizado este proyecto y la obra se tiene que adjudicar antes del 15 de enero de 2010\u00bb.<\/span><\/p>\n<\/p>\n<p><span class=\"text1noticias\">El Centro de Gesti\u00f3n de Dep\u00f3sitos del Prado se ubicar\u00e1 en el Palacio de los \u00c1guila, seg\u00fan un proyecto aprobado en el a\u00f1o 2003 cuya finalizaci\u00f3n estaba prevista para el 2005, pero, seg\u00fan ha recordado Acebes \u00ablas obras no est\u00e1n terminadas y en estos momentos ni siquiera hay obras ya que no hay nadie trabajando en ellas\u00bb.<\/span><\/p>\n<\/p>\n<p><span class=\"text1noticias\">La ministra de Cultura ha compartido con el diputado popular la urgencia de este proyecto \u00abque es importante no solo para el Museo del Prado sino para la ciudad de \u00c1vila y los abulenses. Le puedo garantizar que desde que soy ministra la puesta en marcha del Centro de Gesti\u00f3n y Dep\u00f3sitos es <\/span><\/p>\n<p><span class=\"text1noticias\">prioritaria para este Ministerio e importante para mi, tanto como lo es para usted\u00bb.<\/span><\/p>\n<\/p>\n<p><span class=\"text1noticias\">\u00c1ngeles Gonz\u00e1lez Sinde ha deseado que no surjan nuevas incidencias de orden arqueol\u00f3gico, \u00abya orientadas y subsanadas o al menos respetadas\u00bb, en cuyo caso se pondr\u00e1 en marcha el centro en el plazo fijado por el Patronato del Prado dentro de su plan de actuaci\u00f3n para 2009-2012.<\/span><\/p>\n<h6> 2009-05-27 17:20:01 <\/h6>\n<p><!--\n<link rel=\"stylesheet\" href=\"css\/bootstrap.min.css\">\n\n\n<ul class=\"pagination\">\n\t    \n\t\n\n<li >\n\t<a href='?page_no=21666'>Previous<\/a>\n\t<\/li>\n\n\n       \n    \n\n<li><a href='?page_no=1'>1<\/a><\/li>\n\n\n\n<li><a href='?page_no=2'>2<\/a><\/li>\n\n\n\n<li><a>...<\/a><\/li>\n\n\n\n<li><a href='?page_no=21665'>21665<\/a><\/li>\n\n\n\n<li><a href='?page_no=21666'>21666<\/a><\/li>\n\n\n\n<li class='active'><a>21667<\/a><\/li>\n\n\n\n<li><a href='?page_no=21668'>21668<\/a><\/li>\n\n\n\n<li><a href='?page_no=21669'>21669<\/a><\/li>\n\n\n\n<li><a>...<\/a><\/li>\n\n\n\n<li><a href='?page_no=22911'>22911<\/a><\/li>\n\n\n\n<li><a href='?page_no=22912'>22912<\/a><\/li>\n\n    \n\t\n\n<li >\n\t<a href='?page_no=21668'>Next<\/a>\n\t<\/li>\n\n\n    \n\n<li><a href='?page_no=22912'>Last &rsaquo;&rsaquo;<\/a><\/li>\n\n<\/ul>\n\n\n--><br \/>\n<\/body><\/p>\n","protected":false},"excerpt":{"rendered":"<p>Gonz\u00e1lez Sinde anuncia que antes del 15 de enero de 2010 ser\u00e1n adjudicados los trabajos EFE &#8211; Madrid &#8211; 27\/05\/2009 Fuente: el pais La ministra de Cultura, \u00c1ngeles Gonz\u00e1lez Sinde, ha anunciado para antes del 15 de enero de 2010 la adjudicaci\u00f3n de obras para la puesta en marcha del Centro de Gesti\u00f3n de Dep\u00f3sitos [&hellip;]<\/p>\n","protected":false},"author":3,"featured_media":0,"comment_status":"open","ping_status":"open","sticky":false,"template":"","format":"standard","meta":{"footnotes":""},"categories":[21],"tags":[],"class_list":["post-69989","post","type-post","status-publish","format-standard","hentry","category-cultura"],"_links":{"self":[{"href":"https:\/\/diariodominicano.com\/index.php?rest_route=\/wp\/v2\/posts\/69989","targetHints":{"allow":["GET"]}}],"collection":[{"href":"https:\/\/diariodominicano.com\/index.php?rest_route=\/wp\/v2\/posts"}],"about":[{"href":"https:\/\/diariodominicano.com\/index.php?rest_route=\/wp\/v2\/types\/post"}],"author":[{"embeddable":true,"href":"https:\/\/diariodominicano.com\/index.php?rest_route=\/wp\/v2\/users\/3"}],"replies":[{"embeddable":true,"href":"https:\/\/diariodominicano.com\/index.php?rest_route=%2Fwp%2Fv2%2Fcomments&post=69989"}],"version-history":[{"count":0,"href":"https:\/\/diariodominicano.com\/index.php?rest_route=\/wp\/v2\/posts\/69989\/revisions"}],"wp:attachment":[{"href":"https:\/\/diariodominicano.com\/index.php?rest_route=%2Fwp%2Fv2%2Fmedia&parent=69989"}],"wp:term":[{"taxonomy":"category","embeddable":true,"href":"https:\/\/diariodominicano.com\/index.php?rest_route=%2Fwp%2Fv2%2Fcategories&post=69989"},{"taxonomy":"post_tag","embeddable":true,"href":"https:\/\/diariodominicano.com\/index.php?rest_route=%2Fwp%2Fv2%2Ftags&post=69989"}],"curies":[{"name":"wp","href":"https:\/\/api.w.org\/{rel}","templated":true}]}}