{"id":69988,"date":"2009-05-28T13:12:28","date_gmt":"2009-05-28T13:12:28","guid":{"rendered":"http:\/\/diariodominicano.ddns.net\/?p=69988"},"modified":"2009-05-28T13:12:28","modified_gmt":"2009-05-28T13:12:28","slug":"funglode-invita-a-la-conferencia-el-fotoperiodismo-y-el-desarrollo-de-sus-diversas-vertientes","status":"publish","type":"post","link":"https:\/\/diariodominicano.com\/?p=69988","title":{"rendered":"FUNGLODE  invita a la conferencia  ?El fotoperiodismo y el desarrollo de sus diversas vertientes?"},"content":{"rendered":"<p><body><\/p>\n<p><img decoding=\"async\" src=\"img3\/foto.jpg\" \/>  <\/p>\n<p><span class=\"text1noticias\">En la actividad disertar\u00e1n sobre su experiencia dos destacados fotoperiodistas del \u00e1mbito internacional<\/span><\/p>\n<\/p>\n<p><span class=\"text1noticias\">(Santo Domingo, 27 de mayo de 2009).  El Grupo de Fotorreporteros del Centro de Estudios de Comunicaci\u00f3n de la Fundaci\u00f3n Global Democracia y Desarrollo (FUNGLODE), invita al p\u00fablico a la conferencia ?El fotoperiodismo y el desarrollo de sus diversas vertientes?, que se llevar\u00e1 a cabo el viernes 29 de mayo a partir de las 6 p.m., en el Audit\u00f3rium de  Funglode.<\/span><\/p>\n<\/p>\n<p><span class=\"text1noticias\">La conferencia ser\u00e1 dictada por los destacados fot\u00f3grafos de agencias internacionales de noticias Carlos Barr\u00eda (Agencia Reuters) y Rodrigo Abd (Agencia AP), quienes han sido galardonados con algunos de los m\u00e1s importantes premios a nivel mundial de fotoperiodismo.<\/span><\/p>\n<\/p>\n<p><span class=\"text1noticias\">Esta es una oportunidad de conocer de cerca y en detalle las particularidades de uno de los oficios m\u00e1s exigentes que existen, as\u00ed como de escuchar testimonios acerca de los desaf\u00edos y obst\u00e1culos a los que se enfrentan cada d\u00eda los periodistas del lente.<\/span><\/p>\n<\/p>\n<p><span class=\"text1noticias\">En la conferencia, Barr\u00eda nos mostrar\u00e1 su experiencia en la cobertura de las elecciones presidenciales de Estados Unidos, y Abd mostrar\u00e1 parte de su material de fotograf\u00eda de ensayo en diversas partes del mundo.<\/span><\/p>\n<\/p>\n<p><span class=\"text1noticias\">Con este evento culmina el II Workshop de Fotoperiodismo, que se ha desarrollando durante la presente semana, y en el cual se han capacitado 15 j\u00f3venes fotorreporteros de diferentes medios nacionales. Esta actividad se realiza gracias al Grupo Le\u00f3n Jimenes, Cemex Dominicana, Brugal &amp; Co.,  y Diario Libre.<\/span><\/p>\n<h6> 2009-05-28 13:12:28 <\/h6>\n<p><!--\n<link rel=\"stylesheet\" href=\"css\/bootstrap.min.css\">\n\n\n<ul class=\"pagination\">\n\t    \n\t\n\n<li >\n\t<a href='?page_no=21665'>Previous<\/a>\n\t<\/li>\n\n\n       \n    \n\n<li><a href='?page_no=1'>1<\/a><\/li>\n\n\n\n<li><a href='?page_no=2'>2<\/a><\/li>\n\n\n\n<li><a>...<\/a><\/li>\n\n\n\n<li><a href='?page_no=21664'>21664<\/a><\/li>\n\n\n\n<li><a href='?page_no=21665'>21665<\/a><\/li>\n\n\n\n<li class='active'><a>21666<\/a><\/li>\n\n\n\n<li><a href='?page_no=21667'>21667<\/a><\/li>\n\n\n\n<li><a href='?page_no=21668'>21668<\/a><\/li>\n\n\n\n<li><a>...<\/a><\/li>\n\n\n\n<li><a href='?page_no=22911'>22911<\/a><\/li>\n\n\n\n<li><a href='?page_no=22912'>22912<\/a><\/li>\n\n    \n\t\n\n<li >\n\t<a href='?page_no=21667'>Next<\/a>\n\t<\/li>\n\n\n    \n\n<li><a href='?page_no=22912'>Last &rsaquo;&rsaquo;<\/a><\/li>\n\n<\/ul>\n\n\n--><br \/>\n<\/body><\/p>\n","protected":false},"excerpt":{"rendered":"<p>En la actividad disertar\u00e1n sobre su experiencia dos destacados fotoperiodistas del \u00e1mbito internacional (Santo Domingo, 27 de mayo de 2009). El Grupo de Fotorreporteros del Centro de Estudios de Comunicaci\u00f3n de la Fundaci\u00f3n Global Democracia y Desarrollo (FUNGLODE), invita al p\u00fablico a la conferencia ?El fotoperiodismo y el desarrollo de sus diversas vertientes?, que se [&hellip;]<\/p>\n","protected":false},"author":3,"featured_media":0,"comment_status":"open","ping_status":"open","sticky":false,"template":"","format":"standard","meta":{"footnotes":""},"categories":[21],"tags":[],"class_list":["post-69988","post","type-post","status-publish","format-standard","hentry","category-cultura"],"_links":{"self":[{"href":"https:\/\/diariodominicano.com\/index.php?rest_route=\/wp\/v2\/posts\/69988","targetHints":{"allow":["GET"]}}],"collection":[{"href":"https:\/\/diariodominicano.com\/index.php?rest_route=\/wp\/v2\/posts"}],"about":[{"href":"https:\/\/diariodominicano.com\/index.php?rest_route=\/wp\/v2\/types\/post"}],"author":[{"embeddable":true,"href":"https:\/\/diariodominicano.com\/index.php?rest_route=\/wp\/v2\/users\/3"}],"replies":[{"embeddable":true,"href":"https:\/\/diariodominicano.com\/index.php?rest_route=%2Fwp%2Fv2%2Fcomments&post=69988"}],"version-history":[{"count":0,"href":"https:\/\/diariodominicano.com\/index.php?rest_route=\/wp\/v2\/posts\/69988\/revisions"}],"wp:attachment":[{"href":"https:\/\/diariodominicano.com\/index.php?rest_route=%2Fwp%2Fv2%2Fmedia&parent=69988"}],"wp:term":[{"taxonomy":"category","embeddable":true,"href":"https:\/\/diariodominicano.com\/index.php?rest_route=%2Fwp%2Fv2%2Fcategories&post=69988"},{"taxonomy":"post_tag","embeddable":true,"href":"https:\/\/diariodominicano.com\/index.php?rest_route=%2Fwp%2Fv2%2Ftags&post=69988"}],"curies":[{"name":"wp","href":"https:\/\/api.w.org\/{rel}","templated":true}]}}