{"id":69987,"date":"2009-05-28T14:59:14","date_gmt":"2009-05-28T14:59:14","guid":{"rendered":"http:\/\/diariodominicano.ddns.net\/?p=69987"},"modified":"2009-05-28T14:59:14","modified_gmt":"2009-05-28T14:59:14","slug":"ponen-a-circular-libro-sobre-roman-franco-fondeur","status":"publish","type":"post","link":"https:\/\/diariodominicano.com\/?p=69987","title":{"rendered":"PONEN A CIRCULAR LIBRO SOBRE ROMAN FRANCO FONDEUR"},"content":{"rendered":"<p><body><\/p>\n<p><img decoding=\"async\" src=\"img3\/libro.jpg\" \/>  <\/p>\n<p><span class=\"text1noticias\">SANTIAGO.-Con la presencia de familiares cercanos de Don Rom\u00e1n Franco Fondeur, el Ayuntamiento y el Archivo Hist\u00f3rico pusieron  en circulaci\u00f3n  el libro ?Minicosas de un latidesorden? que  recoge parte de las gacetillas que, con este titulo,  public\u00f3 entre 1968 y 1974 en el peri\u00f3dico  La Informaci\u00f3n.<\/span><\/p>\n<\/p>\n<p><span class=\"text1noticias\">La ceremonia fue encabezada por el sindico Jos\u00e9 Enrique Sued Sem y el director del Archivo Hist\u00f3rico, el historiador Robert Espinal Luna, y tuvo como escenario la Sala Julio Alberto Hern\u00e1ndez del Gran Teatro del Cibao.<\/span><\/p>\n<\/p>\n<p><span class=\"text1noticias\">En la mesa principal, aparte de Sued y Espinal, tambi\u00e9n ocuparon espacios la viuda de Don Rom\u00e1n, Dona Yolanda Balcacer; Fausto Corniel, vicepresidente del Concejo Municipal; Rafael Emilio Yun\u00e9n, prologuista del libro, y Piero Espinal, editor del mismo.<\/span><\/p>\n<\/p>\n<p><span class=\"text1noticias\">?Esta noche reviste una extraordinaria importancia para el Archivo Hist\u00f3rico y para Santiago?, dijo el director de la instituci\u00f3n Robert Espinal en sus palabras de salutaci\u00f3n al sindico, los familiares de Franco Fondeur y dem\u00e1s invitados.<\/span><\/p>\n<\/p>\n<p><span class=\"text1noticias\">Sued, de su lado, destaco que Rom\u00e1n Franco Fondeur m\u00e1s que un nombre es un s\u00edmbolo de Santiago  que nos enorgullece a todos por su timbre de ciudadano meritorio y dijo que era un honor para el Ayuntamiento rescatar su memoria a trav\u00e9s de este libro.<\/span><\/p>\n<\/p>\n<p><span class=\"text1noticias\">La presentaci\u00f3n del mismo la hizo el profesor Rafael Emilio Yunen, quien hizo un largo recuento de lo que fue la vida de Don Rom\u00e1n, citando algunos de los temas que trat\u00f3 en su columna ?Minicosas de un latidesorden? que public\u00f3 durante 21 anos ininterrumpidos en La Informaci\u00f3n.<\/span><\/p>\n<\/p>\n<p><span class=\"text1noticias\">El sindico Sued hizo, luego, entrega del primer ejemplar de la obra a la viuda de Don Rom\u00e1n, Yolanda Balcacer. En la ceremonia participaron familiares cercanos del historiador fallecido, entre ellos varios hijos que se hicieron acompanar de sus nietos.<\/span><\/p>\n<\/p>\n<p><span class=\"text1noticias\">Los art\u00edculos recogidos en el libro, que consta de unas 700 p\u00e1ginas, tratan sobre los m\u00e1s variados temas de la vida local y nacional, por lo que son una verdadera fuente de consulta  para estudiantes y profesionales.<\/span><\/p>\n<\/p>\n<p><span class=\"text1noticias\">Fue el primer tomo. Tanto el sindico Sued como el director del Archivo Hist\u00f3rico prometieron que continuar\u00e1n enarbolando siempre la memoria de Don Rom\u00e1n ya que se trat\u00f3 de uno de los mun\u00edcipes que, en  vida, m\u00e1s se preocup\u00f3 y aport\u00f3 a su querida patria chica: Santiago de los Caballeros.<\/span><\/p>\n<h6> 2009-05-28 14:59:14 <\/h6>\n<p><!--\n<link rel=\"stylesheet\" href=\"css\/bootstrap.min.css\">\n\n\n<ul class=\"pagination\">\n\t    \n\t\n\n<li >\n\t<a href='?page_no=21664'>Previous<\/a>\n\t<\/li>\n\n\n       \n    \n\n<li><a href='?page_no=1'>1<\/a><\/li>\n\n\n\n<li><a href='?page_no=2'>2<\/a><\/li>\n\n\n\n<li><a>...<\/a><\/li>\n\n\n\n<li><a href='?page_no=21663'>21663<\/a><\/li>\n\n\n\n<li><a href='?page_no=21664'>21664<\/a><\/li>\n\n\n\n<li class='active'><a>21665<\/a><\/li>\n\n\n\n<li><a href='?page_no=21666'>21666<\/a><\/li>\n\n\n\n<li><a href='?page_no=21667'>21667<\/a><\/li>\n\n\n\n<li><a>...<\/a><\/li>\n\n\n\n<li><a href='?page_no=22911'>22911<\/a><\/li>\n\n\n\n<li><a href='?page_no=22912'>22912<\/a><\/li>\n\n    \n\t\n\n<li >\n\t<a href='?page_no=21666'>Next<\/a>\n\t<\/li>\n\n\n    \n\n<li><a href='?page_no=22912'>Last &rsaquo;&rsaquo;<\/a><\/li>\n\n<\/ul>\n\n\n--><br \/>\n<\/body><\/p>\n","protected":false},"excerpt":{"rendered":"<p>SANTIAGO.-Con la presencia de familiares cercanos de Don Rom\u00e1n Franco Fondeur, el Ayuntamiento y el Archivo Hist\u00f3rico pusieron en circulaci\u00f3n el libro ?Minicosas de un latidesorden? que recoge parte de las gacetillas que, con este titulo, public\u00f3 entre 1968 y 1974 en el peri\u00f3dico La Informaci\u00f3n. La ceremonia fue encabezada por el sindico Jos\u00e9 Enrique [&hellip;]<\/p>\n","protected":false},"author":3,"featured_media":0,"comment_status":"open","ping_status":"open","sticky":false,"template":"","format":"standard","meta":{"footnotes":""},"categories":[21],"tags":[],"class_list":["post-69987","post","type-post","status-publish","format-standard","hentry","category-cultura"],"_links":{"self":[{"href":"https:\/\/diariodominicano.com\/index.php?rest_route=\/wp\/v2\/posts\/69987","targetHints":{"allow":["GET"]}}],"collection":[{"href":"https:\/\/diariodominicano.com\/index.php?rest_route=\/wp\/v2\/posts"}],"about":[{"href":"https:\/\/diariodominicano.com\/index.php?rest_route=\/wp\/v2\/types\/post"}],"author":[{"embeddable":true,"href":"https:\/\/diariodominicano.com\/index.php?rest_route=\/wp\/v2\/users\/3"}],"replies":[{"embeddable":true,"href":"https:\/\/diariodominicano.com\/index.php?rest_route=%2Fwp%2Fv2%2Fcomments&post=69987"}],"version-history":[{"count":0,"href":"https:\/\/diariodominicano.com\/index.php?rest_route=\/wp\/v2\/posts\/69987\/revisions"}],"wp:attachment":[{"href":"https:\/\/diariodominicano.com\/index.php?rest_route=%2Fwp%2Fv2%2Fmedia&parent=69987"}],"wp:term":[{"taxonomy":"category","embeddable":true,"href":"https:\/\/diariodominicano.com\/index.php?rest_route=%2Fwp%2Fv2%2Fcategories&post=69987"},{"taxonomy":"post_tag","embeddable":true,"href":"https:\/\/diariodominicano.com\/index.php?rest_route=%2Fwp%2Fv2%2Ftags&post=69987"}],"curies":[{"name":"wp","href":"https:\/\/api.w.org\/{rel}","templated":true}]}}