{"id":69985,"date":"2009-05-29T17:10:20","date_gmt":"2009-05-29T17:10:20","guid":{"rendered":"http:\/\/diariodominicano.ddns.net\/?p=69985"},"modified":"2009-05-29T17:10:20","modified_gmt":"2009-05-29T17:10:20","slug":"armando-manzanero-y-marco-antonio-muniz-comparten-con-madres-de-escasos-recursos","status":"publish","type":"post","link":"https:\/\/diariodominicano.com\/?p=69985","title":{"rendered":"Armando Manzanero y Marco Antonio Mu\u00f1iz comparten con madres de escasos recursos"},"content":{"rendered":"<p><body><\/p>\n<p><img decoding=\"async\" src=\"http:\/\/localhost:8080\/img3\/fredi.jpg\" \/>  <\/p>\n<p><span class=\"text1noticias\">El programa ?Con Freddy? y Punto? sirve de plataforma para el encuentro<\/span><\/p>\n<p><span class=\"text1noticias\"> <\/span><\/p>\n<p><span class=\"text1noticias\">Santo Domingo, Rep\u00fablica Dominicana.- Como regalo de madres el programa ?Con Freddy?y punto? hizo una producci\u00f3n especial con los cantantes mejicanos Armando Manzanero y Marco Antonio Mu\u00f1iz quienes interpretaron en vivo varios de sus temas a un grupo de madres de escasos recursos invitadas para la ocasi\u00f3n.<\/span><\/p>\n<p><span class=\"text1noticias\"> <\/span><\/p>\n<p><span class=\"text1noticias\">En la v\u00edspera de su presentaci\u00f3n doble en el Teatro Nacional Eduardo Brito de esta capital, el par mejicano visit\u00f3 las instalaciones de Color Visi\u00f3n, Canal 9 para compartir con un grupo de madres de escasos recursos sus canciones y llevar alegr\u00eda a quienes quiz\u00e1 no podr\u00edan verlos de otro modo.<\/span><\/p>\n<p><span class=\"text1noticias\"> <\/span><\/p>\n<p><span class=\"text1noticias\">El programa invit\u00f3 a una cantidad de madres quienes recibieron exquisito trato y el privilegio de un show en vivo de Armando Manzanero y Marco Antonio Mu\u00f1iz dise\u00f1ado especialmente para ellas.<\/span><\/p>\n<p><span class=\"text1noticias\"> <\/span><\/p>\n<p><span class=\"text1noticias\">Freddy Beras, productor del espacio le expres\u00f3 su admiraci\u00f3n y respeto a dos grandes amigos que por varios a\u00f1os han tenido en los programas suyos una casa y la mejor plataforma para promover sus conciertos en el pa\u00eds, diciendo que su admiraci\u00f3n y respeto aumenta cada d\u00eda cuando comprueba la sencillez y humildad de sus dos invitados.<\/span><\/p>\n<p><span class=\"text1noticias\"> <\/span><\/p>\n<p><span class=\"text1noticias\">De igual forma las madres llevadas al estudio de televisi\u00f3n adem\u00e1s de compartir en vivo con estas estrellas de la canci\u00f3n latinoamericana, pudieron apreciar la sencillez de dos figuras que durante treinta a\u00f1os han gozado del apoyo incondicional de su m\u00fasica y aplaudieron cada una de las interpretaciones hechas con l\u00e1grimas en los ojos.<\/span><\/p>\n<p><span class=\"text1noticias\"> <\/span><\/p>\n<p><span class=\"text1noticias\">?Esta es una experiencia muy especial y por ello hemos decidido grabar el programa para repetirlo pues sabemos que lo ocurrido esta noche es grande?, expres\u00f3 Freddy Beras Goico, al despedir a estos dos grandes de la m\u00fasica latinoamericana.<\/span><\/p>\n<p><span class=\"text1noticias\"> <\/span><\/p>\n<p><span class=\"text1noticias\">Entre las canciones interpretadas por los legendarios cantantes est\u00e1n ?Esperar\u00e9, ?Por Debajo de la mesa? y ?No se t\u00fa?, estas dos \u00faltimas popularizadas mundialmente por Lu\u00eds Miguel; ?Parece que fue Ayer?, ?Esta Tarde vi Llover?, entre otras grandes composiciones que sirvieron de preludio del show que en el Teatro Nacional Manzanero y Mu\u00f1iz dar\u00e1n junto a Rafael Solano y al Mariachi Vargas de Tecalitl\u00e1n este fin de semana.<\/span><\/p>\n<h6> 2009-05-29 17:10:20 <\/h6>\n<p><!--\n<link rel=\"stylesheet\" href=\"css\/bootstrap.min.css\">\n\n\n<ul class=\"pagination\">\n\t    \n\t\n\n<li >\n\t<a href='?page_no=21662'>Previous<\/a>\n\t<\/li>\n\n\n       \n    \n\n<li><a href='?page_no=1'>1<\/a><\/li>\n\n\n\n<li><a href='?page_no=2'>2<\/a><\/li>\n\n\n\n<li><a>...<\/a><\/li>\n\n\n\n<li><a href='?page_no=21661'>21661<\/a><\/li>\n\n\n\n<li><a href='?page_no=21662'>21662<\/a><\/li>\n\n\n\n<li class='active'><a>21663<\/a><\/li>\n\n\n\n<li><a href='?page_no=21664'>21664<\/a><\/li>\n\n\n\n<li><a href='?page_no=21665'>21665<\/a><\/li>\n\n\n\n<li><a>...<\/a><\/li>\n\n\n\n<li><a href='?page_no=22911'>22911<\/a><\/li>\n\n\n\n<li><a href='?page_no=22912'>22912<\/a><\/li>\n\n    \n\t\n\n<li >\n\t<a href='?page_no=21664'>Next<\/a>\n\t<\/li>\n\n\n    \n\n<li><a href='?page_no=22912'>Last &rsaquo;&rsaquo;<\/a><\/li>\n\n<\/ul>\n\n\n--><br \/>\n<\/body><\/p>\n","protected":false},"excerpt":{"rendered":"<p>El programa ?Con Freddy? y Punto? sirve de plataforma para el encuentro Santo Domingo, Rep\u00fablica Dominicana.- Como regalo de madres el programa ?Con Freddy?y punto? hizo una producci\u00f3n especial con los cantantes mejicanos Armando Manzanero y Marco Antonio Mu\u00f1iz quienes interpretaron en vivo varios de sus temas a un grupo de madres de escasos recursos [&hellip;]<\/p>\n","protected":false},"author":3,"featured_media":0,"comment_status":"open","ping_status":"open","sticky":false,"template":"","format":"standard","meta":{"footnotes":""},"categories":[21],"tags":[],"class_list":["post-69985","post","type-post","status-publish","format-standard","hentry","category-cultura"],"_links":{"self":[{"href":"https:\/\/diariodominicano.com\/index.php?rest_route=\/wp\/v2\/posts\/69985","targetHints":{"allow":["GET"]}}],"collection":[{"href":"https:\/\/diariodominicano.com\/index.php?rest_route=\/wp\/v2\/posts"}],"about":[{"href":"https:\/\/diariodominicano.com\/index.php?rest_route=\/wp\/v2\/types\/post"}],"author":[{"embeddable":true,"href":"https:\/\/diariodominicano.com\/index.php?rest_route=\/wp\/v2\/users\/3"}],"replies":[{"embeddable":true,"href":"https:\/\/diariodominicano.com\/index.php?rest_route=%2Fwp%2Fv2%2Fcomments&post=69985"}],"version-history":[{"count":0,"href":"https:\/\/diariodominicano.com\/index.php?rest_route=\/wp\/v2\/posts\/69985\/revisions"}],"wp:attachment":[{"href":"https:\/\/diariodominicano.com\/index.php?rest_route=%2Fwp%2Fv2%2Fmedia&parent=69985"}],"wp:term":[{"taxonomy":"category","embeddable":true,"href":"https:\/\/diariodominicano.com\/index.php?rest_route=%2Fwp%2Fv2%2Fcategories&post=69985"},{"taxonomy":"post_tag","embeddable":true,"href":"https:\/\/diariodominicano.com\/index.php?rest_route=%2Fwp%2Fv2%2Ftags&post=69985"}],"curies":[{"name":"wp","href":"https:\/\/api.w.org\/{rel}","templated":true}]}}