{"id":69984,"date":"2009-05-29T17:12:05","date_gmt":"2009-05-29T17:12:05","guid":{"rendered":"http:\/\/diariodominicano.ddns.net\/?p=69984"},"modified":"2009-05-29T17:12:05","modified_gmt":"2009-05-29T17:12:05","slug":"presentara-coleccion-trajes-de-bano","status":"publish","type":"post","link":"https:\/\/diariodominicano.com\/?p=69984","title":{"rendered":"Presentar\u00e1 colecci\u00f3n trajes de ba\u00f1o"},"content":{"rendered":"<p><body><\/p>\n<p><img decoding=\"async\" src=\"img3\/mujer.jpg\" \/>  <\/p>\n<p><span class=\"text1noticias\">Selva es la colecci\u00f3n de Trajes de Ba\u00f1o,  que presentara la dise\u00f1adora peruana Carmen Talavera, en el Fashion Week Rep. Dominicana, a celebrase en el Puerto de Santo Domingo, en la terminal de San Souci, este 5 de junio, a las 7:30 p.m. en la pasarela Fashion Mall. Colecci\u00f3n inspirada en los colores y formas de la madre naturaleza, basada en la t\u00e9cnica milenaria del Macram\u00e9, la cual consiste en el anudado de hilos logrando una textura espectacular. <\/span><\/p>\n<\/p>\n<p><span class=\"text1noticias\">Ba\u00f1adores sofisticados para una mujer femenina, que le gusta ser autentica. Trabajo hecho a mano a la medida del cuerpo, con el uso de materiales no convencionales, combinando la sensualidad y elegancia, sello que distingue todas sus creaciones. <\/span><\/p>\n<\/p>\n<p><span class=\"text1noticias\">Para m\u00e1s informaci\u00f3n: www.carmentalavera.blogspot.com <\/span><\/p>\n<h6> 2009-05-29 17:12:05 <\/h6>\n<p><!--\n<link rel=\"stylesheet\" href=\"css\/bootstrap.min.css\">\n\n\n<ul class=\"pagination\">\n\t    \n\t\n\n<li >\n\t<a href='?page_no=21661'>Previous<\/a>\n\t<\/li>\n\n\n       \n    \n\n<li><a href='?page_no=1'>1<\/a><\/li>\n\n\n\n<li><a href='?page_no=2'>2<\/a><\/li>\n\n\n\n<li><a>...<\/a><\/li>\n\n\n\n<li><a href='?page_no=21660'>21660<\/a><\/li>\n\n\n\n<li><a href='?page_no=21661'>21661<\/a><\/li>\n\n\n\n<li class='active'><a>21662<\/a><\/li>\n\n\n\n<li><a href='?page_no=21663'>21663<\/a><\/li>\n\n\n\n<li><a href='?page_no=21664'>21664<\/a><\/li>\n\n\n\n<li><a>...<\/a><\/li>\n\n\n\n<li><a href='?page_no=22911'>22911<\/a><\/li>\n\n\n\n<li><a href='?page_no=22912'>22912<\/a><\/li>\n\n    \n\t\n\n<li >\n\t<a href='?page_no=21663'>Next<\/a>\n\t<\/li>\n\n\n    \n\n<li><a href='?page_no=22912'>Last &rsaquo;&rsaquo;<\/a><\/li>\n\n<\/ul>\n\n\n--><br \/>\n<\/body><\/p>\n","protected":false},"excerpt":{"rendered":"<p>Selva es la colecci\u00f3n de Trajes de Ba\u00f1o, que presentara la dise\u00f1adora peruana Carmen Talavera, en el Fashion Week Rep. Dominicana, a celebrase en el Puerto de Santo Domingo, en la terminal de San Souci, este 5 de junio, a las 7:30 p.m. en la pasarela Fashion Mall. Colecci\u00f3n inspirada en los colores y formas [&hellip;]<\/p>\n","protected":false},"author":3,"featured_media":0,"comment_status":"open","ping_status":"open","sticky":false,"template":"","format":"standard","meta":{"footnotes":""},"categories":[21],"tags":[],"class_list":["post-69984","post","type-post","status-publish","format-standard","hentry","category-cultura"],"_links":{"self":[{"href":"https:\/\/diariodominicano.com\/index.php?rest_route=\/wp\/v2\/posts\/69984","targetHints":{"allow":["GET"]}}],"collection":[{"href":"https:\/\/diariodominicano.com\/index.php?rest_route=\/wp\/v2\/posts"}],"about":[{"href":"https:\/\/diariodominicano.com\/index.php?rest_route=\/wp\/v2\/types\/post"}],"author":[{"embeddable":true,"href":"https:\/\/diariodominicano.com\/index.php?rest_route=\/wp\/v2\/users\/3"}],"replies":[{"embeddable":true,"href":"https:\/\/diariodominicano.com\/index.php?rest_route=%2Fwp%2Fv2%2Fcomments&post=69984"}],"version-history":[{"count":0,"href":"https:\/\/diariodominicano.com\/index.php?rest_route=\/wp\/v2\/posts\/69984\/revisions"}],"wp:attachment":[{"href":"https:\/\/diariodominicano.com\/index.php?rest_route=%2Fwp%2Fv2%2Fmedia&parent=69984"}],"wp:term":[{"taxonomy":"category","embeddable":true,"href":"https:\/\/diariodominicano.com\/index.php?rest_route=%2Fwp%2Fv2%2Fcategories&post=69984"},{"taxonomy":"post_tag","embeddable":true,"href":"https:\/\/diariodominicano.com\/index.php?rest_route=%2Fwp%2Fv2%2Ftags&post=69984"}],"curies":[{"name":"wp","href":"https:\/\/api.w.org\/{rel}","templated":true}]}}