{"id":69983,"date":"2009-05-29T18:49:32","date_gmt":"2009-05-29T18:49:32","guid":{"rendered":"http:\/\/diariodominicano.ddns.net\/?p=69983"},"modified":"2009-05-29T18:49:32","modified_gmt":"2009-05-29T18:49:32","slug":"instituto-de-la-familia-celebra-tradicional-baile-de-anoranzas","status":"publish","type":"post","link":"https:\/\/diariodominicano.com\/?p=69983","title":{"rendered":"Instituto de la Familia celebra tradicional Baile de A\u00f1oranzas"},"content":{"rendered":"<p><body><\/p>\n<p><img decoding=\"async\" src=\"http:\/\/localhost:8080\/img3\/idef.jpg\" \/>  <\/p>\n<p><span class=\"text1noticias\">El  Instituto de la Familia (IDEFA) realiz\u00f3 este jueves 28, por d\u00e9cimo a\u00f1o consecutivo, el baile del recuerdo ?A\u00f1oranzas?, cuyos fondos recaudados ser\u00e1n destinados a los programas de prevenci\u00f3n del abuso infantil y tratamiento para familias de escasos recursos que sufren violencia familiar, situaci\u00f3n que est\u00e1 en crecimiento y que demanda mayores atenciones.<\/span><\/p>\n<\/p>\n<p><span class=\"text1noticias\">El evento se llev\u00f3 a cabo en el Gran Sal\u00f3n del Hotel Embajador, y  estuvo encabezado por los esposos Franz y Milagros Heinsen, presidentes del IDEFA, directivos y miembros de esa instituci\u00f3n, empresarios y personalidades que apoyan la labor social del Instituto e invitados especiales.<\/span><\/p>\n<\/p>\n<p><span class=\"text1noticias\">Los esposos Heinsen informaron que con esta acci\u00f3n se hace un gran aporte a lo m\u00e1s importante del pa\u00eds, la familia dominicana.<\/span><\/p>\n<p><span class=\"text1noticias\"> <\/span><\/p>\n<p><span class=\"text1noticias\">Manifestaron que el Instituto de la Familia es una instituci\u00f3n sin fines de lucro, que desde hace m\u00e1s de 25 a\u00f1os trabaja al servicio de la familia dominicana, estudiando la realidad y ofreciendo asistencia, entrenamiento y orientaci\u00f3n para contribuir a mejorar su calidad de vida y promover el fortalecimiento de la unidad familiar, a la luz de los valores cristianos.<\/span><\/p>\n<\/p>\n<p><span class=\"text1noticias\">Indicaron que esta entidad ofrece terapia matrimonial y familiar para resolver problemas psicol\u00f3gicos y asesora y ejecuta programas de investigaci\u00f3n a nivel nacional.<\/span><\/p>\n<\/p>\n<p><span class=\"text1noticias\">Asimismo, ofrece apoyo profesional al sistema de protecci\u00f3n de la ni\u00f1ez, a trav\u00e9s del experticio psicol\u00f3gico en los casos con implicaciones legales y procesos de adopci\u00f3n de ni\u00f1os dominicanos.<\/span><\/p>\n<\/p>\n<p><span class=\"text1noticias\">Adem\u00e1s, capacita profesionales y lideres comunitarios para atender a las familias que atraviesan por crisis, as\u00ed como tambi\u00e9n evaluaciones psicol\u00f3gicas y terapia de aprendizaje.<\/span><\/p>\n<\/p>\n<p><span class=\"text1noticias\">Entre los programas de prevenci\u00f3n de los conflictos familiares, se destacan el programa de Prevenci\u00f3n del Abuso a los Ni\u00f1os (PAN), que opera desde hace 20 a\u00f1os y la Escuela de Padres, introducida al pa\u00eds por el Instituto de la Familia en 1990.<\/span><\/p>\n<\/p>\n<p><span class=\"text1noticias\">El equipo profesional de esta entidad est\u00e1 integrado por psic\u00f3logas y psiquiatras que, adem\u00e1s de su \u00e1rea de entrenamiento especifico, est\u00e1n entrenadas en Terapia Familiar Sist\u00e9mica.<\/span><\/p>\n<\/p>\n<p><span class=\"text1noticias\">Sostuvieron que la demanda creciente de la comunidad, los compromete a contribuir al sostenimiento de estos esfuerzos, dirigidos a favor de la familia dominicana.<\/span><\/p>\n<h6> 2009-05-29 18:49:32 <\/h6>\n<p><!--\n<link rel=\"stylesheet\" href=\"css\/bootstrap.min.css\">\n\n\n<ul class=\"pagination\">\n\t    \n\t\n\n<li >\n\t<a href='?page_no=21660'>Previous<\/a>\n\t<\/li>\n\n\n       \n    \n\n<li><a href='?page_no=1'>1<\/a><\/li>\n\n\n\n<li><a href='?page_no=2'>2<\/a><\/li>\n\n\n\n<li><a>...<\/a><\/li>\n\n\n\n<li><a href='?page_no=21659'>21659<\/a><\/li>\n\n\n\n<li><a href='?page_no=21660'>21660<\/a><\/li>\n\n\n\n<li class='active'><a>21661<\/a><\/li>\n\n\n\n<li><a href='?page_no=21662'>21662<\/a><\/li>\n\n\n\n<li><a href='?page_no=21663'>21663<\/a><\/li>\n\n\n\n<li><a>...<\/a><\/li>\n\n\n\n<li><a href='?page_no=22911'>22911<\/a><\/li>\n\n\n\n<li><a href='?page_no=22912'>22912<\/a><\/li>\n\n    \n\t\n\n<li >\n\t<a href='?page_no=21662'>Next<\/a>\n\t<\/li>\n\n\n    \n\n<li><a href='?page_no=22912'>Last &rsaquo;&rsaquo;<\/a><\/li>\n\n<\/ul>\n\n\n--><br \/>\n<\/body><\/p>\n","protected":false},"excerpt":{"rendered":"<p>El Instituto de la Familia (IDEFA) realiz\u00f3 este jueves 28, por d\u00e9cimo a\u00f1o consecutivo, el baile del recuerdo ?A\u00f1oranzas?, cuyos fondos recaudados ser\u00e1n destinados a los programas de prevenci\u00f3n del abuso infantil y tratamiento para familias de escasos recursos que sufren violencia familiar, situaci\u00f3n que est\u00e1 en crecimiento y que demanda mayores atenciones. El evento [&hellip;]<\/p>\n","protected":false},"author":3,"featured_media":0,"comment_status":"open","ping_status":"open","sticky":false,"template":"","format":"standard","meta":{"footnotes":""},"categories":[21],"tags":[],"class_list":["post-69983","post","type-post","status-publish","format-standard","hentry","category-cultura"],"_links":{"self":[{"href":"https:\/\/diariodominicano.com\/index.php?rest_route=\/wp\/v2\/posts\/69983","targetHints":{"allow":["GET"]}}],"collection":[{"href":"https:\/\/diariodominicano.com\/index.php?rest_route=\/wp\/v2\/posts"}],"about":[{"href":"https:\/\/diariodominicano.com\/index.php?rest_route=\/wp\/v2\/types\/post"}],"author":[{"embeddable":true,"href":"https:\/\/diariodominicano.com\/index.php?rest_route=\/wp\/v2\/users\/3"}],"replies":[{"embeddable":true,"href":"https:\/\/diariodominicano.com\/index.php?rest_route=%2Fwp%2Fv2%2Fcomments&post=69983"}],"version-history":[{"count":0,"href":"https:\/\/diariodominicano.com\/index.php?rest_route=\/wp\/v2\/posts\/69983\/revisions"}],"wp:attachment":[{"href":"https:\/\/diariodominicano.com\/index.php?rest_route=%2Fwp%2Fv2%2Fmedia&parent=69983"}],"wp:term":[{"taxonomy":"category","embeddable":true,"href":"https:\/\/diariodominicano.com\/index.php?rest_route=%2Fwp%2Fv2%2Fcategories&post=69983"},{"taxonomy":"post_tag","embeddable":true,"href":"https:\/\/diariodominicano.com\/index.php?rest_route=%2Fwp%2Fv2%2Ftags&post=69983"}],"curies":[{"name":"wp","href":"https:\/\/api.w.org\/{rel}","templated":true}]}}