{"id":69982,"date":"2009-05-29T21:05:58","date_gmt":"2009-05-29T21:05:58","guid":{"rendered":"http:\/\/diariodominicano.ddns.net\/?p=69982"},"modified":"2009-05-29T21:05:58","modified_gmt":"2009-05-29T21:05:58","slug":"uasd-extiende-pago-curso-verano-hasta-proximo-viernes","status":"publish","type":"post","link":"https:\/\/diariodominicano.com\/?p=69982","title":{"rendered":"UASD extiende pago curso verano hasta  pr\u00f3ximo viernes"},"content":{"rendered":"<p><body><\/p>\n<p><img decoding=\"async\" src=\"img3\/uas.jpg\" \/>  <\/p>\n<p><span class=\"text1noticias\">La Universidad Aut\u00f3noma de Santo Domingo (UASD) extendi\u00f3 hasta el pr\u00f3ximo viernes 5 de junio el proceso de pago del curso de verano para que los estudiantes tengan el tiempo suficiente para inscribirse y no queden fuera de ese semestre.  <\/span><\/p>\n<\/p>\n<p><span class=\"text1noticias\">Al referirse a las quejas de los estudiantes en cuanto al proceso, la instituci\u00f3n expres\u00f3 que ofreci\u00f3 suficiente tiempo a los estudiantes para que realizaran los pagos del curso del verano, pero como siempre los bachilleres dejaron ese proceso para \u00faltima hora.<\/span><\/p>\n<\/p>\n<p><span class=\"text1noticias\">El rector de la academia de altos estudios, doctor Franklin Garc\u00eda Ferm\u00edn, hablando a trav\u00e9s de su relacionista p\u00fablico, licenciado Julian Sosa, expres\u00f3 que se habilitaron diversos mecanismos para recibir los  pagos del intensivo, sin embargo, los alumnos no lo hicieron en la fecha prevista.<\/span><\/p>\n<\/p>\n<p><span class=\"text1noticias\">Sosa indic\u00f3 que en numerosas ocasiones la rector\u00eda llam\u00f3 p\u00fablicamente a los estudiantes de la instituci\u00f3n acad\u00e9mica a efectuar sus pagos, a los fines de evitar los tumultos y largas filas que se producen cuando se deja ese procedimiento para \u00faltimo momento. <\/span><\/p>\n<\/p>\n<p><span class=\"text1noticias\">Agreg\u00f3 que por diversos medios de comunicaci\u00f3n se publicaron espacios pagados informando a la poblaci\u00f3n estudiantil sobre los plazos para hacer efectivos sus pagos del curso de verano, pero hicieron caso omiso.<\/span><\/p>\n<\/p>\n<p><span class=\"text1noticias\">El funcionario uasdiano manifest\u00f3 que se ha convertido en una cultura el dejar para \u00faltimo ese tipo de procedimiento, recordando que para al pago de otros impuestos como la placa y el marbete, ocurre lo mismo.<\/span><\/p>\n<\/p>\n<p><span class=\"text1noticias\">Concluy\u00f3 que la academia se ha caracterizado en la presente gesti\u00f3n por ofrecer facilidades a los estudiantes en la realizaci\u00f3n de los diferentes procesos acad\u00e9micos en beneficio de sus alumnos.<\/span><\/p>\n<h6> 2009-05-29 21:05:58 <\/h6>\n<p><!--\n<link rel=\"stylesheet\" href=\"css\/bootstrap.min.css\">\n\n\n<ul class=\"pagination\">\n\t    \n\t\n\n<li >\n\t<a href='?page_no=21659'>Previous<\/a>\n\t<\/li>\n\n\n       \n    \n\n<li><a href='?page_no=1'>1<\/a><\/li>\n\n\n\n<li><a href='?page_no=2'>2<\/a><\/li>\n\n\n\n<li><a>...<\/a><\/li>\n\n\n\n<li><a href='?page_no=21658'>21658<\/a><\/li>\n\n\n\n<li><a href='?page_no=21659'>21659<\/a><\/li>\n\n\n\n<li class='active'><a>21660<\/a><\/li>\n\n\n\n<li><a href='?page_no=21661'>21661<\/a><\/li>\n\n\n\n<li><a href='?page_no=21662'>21662<\/a><\/li>\n\n\n\n<li><a>...<\/a><\/li>\n\n\n\n<li><a href='?page_no=22911'>22911<\/a><\/li>\n\n\n\n<li><a href='?page_no=22912'>22912<\/a><\/li>\n\n    \n\t\n\n<li >\n\t<a href='?page_no=21661'>Next<\/a>\n\t<\/li>\n\n\n    \n\n<li><a href='?page_no=22912'>Last &rsaquo;&rsaquo;<\/a><\/li>\n\n<\/ul>\n\n\n--><br \/>\n<\/body><\/p>\n","protected":false},"excerpt":{"rendered":"<p>La Universidad Aut\u00f3noma de Santo Domingo (UASD) extendi\u00f3 hasta el pr\u00f3ximo viernes 5 de junio el proceso de pago del curso de verano para que los estudiantes tengan el tiempo suficiente para inscribirse y no queden fuera de ese semestre. Al referirse a las quejas de los estudiantes en cuanto al proceso, la instituci\u00f3n expres\u00f3 [&hellip;]<\/p>\n","protected":false},"author":3,"featured_media":0,"comment_status":"open","ping_status":"open","sticky":false,"template":"","format":"standard","meta":{"footnotes":""},"categories":[21],"tags":[],"class_list":["post-69982","post","type-post","status-publish","format-standard","hentry","category-cultura"],"_links":{"self":[{"href":"https:\/\/diariodominicano.com\/index.php?rest_route=\/wp\/v2\/posts\/69982","targetHints":{"allow":["GET"]}}],"collection":[{"href":"https:\/\/diariodominicano.com\/index.php?rest_route=\/wp\/v2\/posts"}],"about":[{"href":"https:\/\/diariodominicano.com\/index.php?rest_route=\/wp\/v2\/types\/post"}],"author":[{"embeddable":true,"href":"https:\/\/diariodominicano.com\/index.php?rest_route=\/wp\/v2\/users\/3"}],"replies":[{"embeddable":true,"href":"https:\/\/diariodominicano.com\/index.php?rest_route=%2Fwp%2Fv2%2Fcomments&post=69982"}],"version-history":[{"count":0,"href":"https:\/\/diariodominicano.com\/index.php?rest_route=\/wp\/v2\/posts\/69982\/revisions"}],"wp:attachment":[{"href":"https:\/\/diariodominicano.com\/index.php?rest_route=%2Fwp%2Fv2%2Fmedia&parent=69982"}],"wp:term":[{"taxonomy":"category","embeddable":true,"href":"https:\/\/diariodominicano.com\/index.php?rest_route=%2Fwp%2Fv2%2Fcategories&post=69982"},{"taxonomy":"post_tag","embeddable":true,"href":"https:\/\/diariodominicano.com\/index.php?rest_route=%2Fwp%2Fv2%2Ftags&post=69982"}],"curies":[{"name":"wp","href":"https:\/\/api.w.org\/{rel}","templated":true}]}}