{"id":69981,"date":"2009-05-29T22:10:38","date_gmt":"2009-05-29T22:10:38","guid":{"rendered":"http:\/\/diariodominicano.ddns.net\/?p=69981"},"modified":"2009-05-29T22:10:38","modified_gmt":"2009-05-29T22:10:38","slug":"presidente-fernandez-entrega-premio-nacional-de-periodismo-a-radhames-gomez-pepin","status":"publish","type":"post","link":"https:\/\/diariodominicano.com\/?p=69981","title":{"rendered":"Presidente Fern\u00e1ndez  entrega Premio Nacional de Periodismo a Radham\u00e9s G\u00f3mez Pep\u00edn"},"content":{"rendered":"<p><body><\/p>\n<p><img decoding=\"async\" src=\"http:\/\/localhost:8080\/img3\/pemio.jpg\" \/>  <\/p>\n<p><span class=\"text1noticias\">SANTO DOMINGO.- El presidente Leonel Fern\u00e1ndez entreg\u00f3 hoy el Premio Nacional de Periodismo al director del peri\u00f3dico El Nacional, Radham\u00e9s G\u00f3mez Pep\u00edn y un premio en met\u00e1lico de 500 mil pesos, por su labor period\u00edstica por m\u00e1s 50 a\u00f1os. <\/span><\/p>\n<\/p>\n<p><span class=\"text1noticias\">G\u00f3mez Pep\u00edn  asegur\u00f3 que en el pa\u00eds hay libertad de prensa, pero abog\u00f3 porque sea modificada la Ley sobre Libertad de Expresi\u00f3n y Difusi\u00f3n del Pensamiento.<\/span><\/p>\n<\/p>\n<p><span class=\"text1noticias\">Al recibir el reconocimiento, en un acto al que asistieron sus familiares, directores de otros medios de comunicaci\u00f3n y la presidenta del Colegio Dominicano de Periodista, G\u00f3mez Pep\u00edn agradeci\u00f3 el reconocimiento y reiter\u00f3 que lo \u00fanico que ha hecho ha sido trabajar .<\/span><\/p>\n<\/p>\n<p><span class=\"text1noticias\">Al ponderar un ejercicio period\u00edstico apegado a la verdad, G\u00f3mez Pep\u00edn se refiri\u00f3 a la informaci\u00f3n que publicara en el diario que dirige sobre el acuerdo pol\u00edtico entre el presidente Leonel Fern\u00e1ndez y ingeniero Miguel Vargas, el cual dijo de no haberse dado a conocer se ?hubiese quedado como un acuerdo de aposento?. <\/span><\/p>\n<\/p>\n<p><span class=\"text1noticias\">Seg\u00fan el decreto que crea el Premio Nacional de Periodismo la entrega se realiza el 5 de abril junto con una placa y 100 mil pesos, pero este a\u00f1o se hizo la selecci\u00f3n el 7 de abril y el monto fue aumentado a medio mill\u00f3n de pesos. <\/span><\/p>\n<\/p>\n<p><span class=\"text1noticias\">En premio fue otorgado por el Colegio Dominicano de Periodistas y la Secretar\u00eda de Estado de Educaci\u00f3n como un est\u00edmulo al comunicador dominicano. <\/span><\/p>\n<\/p>\n<p><span class=\"text1noticias\">En el acto participaron los secretarios de Educaci\u00f3n, Melanio Paredes, de la Presidencia, C\u00e9sar Pina Toribio, Administrativa, Luis Manuel Bonetti, el empresario Pep\u00edn Corripio, el director de El Nuevo Diario y presidente de la Sociedad de Diarios, Persio Maldonado, y la presidenta del CDP, Mercedes Castillo, y otras personalidades. <\/span><\/p>\n<\/p>\n<p><span class=\"text1noticias\">Melanio Paredes pronunci\u00f3 el discurso del acto, en el que dijo a Radham\u00e9s G\u00f3mez Pep\u00edn que este reconocimiento no se trata de su jubilaci\u00f3n sino de reconocer su importante trayectoria en el periodismo dominicano. <\/span><\/p>\n<\/p>\n<p><span class=\"text1noticias\">Record\u00f3 que \u00e9ste fue el \u00faltimo reportero del peri\u00f3dico El Caribe que informaba desde el Palacio Nacional durante la era del tirano Rafael Leonidas Trujillo y de una manera jocosa mostr\u00f3 un ejemplar del peri\u00f3dico El Nacional,  en el que destaca la firma del convenio entre el presidente Leonel Fern\u00e1ndez y Miguel Vargas Maldonado.  <\/span><\/p>\n<\/p>\n<p><span class=\"text1noticias\">Luego de contar varias an\u00e9cdotas sobre su vida periodista Radham\u00e9s G\u00f3mez Pep\u00edn ley\u00f3 su discurso, dijo que si su carrera ha cumplido con su deber como ciudadano, ?entonces su concejo es que hagamos lo correcto?. <\/span><\/p>\n<\/p>\n<p><span class=\"text1noticias\">El Premio Nacional de Periodismo lo han recibido el fallecido Mario \u00c1lvarez Dugan (Cuchito), Francisco Comarazamy y Lipe Collado. Este es el cuarto premio entregado a los comunicadores por su trayectoria. <\/span><\/p>\n<h6> 2009-05-29 22:10:38 <\/h6>\n<p><!--\n<link rel=\"stylesheet\" href=\"css\/bootstrap.min.css\">\n\n\n<ul class=\"pagination\">\n\t    \n\t\n\n<li >\n\t<a href='?page_no=21658'>Previous<\/a>\n\t<\/li>\n\n\n       \n    \n\n<li><a href='?page_no=1'>1<\/a><\/li>\n\n\n\n<li><a href='?page_no=2'>2<\/a><\/li>\n\n\n\n<li><a>...<\/a><\/li>\n\n\n\n<li><a href='?page_no=21657'>21657<\/a><\/li>\n\n\n\n<li><a href='?page_no=21658'>21658<\/a><\/li>\n\n\n\n<li class='active'><a>21659<\/a><\/li>\n\n\n\n<li><a href='?page_no=21660'>21660<\/a><\/li>\n\n\n\n<li><a href='?page_no=21661'>21661<\/a><\/li>\n\n\n\n<li><a>...<\/a><\/li>\n\n\n\n<li><a href='?page_no=22911'>22911<\/a><\/li>\n\n\n\n<li><a href='?page_no=22912'>22912<\/a><\/li>\n\n    \n\t\n\n<li >\n\t<a href='?page_no=21660'>Next<\/a>\n\t<\/li>\n\n\n    \n\n<li><a href='?page_no=22912'>Last &rsaquo;&rsaquo;<\/a><\/li>\n\n<\/ul>\n\n\n--><br \/>\n<\/body><\/p>\n","protected":false},"excerpt":{"rendered":"<p>SANTO DOMINGO.- El presidente Leonel Fern\u00e1ndez entreg\u00f3 hoy el Premio Nacional de Periodismo al director del peri\u00f3dico El Nacional, Radham\u00e9s G\u00f3mez Pep\u00edn y un premio en met\u00e1lico de 500 mil pesos, por su labor period\u00edstica por m\u00e1s 50 a\u00f1os. G\u00f3mez Pep\u00edn asegur\u00f3 que en el pa\u00eds hay libertad de prensa, pero abog\u00f3 porque sea modificada [&hellip;]<\/p>\n","protected":false},"author":3,"featured_media":0,"comment_status":"open","ping_status":"open","sticky":false,"template":"","format":"standard","meta":{"footnotes":""},"categories":[21],"tags":[],"class_list":["post-69981","post","type-post","status-publish","format-standard","hentry","category-cultura"],"_links":{"self":[{"href":"https:\/\/diariodominicano.com\/index.php?rest_route=\/wp\/v2\/posts\/69981","targetHints":{"allow":["GET"]}}],"collection":[{"href":"https:\/\/diariodominicano.com\/index.php?rest_route=\/wp\/v2\/posts"}],"about":[{"href":"https:\/\/diariodominicano.com\/index.php?rest_route=\/wp\/v2\/types\/post"}],"author":[{"embeddable":true,"href":"https:\/\/diariodominicano.com\/index.php?rest_route=\/wp\/v2\/users\/3"}],"replies":[{"embeddable":true,"href":"https:\/\/diariodominicano.com\/index.php?rest_route=%2Fwp%2Fv2%2Fcomments&post=69981"}],"version-history":[{"count":0,"href":"https:\/\/diariodominicano.com\/index.php?rest_route=\/wp\/v2\/posts\/69981\/revisions"}],"wp:attachment":[{"href":"https:\/\/diariodominicano.com\/index.php?rest_route=%2Fwp%2Fv2%2Fmedia&parent=69981"}],"wp:term":[{"taxonomy":"category","embeddable":true,"href":"https:\/\/diariodominicano.com\/index.php?rest_route=%2Fwp%2Fv2%2Fcategories&post=69981"},{"taxonomy":"post_tag","embeddable":true,"href":"https:\/\/diariodominicano.com\/index.php?rest_route=%2Fwp%2Fv2%2Ftags&post=69981"}],"curies":[{"name":"wp","href":"https:\/\/api.w.org\/{rel}","templated":true}]}}