{"id":69980,"date":"2009-05-29T22:33:13","date_gmt":"2009-05-29T22:33:13","guid":{"rendered":"http:\/\/diariodominicano.ddns.net\/?p=69980"},"modified":"2009-05-29T22:33:13","modified_gmt":"2009-05-29T22:33:13","slug":"mario-vargas-llosa-acepta-reto-de-hugo-chavez","status":"publish","type":"post","link":"https:\/\/diariodominicano.com\/?p=69980","title":{"rendered":"Mario Vargas Llosa acepta reto de Hugo Ch\u00e1vez"},"content":{"rendered":"<p><body><\/p>\n<p><span class=\"text1noticias\">Caracas.- Tres intelectuales liberales, entre ellos el escritor peruano Mario Vargas Llosa, aceptaron hoy la invitaci\u00f3n del gobernante de Venezuela, Hugo Ch\u00e1vez, de ir a debatir a su maratoniano programa \u00abAl\u00f3 Presidente\u00bb, aunque con la condici\u00f3n de que sea con \u00e9l.<\/span><\/p>\n<\/p>\n<p><span class=\"text1noticias\">\u00abEstamos a favor del di\u00e1logo como uno de los principios b\u00e1sicos que nosotros defendemos\u00bb, dijo Vargas Llosa en una declaraci\u00f3n a la prensa junto con el ex canciller mexicano Jorge Casta\u00f1eda y el escritor Enrique Krauze, tambi\u00e9n mexicano, en la sede del foro sobre \u00abLibertad y Democracia\u00bb en el que participan en Caracas.<\/span><\/p>\n<\/p>\n<p><span class=\"text1noticias\">Los tres intelectuales y otras personalidades iberoamericanas asisten desde ayer a ese foro, desde el que se ha advertido sobre la \u00abderiva\u00bb de Venezuela hacia la \u00abdictadura comunista\u00bb y que ha sido calificado por el Gobierno de Ch\u00e1vez de evento de la \u00abultraderecha decadente\u00bb.<\/span><\/p>\n<\/p>\n<p><span class=\"text1noticias\">En medio del intercambio de cr\u00edticas entre unos y otros sobre ese foro, que lleg\u00f3 precedido de pol\u00e9mica y avisos de eventuales expulsiones del pa\u00eds, Ch\u00e1vez, que a su vez inici\u00f3 ayer una edici\u00f3n especial de su \u00abAl\u00f3 Presidente\u00bb de cuatro d\u00edas de duraci\u00f3n, lanz\u00f3 una invitaci\u00f3n a los participantes para que vayan a su programa.<\/span><\/p>\n<\/p>\n<p><span class=\"text1noticias\">\u00abSe me ocurre algo en ese momento (&#8230;) Invito a esta gente, les doy un espacio en &#8216;Al\u00f3 Presidente&#8217;, que es continuo de aqu\u00ed al domingo\u00bb, dijo el gobernante, quien precis\u00f3 que \u00e9l ser\u00eda espectador del debate entre las personalidades liberales y otros intelectuales afines a su \u00abrevoluci\u00f3n\u00bb, reunidos en Caracas en actos paralelos.<\/span><\/p>\n<\/p>\n<p><span class=\"text1noticias\">\u00abUn debate (&#8230;) me aparto y dejo que debatan\u00bb, a\u00f1adi\u00f3 al insistir en su invitaci\u00f3n a personalidades \u00abde la derecha\u00bb y a los \u00abrevolucionarios\u00bb de varios pa\u00edses citados al mismo tiempo en la capital venezolana.<\/span><\/p>\n<\/p>\n<p><span class=\"text1noticias\">\u00ab&#8216;Al\u00f3 Presidente&#8217; abre sus portones (&#8230;) Ojal\u00e1 lo acepten\u00bb, agreg\u00f3 Ch\u00e1vez al iniciar una edici\u00f3n de cuatro d\u00edas, y por cap\u00edtulos, de su programa, que cumple diez a\u00f1os de emisi\u00f3n.<\/span><\/p>\n<\/p>\n<p><span class=\"text1noticias\">Ch\u00e1vez hizo la propuesta mientras conversaba en directo con intelectuales a los que llam\u00f3 \u00abrevolucionarios\u00bb, participantes en los actos paralelos al foro liberal y quienes lanzaron la idea de un debate entre unos y otros.<\/span><\/p>\n<\/p>\n<p><span class=\"text1noticias\">Al anunciar hoy que aceptaban la invitaci\u00f3n a debatir, Vargas Llosa, Casta\u00f1eda y Krauze indicaron que ir\u00e1n con la condici\u00f3n de hablar con el presidente, no con intelectuales de otras corrientes, porque eso ya lo hacen en otros foros.<\/span><\/p>\n<\/p>\n<p><span class=\"text1noticias\">El mexicano Krauze explic\u00f3 que \u00aba diario\u00bb quienes defienden ideas liberales debaten fuera de Venezuela con personalidades afines al socialismo que propugna Ch\u00e1vez, por lo que, agreg\u00f3, no quisieran \u00abrobar tiempo\u00bb a su programa.<\/span><\/p>\n<\/p>\n<p><span class=\"text1noticias\">El autor de \u00abEl poder y el delirio\u00bb, un libro sobre Ch\u00e1vez, emplaz\u00f3 a que el debate sea con el presidente venezolano \u00aby con reglas claras\u00bb para evitar mon\u00f3logos.<\/span><\/p>\n<\/p>\n<p><span class=\"text1noticias\">\u00abSer\u00eda muy interesante para la vida del ciudadano venezolano\u00bb y \u00abmuy sano para la vida pol\u00edtica de Venezuela\u00bb ver a su presidente \u00aben un debate de ideas\u00bb y \u00abescuchando opiniones de los dem\u00e1s y no solo exponiendo las suyas\u00bb, dijo Krauze.<\/span><\/p>\n<\/p>\n<p><span class=\"text1noticias\">Por su parte, Casta\u00f1eda manifest\u00f3, al igual que sus colegas, que los temas a tratar en el eventual encuentro ser\u00edan la democracia, los derechos humanos y la crisis econ\u00f3mica internacional, principalmente.<\/span><\/p>\n<\/p>\n<p><span class=\"text1noticias\">Vargas Llosa tambi\u00e9n se\u00f1al\u00f3 que suscribe los planteamientos de Casta\u00f1eda y de Krauze en la breve e imprevista comparecencia ante los periodistas, en la que no se aceptaron preguntas.<\/span><\/p>\n<\/p>\n<p><span class=\"text1noticias\">En declaraciones a Efe el jueves, inmediatamente despu\u00e9s de producirse la invitaci\u00f3n y algo sorprendido por ella, Casta\u00f1eda dijo que personalmente \u00abestar\u00eda encantado de debatir con el presidente Ch\u00e1vez de democracia, derechos humanos y la crisis econ\u00f3mica mundial\u00bb.<\/span><\/p>\n<\/p>\n<p><span class=\"text1noticias\">El mandatario emprendi\u00f3 ayer su especial \u00abAl\u00f3 Presidente\u00bb con dos intervenciones consecutivas, que totalizaron casi ocho horas en antena, de las cuales la segunda fue en cadena obligatoria de radio y televisi\u00f3n en la hora de mayor audiencia televisiva, entre las 20.00 y 22.00 hora local.<\/span><\/p>\n<\/p>\n<p><span class=\"text1noticias\">Se espera ahora un tercer \u00abcap\u00edtulo\u00bb del especial, previsto este viernes, aunque se desconoce la hora y el lugar desde el que el presidente protagonizar\u00e1 su programa, as\u00ed como la respuesta que dar\u00e1 a los intelectuales liberales.  <\/span><\/p>\n<h6> 2009-05-29 22:33:13 <\/h6>\n<p><!--\n<link rel=\"stylesheet\" href=\"css\/bootstrap.min.css\">\n\n\n<ul class=\"pagination\">\n\t    \n\t\n\n<li >\n\t<a href='?page_no=21657'>Previous<\/a>\n\t<\/li>\n\n\n       \n    \n\n<li><a href='?page_no=1'>1<\/a><\/li>\n\n\n\n<li><a href='?page_no=2'>2<\/a><\/li>\n\n\n\n<li><a>...<\/a><\/li>\n\n\n\n<li><a href='?page_no=21656'>21656<\/a><\/li>\n\n\n\n<li><a href='?page_no=21657'>21657<\/a><\/li>\n\n\n\n<li class='active'><a>21658<\/a><\/li>\n\n\n\n<li><a href='?page_no=21659'>21659<\/a><\/li>\n\n\n\n<li><a href='?page_no=21660'>21660<\/a><\/li>\n\n\n\n<li><a>...<\/a><\/li>\n\n\n\n<li><a href='?page_no=22911'>22911<\/a><\/li>\n\n\n\n<li><a href='?page_no=22912'>22912<\/a><\/li>\n\n    \n\t\n\n<li >\n\t<a href='?page_no=21659'>Next<\/a>\n\t<\/li>\n\n\n    \n\n<li><a href='?page_no=22912'>Last &rsaquo;&rsaquo;<\/a><\/li>\n\n<\/ul>\n\n\n--><br \/>\n<\/body><\/p>\n","protected":false},"excerpt":{"rendered":"<p>Caracas.- Tres intelectuales liberales, entre ellos el escritor peruano Mario Vargas Llosa, aceptaron hoy la invitaci\u00f3n del gobernante de Venezuela, Hugo Ch\u00e1vez, de ir a debatir a su maratoniano programa \u00abAl\u00f3 Presidente\u00bb, aunque con la condici\u00f3n de que sea con \u00e9l. \u00abEstamos a favor del di\u00e1logo como uno de los principios b\u00e1sicos que nosotros defendemos\u00bb, [&hellip;]<\/p>\n","protected":false},"author":3,"featured_media":0,"comment_status":"open","ping_status":"open","sticky":false,"template":"","format":"standard","meta":{"footnotes":""},"categories":[21],"tags":[],"class_list":["post-69980","post","type-post","status-publish","format-standard","hentry","category-cultura"],"_links":{"self":[{"href":"https:\/\/diariodominicano.com\/index.php?rest_route=\/wp\/v2\/posts\/69980","targetHints":{"allow":["GET"]}}],"collection":[{"href":"https:\/\/diariodominicano.com\/index.php?rest_route=\/wp\/v2\/posts"}],"about":[{"href":"https:\/\/diariodominicano.com\/index.php?rest_route=\/wp\/v2\/types\/post"}],"author":[{"embeddable":true,"href":"https:\/\/diariodominicano.com\/index.php?rest_route=\/wp\/v2\/users\/3"}],"replies":[{"embeddable":true,"href":"https:\/\/diariodominicano.com\/index.php?rest_route=%2Fwp%2Fv2%2Fcomments&post=69980"}],"version-history":[{"count":0,"href":"https:\/\/diariodominicano.com\/index.php?rest_route=\/wp\/v2\/posts\/69980\/revisions"}],"wp:attachment":[{"href":"https:\/\/diariodominicano.com\/index.php?rest_route=%2Fwp%2Fv2%2Fmedia&parent=69980"}],"wp:term":[{"taxonomy":"category","embeddable":true,"href":"https:\/\/diariodominicano.com\/index.php?rest_route=%2Fwp%2Fv2%2Fcategories&post=69980"},{"taxonomy":"post_tag","embeddable":true,"href":"https:\/\/diariodominicano.com\/index.php?rest_route=%2Fwp%2Fv2%2Ftags&post=69980"}],"curies":[{"name":"wp","href":"https:\/\/api.w.org\/{rel}","templated":true}]}}