{"id":69979,"date":"2009-06-01T17:15:24","date_gmt":"2009-06-01T17:15:24","guid":{"rendered":"http:\/\/diariodominicano.ddns.net\/?p=69979"},"modified":"2009-06-01T17:15:24","modified_gmt":"2009-06-01T17:15:24","slug":"casa-dominicana-abre-puertas-en-milan","status":"publish","type":"post","link":"https:\/\/diariodominicano.com\/?p=69979","title":{"rendered":"Casa Dominicana abre puertas en Mil\u00e1n"},"content":{"rendered":"<p><body><\/p>\n<p><img decoding=\"async\" src=\"http:\/\/localhost:8080\/img3\/milan.jpg\" \/>  <\/p>\n<p><span class=\"text1noticias\">Por Margarita Franco<\/span><\/p>\n<p><span class=\"text1noticias\">30 de mayo de 2009<\/span><\/p>\n<\/p>\n<p><span class=\"text1noticias\">MIL\u00c1N, ITALIA.- El pasado d\u00eda 15 de abril abri\u00f3 sus puerta la Casa Dominicana, un enclave sociocultural concebido y dirigido por  y para los dominicanos y dominicanas residentes en Mil\u00e1n, Italia.<\/span><\/p>\n<\/p>\n<p><span class=\"text1noticias\">Teniendo como referencia al Movimiento Integral Global (MIG), entidad sin fines de lucro creada  para promover la unidad de la di\u00e1spora criolla en suelo europeo, a trav\u00e9s de emitir una proyecci\u00f3n al exterior que deshaga toda clase de estigma que conlleva ser inmigrante o  extranjero.<\/span><\/p>\n<\/p>\n<p><span class=\"text1noticias\">Esta idea surge de mano de la doctora Arelis Perdomo, dominicana radicada desde hace m\u00e1s de 20 a\u00f1os en la ciudad de Mil\u00e1n. Mujer emprendedora,  dispuesta siempre a apoyar a sus compatriotas; tiene la idea de fundar este Movimiento Integral Global (MIG)  con la convicci\u00f3n de que se hac\u00eda urgente   reunificar a todos  los dominicanos y dominicanas sin importar su estatus social, religi\u00f3n ni militancia pol\u00edtica  partidista. Su carta de presentaci\u00f3n es ser dominicano(a) de buena voluntad y comprometido con la causa de proyectar una buena imagen de nuestro pa\u00eds.<\/span><\/p>\n<\/p>\n<p><span class=\"text1noticias\">En la Casa Dominicana, tienen nuestros connacionales un hogar c\u00e1lido, ameno; lugar de reencuentro con nuestro folclor e idiosincrasia como dominicanos y dominicanas. La historia, el arte, la cultura, los valores y las tradiciones, genuinamente se conjugan entrelazan all\u00ed, resaltando nuestra dominicanidad.<\/span><\/p>\n<p><span class=\"text1noticias\">Desde su apertura, el centro ha tenido una afluente visita de criollos y de otras nacionalidades, adem\u00e1s de la aut\u00f3ctona. Unidos   por la pasi\u00f3n,  nostalgia y la alegr\u00eda que  despierta  transversalmente a  todo ser humano  inmigrante, acuden   a deleitarse con nuestra   comida t\u00edpica, en camarader\u00eda y, sintiendo,  aunque sea por unos instantes,  que est\u00e1n en nuestra a\u00f1orada  Rep\u00fablica Dominicana, por supuesto, no falta nuestra m\u00fasica contagiosa.<\/span><\/p>\n<\/p>\n<p><span class=\"text1noticias\">En el \u00e1rea educativa se ofrecen cursos de formaci\u00f3n y capacitaci\u00f3n t\u00e9cnica, impartidos por profesionales docentes, entre los que figuran: gu\u00edas de formaci\u00f3n e integraci\u00f3n, asistencia social y legal.<\/span><\/p>\n<p><span class=\"text1noticias\">El ocio, como ya mencionamos arriba, forma parte del acontecer social. En esta casa los socios pueden realizar celebraciones de bodas, bautizos, cumplea\u00f1os y cualquier otra actividad social, previa autorizaci\u00f3n y reserva.<\/span><\/p>\n<\/p>\n<p><span class=\"text1noticias\">En los estatutos se consigna que desde all\u00ed  se promueve y fomenta cada acci\u00f3n necesaria para sensibilizar la opini\u00f3n p\u00fablica sobre los problemas de orden en inmigraci\u00f3n. Se colabora con los organismos legislativos y administrativos estatales y fuerza pol\u00edtica locales para obtener mejores resultados.<\/span><\/p>\n<\/p>\n<p><span class=\"text1noticias\">En este mismo sentido, tambi\u00e9n es  importante destacar la importancia otorgada, en el \u00e1mbito local, por instituciones privadas y del Estado italiano, quienes han expresado su aprobaci\u00f3n a este proyecto social. <\/span><\/p>\n<\/p>\n<p><span class=\"text1noticias\">La Casa Dominicana, est\u00e1 abierta al p\u00fablico de lunes a domingos, en horario empresarial de diez de la ma\u00f1ana a cuatro de la tarde y el horario social de cuatro de la tarde a diez de noche, en la v\u00eda Monferrato 12, CP 20094 Corsico, Milano. Tel\u00e9fonos 0039 02 58 602527 y 0039 366 32 34 214, email: lacasadeldominicano@gmail.com <\/span><\/p>\n<\/p>\n<p><span class=\"text1noticias\">Valoramos la iniciativa de formar este enclave cultural para nuestra di\u00e1spora, como otro de los tantos aportes de la doctora Arelis Perdomo, Presidenta de la Seccional del Partido Revolucionario Dominicano (PRD) en Italia. Quien tambi\u00e9n es ex vicepresidenta fundadora de la C\u00e1mara de Comercio Italo-Dominicana (ITALDOM) y ex C\u00f3nsul General en Mil\u00e1n.<\/span><\/p>\n<h6> 2009-06-01 17:15:24 <\/h6>\n<p><!--\n<link rel=\"stylesheet\" href=\"css\/bootstrap.min.css\">\n\n\n<ul class=\"pagination\">\n\t    \n\t\n\n<li >\n\t<a href='?page_no=21656'>Previous<\/a>\n\t<\/li>\n\n\n       \n    \n\n<li><a href='?page_no=1'>1<\/a><\/li>\n\n\n\n<li><a href='?page_no=2'>2<\/a><\/li>\n\n\n\n<li><a>...<\/a><\/li>\n\n\n\n<li><a href='?page_no=21655'>21655<\/a><\/li>\n\n\n\n<li><a href='?page_no=21656'>21656<\/a><\/li>\n\n\n\n<li class='active'><a>21657<\/a><\/li>\n\n\n\n<li><a href='?page_no=21658'>21658<\/a><\/li>\n\n\n\n<li><a href='?page_no=21659'>21659<\/a><\/li>\n\n\n\n<li><a>...<\/a><\/li>\n\n\n\n<li><a href='?page_no=22911'>22911<\/a><\/li>\n\n\n\n<li><a href='?page_no=22912'>22912<\/a><\/li>\n\n    \n\t\n\n<li >\n\t<a href='?page_no=21658'>Next<\/a>\n\t<\/li>\n\n\n    \n\n<li><a href='?page_no=22912'>Last &rsaquo;&rsaquo;<\/a><\/li>\n\n<\/ul>\n\n\n--><br \/>\n<\/body><\/p>\n","protected":false},"excerpt":{"rendered":"<p>Por Margarita Franco 30 de mayo de 2009 MIL\u00c1N, ITALIA.- El pasado d\u00eda 15 de abril abri\u00f3 sus puerta la Casa Dominicana, un enclave sociocultural concebido y dirigido por y para los dominicanos y dominicanas residentes en Mil\u00e1n, Italia. Teniendo como referencia al Movimiento Integral Global (MIG), entidad sin fines de lucro creada para promover [&hellip;]<\/p>\n","protected":false},"author":3,"featured_media":0,"comment_status":"open","ping_status":"open","sticky":false,"template":"","format":"standard","meta":{"footnotes":""},"categories":[21],"tags":[],"class_list":["post-69979","post","type-post","status-publish","format-standard","hentry","category-cultura"],"_links":{"self":[{"href":"https:\/\/diariodominicano.com\/index.php?rest_route=\/wp\/v2\/posts\/69979","targetHints":{"allow":["GET"]}}],"collection":[{"href":"https:\/\/diariodominicano.com\/index.php?rest_route=\/wp\/v2\/posts"}],"about":[{"href":"https:\/\/diariodominicano.com\/index.php?rest_route=\/wp\/v2\/types\/post"}],"author":[{"embeddable":true,"href":"https:\/\/diariodominicano.com\/index.php?rest_route=\/wp\/v2\/users\/3"}],"replies":[{"embeddable":true,"href":"https:\/\/diariodominicano.com\/index.php?rest_route=%2Fwp%2Fv2%2Fcomments&post=69979"}],"version-history":[{"count":0,"href":"https:\/\/diariodominicano.com\/index.php?rest_route=\/wp\/v2\/posts\/69979\/revisions"}],"wp:attachment":[{"href":"https:\/\/diariodominicano.com\/index.php?rest_route=%2Fwp%2Fv2%2Fmedia&parent=69979"}],"wp:term":[{"taxonomy":"category","embeddable":true,"href":"https:\/\/diariodominicano.com\/index.php?rest_route=%2Fwp%2Fv2%2Fcategories&post=69979"},{"taxonomy":"post_tag","embeddable":true,"href":"https:\/\/diariodominicano.com\/index.php?rest_route=%2Fwp%2Fv2%2Ftags&post=69979"}],"curies":[{"name":"wp","href":"https:\/\/api.w.org\/{rel}","templated":true}]}}