{"id":69978,"date":"2009-06-01T17:20:08","date_gmt":"2009-06-01T17:20:08","guid":{"rendered":"http:\/\/diariodominicano.ddns.net\/?p=69978"},"modified":"2009-06-01T17:20:08","modified_gmt":"2009-06-01T17:20:08","slug":"celebran-con-exito-festival-de-lecturas-al-aire-libre","status":"publish","type":"post","link":"https:\/\/diariodominicano.com\/?p=69978","title":{"rendered":"Celebran con \u00e9xito Festival de Lecturas al Aire Libre."},"content":{"rendered":"<p><body><\/p>\n<p><img decoding=\"async\" src=\"http:\/\/localhost:8080\/img3\/boch.jpg\" \/>  <\/p>\n<p><span class=\"text1noticias\">La Secretar\u00eda de Estado de Cultura a trav\u00e9s de la Direcci\u00f3n General del Libro y la Lectura, celebr\u00f3 exitosamente el d\u00eda 27 de mayo del a\u00f1o en curso el 1er Primer Festival de Lecturas al Aire Libre: ?A leer con Juan Bosch?.<\/span><\/p>\n<\/p>\n<p><span class=\"text1noticias\">Este Festival se enmarca en las actividades de Fomento de Lectura de \u00e9sta Secretar\u00eda de Estado y del Natalicio del Centenario del Profesor Juan Bosch.<\/span><\/p>\n<\/p>\n<p><span class=\"text1noticias\">El Festival Cont\u00f3 con el apoyo del Ayuntamiento de Santo Domingo Este en la persona del S\u00edndico Se\u00f1or Juan De Los Santos. Y fue realizado en el Parque Juan Pablo II de la Avenida Venezuela. Y con el apoyo de algunos escritores de esa Provincia: Vicente Beras, Alejandro Eusebio Gautreaux, Jos\u00e9 Miguel Dom\u00ednguez y Andr\u00e9s Toribio. Adem\u00e1s la destacada escritora Margarita Luciano y el escritor Jos\u00e9 Cepeda.<\/span><\/p>\n<\/p>\n<p><span class=\"text1noticias\">La maestra de Ceremonia Sra. Mildred Charlotte, present\u00f3 el discurso de Bienvenida por parte de la Secretar\u00eda de Estado de Cultura, por la licenciada Eleanor Grimaldi Sili\u00e9, quien agradeci\u00f3 al licenciado Jos\u00e9 Rafael Lantigua, Ministro de Cultura, por el apoyo que ofrece su gesti\u00f3n a la realizaci\u00f3n de estas actividades y motiv\u00f3 a los ni\u00f1os y j\u00f3venes a mostrar amor a la lectura dici\u00e9ndoles: ? Sabemos que los cuentos que van a disfrutar en este festival, les ayudar\u00e1n a ser cada vez mejores seres humanos y tambi\u00e9n les permitir\u00e1 conocer y amar a un ser humano que dio mucho de su vida para que hoy podamos disfrutar de un pa\u00eds democr\u00e1tico como lo fue el Profesor Juan Bosch?.<\/span><\/p>\n<\/p>\n<p><span class=\"text1noticias\">Por el Ayuntamiento del Distrito Nacional habl\u00f3 Juan L\u00f3pez, quien realiz\u00f3 una exhortaci\u00f3n a los ni\u00f1os y j\u00f3venes. Tambi\u00e9n realiz\u00f3 una breve exhortaci\u00f3n a los ni\u00f1os y j\u00f3venes el Lic. Domingo Guerrero, Director Nacional de Provincias de la Secretar\u00eda de Estado de Cultura.<\/span><\/p>\n<\/p>\n<p><span class=\"text1noticias\">El festival transcurri\u00f3 exitosamente en medio de la presentaci\u00f3n de dos obras teatrales una a cargo del Teatro Rompecabezas dirigido por Doris Triny con la representaci\u00f3n del Cuento Infantil de Juan Bosch: Dos pesos de Agua y el cuento El General Don Gallo, obra que fue presentada con el patrocinio de la Fundaci\u00f3n Educarte que dirige el escritor Tom\u00e1s Castro Burdiez. <\/span><\/p>\n<\/p>\n<p><span class=\"text1noticias\">Durante el festival, varios escritores dominicanos narraron cuentos del profesor Juan Bosch,  hicieron comentarios sobre su biograf\u00eda y realizaron actividades l\u00fadicas en torno a los cuentos.<\/span><\/p>\n<\/p>\n<p><span class=\"text1noticias\">Al Festival asistieron 300 ni\u00f1os de las escuelas Rep\u00fablica de Panam\u00e1, Liceo Minerva Mirabal  y del Colegio Adventista Ozama. <\/span><\/p>\n<\/p>\n<p><span class=\"text1noticias\">El contacto con las escuelas se realiz\u00f3 a trav\u00e9s del Lic. Dominicano Leonardo, Director del Distrito Escolar No. 10-04 de la Secretar\u00eda de Estado de Educaci\u00f3n y de los se\u00f1ores Guillermo Mart\u00ednez,  Director Regional de Cultura y el Gestor Cultural Jos\u00e9 Miguel Dom\u00ednguez, quienes apoyaron esta actividad junto a la Gestora  Cultural del Ayuntamiento, Se\u00f1ora Mercedes Hern\u00e1ndez. <\/span><\/p>\n<\/p>\n<p><span class=\"text1noticias\">La organizaci\u00f3n del Festival estuvo a cargo de la Direcci\u00f3n General del Libro: La Lic. Eleanor Grimaldi Sili\u00e9, la Lic. Mar\u00eda del Socorro Duque, los gestores Lic. Isael P\u00e9rez, Lic. V\u00edctor Bid\u00f3 y el Lic. Alcedo S\u00e1nchez, Encargado de Mercadeo de la Secretar\u00eda de Cultura.<\/span><\/p>\n<\/p>\n<p><span class=\"text1noticias\">Otros departamentos de la Secretar\u00eda de Estado de Cultura colaboraron: La Direcci\u00f3n de Talleres literarios representado por el escritor Eulogio Javier, la Direcci\u00f3n General del Plan Quinquenal por su Director Lic. Juan Freddy Armando y el gestor Mois\u00e9s Santana,   la escritora Ana Br\u00edgida G\u00f3mez por la Editora Nacional y \u00c1ngel Taveras, subdirector Provincial.<\/span><\/p>\n<h6> 2009-06-01 17:20:08 <\/h6>\n<p><!--\n<link rel=\"stylesheet\" href=\"css\/bootstrap.min.css\">\n\n\n<ul class=\"pagination\">\n\t    \n\t\n\n<li >\n\t<a href='?page_no=21655'>Previous<\/a>\n\t<\/li>\n\n\n       \n    \n\n<li><a href='?page_no=1'>1<\/a><\/li>\n\n\n\n<li><a href='?page_no=2'>2<\/a><\/li>\n\n\n\n<li><a>...<\/a><\/li>\n\n\n\n<li><a href='?page_no=21654'>21654<\/a><\/li>\n\n\n\n<li><a href='?page_no=21655'>21655<\/a><\/li>\n\n\n\n<li class='active'><a>21656<\/a><\/li>\n\n\n\n<li><a href='?page_no=21657'>21657<\/a><\/li>\n\n\n\n<li><a href='?page_no=21658'>21658<\/a><\/li>\n\n\n\n<li><a>...<\/a><\/li>\n\n\n\n<li><a href='?page_no=22911'>22911<\/a><\/li>\n\n\n\n<li><a href='?page_no=22912'>22912<\/a><\/li>\n\n    \n\t\n\n<li >\n\t<a href='?page_no=21657'>Next<\/a>\n\t<\/li>\n\n\n    \n\n<li><a href='?page_no=22912'>Last &rsaquo;&rsaquo;<\/a><\/li>\n\n<\/ul>\n\n\n--><br \/>\n<\/body><\/p>\n","protected":false},"excerpt":{"rendered":"<p>La Secretar\u00eda de Estado de Cultura a trav\u00e9s de la Direcci\u00f3n General del Libro y la Lectura, celebr\u00f3 exitosamente el d\u00eda 27 de mayo del a\u00f1o en curso el 1er Primer Festival de Lecturas al Aire Libre: ?A leer con Juan Bosch?. Este Festival se enmarca en las actividades de Fomento de Lectura de \u00e9sta [&hellip;]<\/p>\n","protected":false},"author":3,"featured_media":0,"comment_status":"open","ping_status":"open","sticky":false,"template":"","format":"standard","meta":{"footnotes":""},"categories":[21],"tags":[],"class_list":["post-69978","post","type-post","status-publish","format-standard","hentry","category-cultura"],"_links":{"self":[{"href":"https:\/\/diariodominicano.com\/index.php?rest_route=\/wp\/v2\/posts\/69978","targetHints":{"allow":["GET"]}}],"collection":[{"href":"https:\/\/diariodominicano.com\/index.php?rest_route=\/wp\/v2\/posts"}],"about":[{"href":"https:\/\/diariodominicano.com\/index.php?rest_route=\/wp\/v2\/types\/post"}],"author":[{"embeddable":true,"href":"https:\/\/diariodominicano.com\/index.php?rest_route=\/wp\/v2\/users\/3"}],"replies":[{"embeddable":true,"href":"https:\/\/diariodominicano.com\/index.php?rest_route=%2Fwp%2Fv2%2Fcomments&post=69978"}],"version-history":[{"count":0,"href":"https:\/\/diariodominicano.com\/index.php?rest_route=\/wp\/v2\/posts\/69978\/revisions"}],"wp:attachment":[{"href":"https:\/\/diariodominicano.com\/index.php?rest_route=%2Fwp%2Fv2%2Fmedia&parent=69978"}],"wp:term":[{"taxonomy":"category","embeddable":true,"href":"https:\/\/diariodominicano.com\/index.php?rest_route=%2Fwp%2Fv2%2Fcategories&post=69978"},{"taxonomy":"post_tag","embeddable":true,"href":"https:\/\/diariodominicano.com\/index.php?rest_route=%2Fwp%2Fv2%2Ftags&post=69978"}],"curies":[{"name":"wp","href":"https:\/\/api.w.org\/{rel}","templated":true}]}}