{"id":69977,"date":"2009-06-01T17:41:04","date_gmt":"2009-06-01T17:41:04","guid":{"rendered":"http:\/\/diariodominicano.ddns.net\/?p=69977"},"modified":"2009-06-01T17:41:04","modified_gmt":"2009-06-01T17:41:04","slug":"con-el-apoyo-de-la-embajada-de-italia-casa-de-italia-celebra-su-15-aniversario-con-varios-actos","status":"publish","type":"post","link":"https:\/\/diariodominicano.com\/?p=69977","title":{"rendered":"Con el apoyo de la Embajada de Italia Casa de Italia Celebra su 15 aniversario con varios actos"},"content":{"rendered":"<p><body><\/p>\n<p><img decoding=\"async\" src=\"img3\/comida.jpg\" \/>  <\/p>\n<p><span class=\"text1noticias\">La celebraci\u00f3n de su festival Eno-Gastron\u00f3mico n\u00famero 12 y la apertura de la muestra ?Paisaje de Italia? de la famosa artista italiana Silvana Chiozza son parte de la semana aniversario<\/span><\/p>\n<\/p>\n<p><span class=\"text1noticias\">SANTO DOMINGO. Para conmemorar su 15 Aniversario de su fundaci\u00f3n, la Casa de Italia ofrecer\u00e1 su tradicional Festival Enogastron\u00f3mico est\u00e9 pr\u00f3ximo domingo 7 de junio a partir de la 12 del mediod\u00eda en la Fortaleza Ozama.<\/span><\/p>\n<\/p>\n<p><span class=\"text1noticias\">El Festival cuenta, adem\u00e1s del auspicio de la Embajada de Italia y la C\u00e1mara de Comercio Dominico-Italiana, con el patrocinio de Proseguros, Grupo Vicini-Barilla, Mercasid, Domicen, Santo Domingo Motor, Central Romana y Cervecer\u00eda Nacional Dominicana.<\/span><\/p>\n<\/p>\n<p><span class=\"text1noticias\">La celebraci\u00f3n de su festival Eno-Gastron\u00f3mico n\u00famero 12 y la apertura de la muestra ?Paisaje de Italia? de la famosa artista italiana Silvana Chiozza son parte de la semana aniversario<\/span><\/p>\n<p><span class=\"text1noticias\">Al ofrecer las informaciones, la se\u00f1ora Mar\u00eda Mastrolilli, presidente del  evento, dijo que esta versi\u00f3n n\u00famero 12 del Festival cuenta con una variada  participaci\u00f3n de  restaurantes, pizzer\u00edas, queser\u00edas, helader\u00edas, entre otros, ?los restaurantes interesados que todav\u00eda no se han inscrito pueden comunicarse  a los tel\u00e9fonos (809)688-1497 y (809)689-7962 o tambi\u00e9n dirigirse a las oficinas de Casa Italia, ubicadas en la Calle Hostos esquina Luper\u00f3n de la Zona Colonial?.<\/span><\/p>\n<\/p>\n<p><span class=\"text1noticias\">Las celebraciones de la semana aniversario de la entidad italiana contin\u00faa el martes 9 del mismo mes con la apertura de la interesante muestra ?Paisaje de Italia? de la famosa pintora Silvana Chiozza, y que junto a la Embajada de esa naci\u00f3n europea dejar\u00e1n abierta a partir de la 7:30 de la noche en sus salones exhibiciones de la alta casa cultural.<\/span><\/p>\n<\/p>\n<p><span class=\"text1noticias\">Aclara que durante 15 a\u00f1os la entidad cultural ha demostrado ser una instituci\u00f3n abierta a todo tipo de manifestaci\u00f3n art\u00edstica, social, cultural y educativa.<\/span><\/p>\n<\/p>\n<p><span class=\"text1noticias\">Afirma que Casa de Italia se ha identificado siempre por su af\u00e1n de divulgar en el pa\u00eds la cultura italiana e impulsar el conocimiento de la lengua italiana, as\u00ed como dar a conocer el arte de artistas de relevancia internacional.<\/span><\/p>\n<p><span class=\"text1noticias\"> <\/span><\/p>\n<p><span class=\"text1noticias\">?Nos hemos destacados durante esto 15 a\u00f1os por la calidad, variedad y cantidad de  nuestra inmensa programaci\u00f3n de actividades cada a\u00f1o, donde las presentaciones de exposiciones de pintura, escultura y fotograf\u00eda, tanto de artistas italianos, como dominicanos, as\u00ed como de innumerables conferencias, y muy especial, su Escuela de Idioma, que funciona con \u00e9xito; la puerta de Casa de Italia est\u00e1 abierta a todo tipo de manifestaci\u00f3n cultural son parte de los protagonistas cada mes?, a\u00f1ade Mastrolilli.<\/span><\/p>\n<\/p>\n<p><span class=\"text1noticias\">Resalta que con esto 15 aniversarios, se celebra con \u00e9xito  la 12vo presentaci\u00f3n de su famoso Festival Eno-gastron\u00f3mico, el cual se celebra cada a\u00f1o en la Fortaleza Ozama. <\/span><\/p>\n<\/p>\n<p><span class=\"text1noticias\">Otros cursos impartido con profesores altamente calificado italiano, -a\u00f1ade Mastrolilli-, son Decoraci\u00f3n de Exteriores, cursos avanzados de fotograf\u00eda y dise\u00f1o de modas.<\/span><\/p>\n<\/p>\n<p><span class=\"text1noticias\">Manifiesta, adem\u00e1s, que Casa de Italia se ha trasladado a la ciudad de La Romana, donde funciona la Escuela de Idioma, Cocina y Sonmelier.<\/span><\/p>\n<h6> 2009-06-01 17:41:04 <\/h6>\n<p><!--\n<link rel=\"stylesheet\" href=\"css\/bootstrap.min.css\">\n\n\n<ul class=\"pagination\">\n\t    \n\t\n\n<li >\n\t<a href='?page_no=21654'>Previous<\/a>\n\t<\/li>\n\n\n       \n    \n\n<li><a href='?page_no=1'>1<\/a><\/li>\n\n\n\n<li><a href='?page_no=2'>2<\/a><\/li>\n\n\n\n<li><a>...<\/a><\/li>\n\n\n\n<li><a href='?page_no=21653'>21653<\/a><\/li>\n\n\n\n<li><a href='?page_no=21654'>21654<\/a><\/li>\n\n\n\n<li class='active'><a>21655<\/a><\/li>\n\n\n\n<li><a href='?page_no=21656'>21656<\/a><\/li>\n\n\n\n<li><a href='?page_no=21657'>21657<\/a><\/li>\n\n\n\n<li><a>...<\/a><\/li>\n\n\n\n<li><a href='?page_no=22911'>22911<\/a><\/li>\n\n\n\n<li><a href='?page_no=22912'>22912<\/a><\/li>\n\n    \n\t\n\n<li >\n\t<a href='?page_no=21656'>Next<\/a>\n\t<\/li>\n\n\n    \n\n<li><a href='?page_no=22912'>Last &rsaquo;&rsaquo;<\/a><\/li>\n\n<\/ul>\n\n\n--><br \/>\n<\/body><\/p>\n","protected":false},"excerpt":{"rendered":"<p>La celebraci\u00f3n de su festival Eno-Gastron\u00f3mico n\u00famero 12 y la apertura de la muestra ?Paisaje de Italia? de la famosa artista italiana Silvana Chiozza son parte de la semana aniversario SANTO DOMINGO. Para conmemorar su 15 Aniversario de su fundaci\u00f3n, la Casa de Italia ofrecer\u00e1 su tradicional Festival Enogastron\u00f3mico est\u00e9 pr\u00f3ximo domingo 7 de junio [&hellip;]<\/p>\n","protected":false},"author":3,"featured_media":0,"comment_status":"open","ping_status":"open","sticky":false,"template":"","format":"standard","meta":{"footnotes":""},"categories":[21],"tags":[],"class_list":["post-69977","post","type-post","status-publish","format-standard","hentry","category-cultura"],"_links":{"self":[{"href":"https:\/\/diariodominicano.com\/index.php?rest_route=\/wp\/v2\/posts\/69977","targetHints":{"allow":["GET"]}}],"collection":[{"href":"https:\/\/diariodominicano.com\/index.php?rest_route=\/wp\/v2\/posts"}],"about":[{"href":"https:\/\/diariodominicano.com\/index.php?rest_route=\/wp\/v2\/types\/post"}],"author":[{"embeddable":true,"href":"https:\/\/diariodominicano.com\/index.php?rest_route=\/wp\/v2\/users\/3"}],"replies":[{"embeddable":true,"href":"https:\/\/diariodominicano.com\/index.php?rest_route=%2Fwp%2Fv2%2Fcomments&post=69977"}],"version-history":[{"count":0,"href":"https:\/\/diariodominicano.com\/index.php?rest_route=\/wp\/v2\/posts\/69977\/revisions"}],"wp:attachment":[{"href":"https:\/\/diariodominicano.com\/index.php?rest_route=%2Fwp%2Fv2%2Fmedia&parent=69977"}],"wp:term":[{"taxonomy":"category","embeddable":true,"href":"https:\/\/diariodominicano.com\/index.php?rest_route=%2Fwp%2Fv2%2Fcategories&post=69977"},{"taxonomy":"post_tag","embeddable":true,"href":"https:\/\/diariodominicano.com\/index.php?rest_route=%2Fwp%2Fv2%2Ftags&post=69977"}],"curies":[{"name":"wp","href":"https:\/\/api.w.org\/{rel}","templated":true}]}}