{"id":69976,"date":"2009-06-02T14:03:39","date_gmt":"2009-06-02T14:03:39","guid":{"rendered":"http:\/\/diariodominicano.ddns.net\/?p=69976"},"modified":"2009-06-02T14:03:39","modified_gmt":"2009-06-02T14:03:39","slug":"casi-listo-monumento-al-14-de-junio","status":"publish","type":"post","link":"https:\/\/diariodominicano.com\/?p=69976","title":{"rendered":"CASI LISTO MONUMENTO AL 14 DE JUNIO"},"content":{"rendered":"<p><body><\/p>\n<p><img decoding=\"async\" src=\"http:\/\/localhost:8080\/img3\/junio.jpg\" \/>  <\/p>\n<p><span class=\"text1noticias\">SANTIAGO.-La esperanza de la patria se te\u00f1ir\u00e1 por completo de los colores de la bandera este 18 de junio cuando el s\u00edndico estar\u00e1 inaugurando un Monumento a los h\u00e9roes y m\u00e1rtires del 14 de junio.<\/span><\/p>\n<\/p>\n<p><span class=\"text1noticias\">En lo que ser\u00e1, a partir de entonces, un emblem\u00e1tico lugar figurar\u00e1n los nombres de los expedicionarios ca\u00eddos en esta gesta, que buscaba poner fin a la tiran\u00eda de Rafael Leonidas Trujillo Molina.<\/span><\/p>\n<\/p>\n<p><span class=\"text1noticias\">Pero solo los nombres de los que eran nativos de esta ciudad ser\u00e1n esculpidos en este Monumento, adelant\u00f3 el ingeniero Mauricio Estrella, quien ha sido uno de los art\u00edfices de esta obra, contando para ello con el apoyo de la administraci\u00f3n municipal de Jos\u00e9 Enrique Sued Sem.<\/span><\/p>\n<\/p>\n<p><span class=\"text1noticias\">La inauguraci\u00f3n de esta obra est\u00e1 prevista para el jueves, 18 de junio, a las 5:00 de la tarde. Obreros municipales agilizan los trabajos de modo que todo este listo para esta fecha.<\/span><\/p>\n<\/p>\n<p><span class=\"text1noticias\">En la actividad se espera que est\u00e9n presentes los sobrevivientes de la epopeya de junio del 1959, entre ellos Don Poncio Pou Saleta y Mayobanex Vargas, que son dos s\u00edmbolos de la lucha anti-trujillista.<\/span><\/p>\n<\/p>\n<p><span class=\"text1noticias\">Adem\u00e1s se invitan desde ya a personas que tuvieron algunos v\u00ednculos con las organizaciones revolucionarias que pusieron su granito de arena para liberarnos de las garras de la tiran\u00eda.<\/span><\/p>\n<\/p>\n<p><span class=\"text1noticias\">La propuesta original para que en Santiago se construyera este Monumento la hizo la Fundaci\u00f3n H\u00e9roes y M\u00e1rtires de Constanza, Maim\u00f3n y Estero Hondo, la cual hizo suya el sindico Sued Sem.<\/span><\/p>\n<\/p>\n<p><span class=\"text1noticias\">Se localiza en la Avenida Poncio Pou Saleta, espec\u00edficamente entre las calles 15 y 17, de los Jardines Metropolitanos. <\/span><\/p>\n<\/p>\n<p><span class=\"text1noticias\">Desde el Ayuntamiento se mantiene una eol\u00edtica que busca honrar la memoria de los dominicanos y extranjeros que contribuyeron, con su sangre y hasta con recursos econ\u00f3micos, para devolverle al pa\u00eds la libertad conculcada.<\/span><\/p>\n<\/p>\n<p><span class=\"text1noticias\">As\u00ed, dentro de estos prop\u00f3sitos, se designo un calle con el nombre del Comandante Delio G\u00f3mez Ochoa y una avenida con el nombre de Poncio Pou Saleta, dos de los sobrevivientes de la gesta del 1959.<\/span><\/p>\n<\/p>\n<p><span class=\"text1noticias\">Adem\u00e1s, recientemente se design\u00f3 una avenida con el nombre de los Hermanos Perozo, que fueron tres luchadores asesinados por su lucha contra la dictadura de 31 anos que encabez\u00f3 Trujillo.<\/span><\/p>\n<h6> 2009-06-02 14:03:39 <\/h6>\n<p><!--\n<link rel=\"stylesheet\" href=\"css\/bootstrap.min.css\">\n\n\n<ul class=\"pagination\">\n\t    \n\t\n\n<li >\n\t<a href='?page_no=21653'>Previous<\/a>\n\t<\/li>\n\n\n       \n    \n\n<li><a href='?page_no=1'>1<\/a><\/li>\n\n\n\n<li><a href='?page_no=2'>2<\/a><\/li>\n\n\n\n<li><a>...<\/a><\/li>\n\n\n\n<li><a href='?page_no=21652'>21652<\/a><\/li>\n\n\n\n<li><a href='?page_no=21653'>21653<\/a><\/li>\n\n\n\n<li class='active'><a>21654<\/a><\/li>\n\n\n\n<li><a href='?page_no=21655'>21655<\/a><\/li>\n\n\n\n<li><a href='?page_no=21656'>21656<\/a><\/li>\n\n\n\n<li><a>...<\/a><\/li>\n\n\n\n<li><a href='?page_no=22911'>22911<\/a><\/li>\n\n\n\n<li><a href='?page_no=22912'>22912<\/a><\/li>\n\n    \n\t\n\n<li >\n\t<a href='?page_no=21655'>Next<\/a>\n\t<\/li>\n\n\n    \n\n<li><a href='?page_no=22912'>Last &rsaquo;&rsaquo;<\/a><\/li>\n\n<\/ul>\n\n\n--><br \/>\n<\/body><\/p>\n","protected":false},"excerpt":{"rendered":"<p>SANTIAGO.-La esperanza de la patria se te\u00f1ir\u00e1 por completo de los colores de la bandera este 18 de junio cuando el s\u00edndico estar\u00e1 inaugurando un Monumento a los h\u00e9roes y m\u00e1rtires del 14 de junio. En lo que ser\u00e1, a partir de entonces, un emblem\u00e1tico lugar figurar\u00e1n los nombres de los expedicionarios ca\u00eddos en esta [&hellip;]<\/p>\n","protected":false},"author":3,"featured_media":0,"comment_status":"open","ping_status":"open","sticky":false,"template":"","format":"standard","meta":{"footnotes":""},"categories":[21],"tags":[],"class_list":["post-69976","post","type-post","status-publish","format-standard","hentry","category-cultura"],"_links":{"self":[{"href":"https:\/\/diariodominicano.com\/index.php?rest_route=\/wp\/v2\/posts\/69976","targetHints":{"allow":["GET"]}}],"collection":[{"href":"https:\/\/diariodominicano.com\/index.php?rest_route=\/wp\/v2\/posts"}],"about":[{"href":"https:\/\/diariodominicano.com\/index.php?rest_route=\/wp\/v2\/types\/post"}],"author":[{"embeddable":true,"href":"https:\/\/diariodominicano.com\/index.php?rest_route=\/wp\/v2\/users\/3"}],"replies":[{"embeddable":true,"href":"https:\/\/diariodominicano.com\/index.php?rest_route=%2Fwp%2Fv2%2Fcomments&post=69976"}],"version-history":[{"count":0,"href":"https:\/\/diariodominicano.com\/index.php?rest_route=\/wp\/v2\/posts\/69976\/revisions"}],"wp:attachment":[{"href":"https:\/\/diariodominicano.com\/index.php?rest_route=%2Fwp%2Fv2%2Fmedia&parent=69976"}],"wp:term":[{"taxonomy":"category","embeddable":true,"href":"https:\/\/diariodominicano.com\/index.php?rest_route=%2Fwp%2Fv2%2Fcategories&post=69976"},{"taxonomy":"post_tag","embeddable":true,"href":"https:\/\/diariodominicano.com\/index.php?rest_route=%2Fwp%2Fv2%2Ftags&post=69976"}],"curies":[{"name":"wp","href":"https:\/\/api.w.org\/{rel}","templated":true}]}}