{"id":69975,"date":"2009-06-02T21:38:03","date_gmt":"2009-06-02T21:38:03","guid":{"rendered":"http:\/\/diariodominicano.ddns.net\/?p=69975"},"modified":"2009-06-02T21:38:03","modified_gmt":"2009-06-02T21:38:03","slug":"conferencia-el-agua-a-traves-del-arte-en-el-marco-de-la-exposicion-agua-diecisiete-artistas-contemporaneos","status":"publish","type":"post","link":"https:\/\/diariodominicano.com\/?p=69975","title":{"rendered":"CONFERENCIA ?El agua a trav\u00e9s del arte? en el marco de la exposici\u00f3n ?AGUA? Diecisiete artistas contempor\u00e1neos."},"content":{"rendered":"<p><body><\/p>\n<p><img decoding=\"async\" src=\"img3\/pinto.jpg\" \/>  <\/p>\n<p><span class=\"text1noticias\">SANTO DOMINGO. Con el objetivo de dar a conocer todo lo concerniente sobre la colectiva ?Agua? 17 artistas contempor\u00e1neo, la Secretar\u00eda de Estado de Cultura y el Museo de Arte Moderno ofrecer\u00e1n una interesante conferencia titulada ?El agua a trav\u00e9s del arte? a cargo de la reconocida cr\u00edtico de arte Laura Gil.<\/span><\/p>\n<\/p>\n<p><span class=\"text1noticias\">La doctora Gil, encargada del Departamento de Investigaci\u00f3n del MAM, abordar\u00e1 con la presencia de los expositores de la interesante colectiva, este pr\u00f3ximo martes 9 de junio a las 7:30 de la noche en la misma \u00e1rea donde est\u00e1 montada la muestra.<\/span><\/p>\n<\/p>\n<p><span class=\"text1noticias\">Entre los participantes en el encuentro est\u00e1n los artistas visuales Elia Alba, Lina Aybar, Johnny Bonelly, Tony Capell\u00e1n, Patricia Castillo, Polibio D\u00edaz, Cruz Mar\u00eda Dotel, Jos\u00e9 Garc\u00eda Cordero, Sayuri Guzm\u00e1n, Pascal Meccariello, Raquel Paiewonsky, Jorge Pineda, B\u00e9lkis, quienes dialogaran con los presentes sobre sus obras<\/span><\/p>\n<\/p>\n<p><span class=\"text1noticias\">La muestra est\u00e1 compuesta por Performance, instalaci\u00f3n, fotograf\u00eda, video, pintura, cer\u00e1mica, dibujo y piezas en metal y en fibra de vidrio son algunas de los medios art\u00edsticos utilizados por cada uno de ellos para dar su punto de vista sobre las causas y consecuencias del uso indiscriminado de un recurso tan preciado y necesario como el agua. <\/span><\/p>\n<p><span class=\"text1noticias\">  <\/span><\/p>\n<p><span class=\"text1noticias\">Lo metaf\u00f3rico, lo aleg\u00f3rico y conceptual  es representado en estas obras, en las que destaca la importancia del agua como elemento indispensable para la vida, y el agua en sus diferentes matices. Para los pa\u00edses caribe\u00f1os el agua adquiere una connotaci\u00f3n especial; en el caso dominicano, esta presencia o protagonismo en el arte tambi\u00e9n se hace evidente desde nuestros abor\u00edgenes con sus representaciones de Boynayel- hasta los m\u00e1s importantes artistas contempor\u00e1neos.<\/span><\/p>\n<\/p>\n<p><span class=\"text1noticias\"> As\u00ed, las implicaciones de nuestra geograf\u00eda e insularidad ser\u00e1n un leit- motiv en la obra de muchos de los artistas nacionales para quienes el mar es el l\u00edmite, pero tambi\u00e9n es expansi\u00f3n. El mar es aislamiento, pero tambi\u00e9n representa oportunidades. <\/span><\/p>\n<p><span class=\"text1noticias\">  <\/span><\/p>\n<p><span class=\"text1noticias\">La muestra fue curada por el artista Fernando Varela y por Clara Caminero, Curadora Asistente del MAM.  La curadur\u00eda de esta exposici\u00f3n se basa en lineamientos de artistas que en alg\u00fan momento han tratado la problem\u00e1tica del agua, a nivel local y mundial, y han tenido en cuenta tambi\u00e9n a aquellos que pueden aportar una reflexi\u00f3n en torno a la situaci\u00f3n actual de este elemento vital para la poblaci\u00f3n. <\/span><\/p>\n<p><span class=\"text1noticias\">  <\/span><\/p>\n<p><span class=\"text1noticias\">?AGUA? Diecisiete artistas contempor\u00e1neos,  es una producci\u00f3n del Museo de Arte Moderno y cuenta con el patrocinio de la Direcci\u00f3n General de Aduanas.  Estar\u00e1 abierta al p\u00fablico hasta el 15 de julio en el Museo de Arte Moderno de la Rep\u00fablica Dominicana, localizado en Avda. Pedro Henr\u00edquez Ure\u00f1a, Plaza de la Cultura Juan Pablo Duarte, en horario de martes a domingos de 9:00 a.m. a 5:00 p.m.<\/span><\/p>\n<h6> 2009-06-02 21:38:03 <\/h6>\n<p><!--\n<link rel=\"stylesheet\" href=\"css\/bootstrap.min.css\">\n\n\n<ul class=\"pagination\">\n\t    \n\t\n\n<li >\n\t<a href='?page_no=21652'>Previous<\/a>\n\t<\/li>\n\n\n       \n    \n\n<li><a href='?page_no=1'>1<\/a><\/li>\n\n\n\n<li><a href='?page_no=2'>2<\/a><\/li>\n\n\n\n<li><a>...<\/a><\/li>\n\n\n\n<li><a href='?page_no=21651'>21651<\/a><\/li>\n\n\n\n<li><a href='?page_no=21652'>21652<\/a><\/li>\n\n\n\n<li class='active'><a>21653<\/a><\/li>\n\n\n\n<li><a href='?page_no=21654'>21654<\/a><\/li>\n\n\n\n<li><a href='?page_no=21655'>21655<\/a><\/li>\n\n\n\n<li><a>...<\/a><\/li>\n\n\n\n<li><a href='?page_no=22911'>22911<\/a><\/li>\n\n\n\n<li><a href='?page_no=22912'>22912<\/a><\/li>\n\n    \n\t\n\n<li >\n\t<a href='?page_no=21654'>Next<\/a>\n\t<\/li>\n\n\n    \n\n<li><a href='?page_no=22912'>Last &rsaquo;&rsaquo;<\/a><\/li>\n\n<\/ul>\n\n\n--><br \/>\n<\/body><\/p>\n","protected":false},"excerpt":{"rendered":"<p>SANTO DOMINGO. Con el objetivo de dar a conocer todo lo concerniente sobre la colectiva ?Agua? 17 artistas contempor\u00e1neo, la Secretar\u00eda de Estado de Cultura y el Museo de Arte Moderno ofrecer\u00e1n una interesante conferencia titulada ?El agua a trav\u00e9s del arte? a cargo de la reconocida cr\u00edtico de arte Laura Gil. La doctora Gil, [&hellip;]<\/p>\n","protected":false},"author":3,"featured_media":0,"comment_status":"open","ping_status":"open","sticky":false,"template":"","format":"standard","meta":{"footnotes":""},"categories":[21],"tags":[],"class_list":["post-69975","post","type-post","status-publish","format-standard","hentry","category-cultura"],"_links":{"self":[{"href":"https:\/\/diariodominicano.com\/index.php?rest_route=\/wp\/v2\/posts\/69975","targetHints":{"allow":["GET"]}}],"collection":[{"href":"https:\/\/diariodominicano.com\/index.php?rest_route=\/wp\/v2\/posts"}],"about":[{"href":"https:\/\/diariodominicano.com\/index.php?rest_route=\/wp\/v2\/types\/post"}],"author":[{"embeddable":true,"href":"https:\/\/diariodominicano.com\/index.php?rest_route=\/wp\/v2\/users\/3"}],"replies":[{"embeddable":true,"href":"https:\/\/diariodominicano.com\/index.php?rest_route=%2Fwp%2Fv2%2Fcomments&post=69975"}],"version-history":[{"count":0,"href":"https:\/\/diariodominicano.com\/index.php?rest_route=\/wp\/v2\/posts\/69975\/revisions"}],"wp:attachment":[{"href":"https:\/\/diariodominicano.com\/index.php?rest_route=%2Fwp%2Fv2%2Fmedia&parent=69975"}],"wp:term":[{"taxonomy":"category","embeddable":true,"href":"https:\/\/diariodominicano.com\/index.php?rest_route=%2Fwp%2Fv2%2Fcategories&post=69975"},{"taxonomy":"post_tag","embeddable":true,"href":"https:\/\/diariodominicano.com\/index.php?rest_route=%2Fwp%2Fv2%2Ftags&post=69975"}],"curies":[{"name":"wp","href":"https:\/\/api.w.org\/{rel}","templated":true}]}}