{"id":69973,"date":"2009-06-03T13:56:12","date_gmt":"2009-06-03T13:56:12","guid":{"rendered":"http:\/\/diariodominicano.ddns.net\/?p=69973"},"modified":"2009-06-03T13:56:12","modified_gmt":"2009-06-03T13:56:12","slug":"efemerides-patrias-rinde-homenaje-al-tte-amado-garcia-guerrero","status":"publish","type":"post","link":"https:\/\/diariodominicano.com\/?p=69973","title":{"rendered":"Efem\u00e9rides Patrias rinde homenaje  al Tte Amado Garc\u00eda Guerrero"},"content":{"rendered":"<p><body><\/p>\n<p><img decoding=\"async\" src=\"http:\/\/localhost:8080\/img3\/tenien.jpg\" \/>  <\/p>\n<p><span class=\"text1noticias\">La Comisi\u00f3n Permanente de Efem\u00e9rides patrias organiz\u00f3 un acto c\u00edvico en homenaje al H\u00e9roe Nacional Teniente Amado Garc\u00eda con motivo del 48 Aniversario de su muerte.<\/span><\/p>\n<\/p>\n<p><span class=\"text1noticias\">El acto fue encabezado por el historiador Juan Daniel Balc\u00e1cer, presidente de Efem\u00e9rides Patrias quien fue acompa\u00f1ado por el secretario de estado sin cartera y miembro de la Comisi\u00f3n de Efem\u00e9rides Patrias, Rafael P\u00e9rez Modesto, el general \u00ae H\u00e9ctor Lachapelle D\u00edaz, h\u00e9roe constitucionalista y miembro de la Comisi\u00f3n, el profesor Luis de Le\u00f3n, presidente de la Fuerza Boschista, estudiantes del liceo Estados Unidos y profesores de Regional 15 de Educaci\u00f3n, Arlette Fern\u00e1ndez, de la Fundaci\u00f3n Fern\u00e1ndez Dom\u00ednguez y coronel Juan Manuel Lora Fern\u00e1ndez, de la Fundaci\u00f3n Lora Fern\u00e1ndez, personalidades, intelectuales y estudiantes.<\/span><\/p>\n<\/p>\n<p><span class=\"text1noticias\">El acto en honor al teniente Amado Garc\u00eda Guerrero se realiz\u00f3 en la San Mart\u00edn No. 59, lugar donde cay\u00f3 abatido, tras enfrentarse con valent\u00eda a  los sicarios del SIM, el 02 de junio del 1961.<\/span><\/p>\n<p><span class=\"text1noticias\">El teniente Amado Garc\u00eda fue uno de los principales complotados, por lo que es considerado un s\u00edmbolo de Dignidad Nacional.<\/span><\/p>\n<\/p>\n<p><span class=\"text1noticias\">Adem\u00e1s de informar a sus compa\u00f1eros los distintos itinerarios del dictador, fue el que inform\u00f3 el 30 de mayo del 1961, los cambios de planes de \u00faltimo momento del dictador, lo que llev\u00f3 a planificar y realizar exitosamente el ajusticiamiento.<\/span><\/p>\n<\/p>\n<p><span class=\"text1noticias\">Garc\u00eda Guerrero, tambi\u00e9n estuvo en acci\u00f3n junto a   Salvador Estrella Sadhal\u00e1, Hu\u00e1scar Tejeda, Luis Amiama Ti\u00f3, Antonio Imbert Barrera, Antonio de la Maza, Roberto Pastoriza Neret, Pedro Livio Cede\u00f1o Herrera en el ajusticiamiento del s\u00e1trapa Rafael Leonidas Trujillo.<\/span><\/p>\n<\/p>\n<p><span class=\"text1noticias\">El joven militar naci\u00f3 en la ciudad de La Romana, el 2 de Junio de 1931 y fue asesinado 30 a\u00f1os m\u00e1s tarde, igual d\u00eda y mes de 1961, en Santo Domingo.<\/span><\/p>\n<\/p>\n<p><span class=\"text1noticias\">Una ofrenda floral fue colocada por el historiador Balc\u00e1cer en compa\u00f1\u00eda de estudiantes en el monumento que le rinde honor mismo lugar en que muri\u00f3 y en el que reposa un busto y una placa que dejan constancia a las nuevas y futuras generaciones de la val\u00eda del Teniente Amado Garc\u00eda Guerrero.<\/span><\/p>\n<p><span class=\"text1noticias\">Tras entonar el Himno Nacional el licenciado Juan Daniel Balc\u00e1cer habl\u00f3 con los presentes y dirigi\u00f3 su exhortaci\u00f3n principalmente a los j\u00f3venes estudiantes para que conozcan la historia de la Rep\u00fablica Dominicana ?y aprendan a valorar a hombres como el Teniente Amado Garc\u00eda Guerrero y los h\u00e9roes de todas nuestras grandes batallas?.<\/span><\/p>\n<\/p>\n<p><span class=\"text1noticias\">Balc\u00e1cer explic\u00f3 la importancia de que este homenaje se realice en este espacio, donde hubo una casita muy acogedora, ?la de Am\u00e9rica Garc\u00eda, t\u00eda del Teniente Amado Garc\u00eda Guerrero, la cual fue quemada dos d\u00edas despu\u00e9s de que lo mataron.  Estamos en un lugar sagrado del civismo dominicano?.<\/span><\/p>\n<\/p>\n<p><span class=\"text1noticias\">El historiador narr\u00f3 c\u00f3mo los siete h\u00e9roes ajusticiadores acabaron en tan solo 7 minutos 31 a\u00f1os de cruenta tiran\u00eda, representadas en la figura de Rafael L. Trujillo. <\/span><\/p>\n<\/p>\n<p><span class=\"text1noticias\">Garc\u00eda Guerrero fue el primero de los H\u00e9roes del 30 de Mayo que entreg\u00f3 su vida voluntariamente en defensa de la acci\u00f3n que hab\u00edan llevado a cabo el 30 de mayo.<\/span><\/p>\n<h6> 2009-06-03 13:56:12 <\/h6>\n<p><!--\n<link rel=\"stylesheet\" href=\"css\/bootstrap.min.css\">\n\n\n<ul class=\"pagination\">\n\t    \n\t\n\n<li >\n\t<a href='?page_no=21650'>Previous<\/a>\n\t<\/li>\n\n\n       \n    \n\n<li><a href='?page_no=1'>1<\/a><\/li>\n\n\n\n<li><a href='?page_no=2'>2<\/a><\/li>\n\n\n\n<li><a>...<\/a><\/li>\n\n\n\n<li><a href='?page_no=21649'>21649<\/a><\/li>\n\n\n\n<li><a href='?page_no=21650'>21650<\/a><\/li>\n\n\n\n<li class='active'><a>21651<\/a><\/li>\n\n\n\n<li><a href='?page_no=21652'>21652<\/a><\/li>\n\n\n\n<li><a href='?page_no=21653'>21653<\/a><\/li>\n\n\n\n<li><a>...<\/a><\/li>\n\n\n\n<li><a href='?page_no=22911'>22911<\/a><\/li>\n\n\n\n<li><a href='?page_no=22912'>22912<\/a><\/li>\n\n    \n\t\n\n<li >\n\t<a href='?page_no=21652'>Next<\/a>\n\t<\/li>\n\n\n    \n\n<li><a href='?page_no=22912'>Last &rsaquo;&rsaquo;<\/a><\/li>\n\n<\/ul>\n\n\n--><br \/>\n<\/body><\/p>\n","protected":false},"excerpt":{"rendered":"<p>La Comisi\u00f3n Permanente de Efem\u00e9rides patrias organiz\u00f3 un acto c\u00edvico en homenaje al H\u00e9roe Nacional Teniente Amado Garc\u00eda con motivo del 48 Aniversario de su muerte. El acto fue encabezado por el historiador Juan Daniel Balc\u00e1cer, presidente de Efem\u00e9rides Patrias quien fue acompa\u00f1ado por el secretario de estado sin cartera y miembro de la Comisi\u00f3n [&hellip;]<\/p>\n","protected":false},"author":3,"featured_media":0,"comment_status":"open","ping_status":"open","sticky":false,"template":"","format":"standard","meta":{"footnotes":""},"categories":[21],"tags":[],"class_list":["post-69973","post","type-post","status-publish","format-standard","hentry","category-cultura"],"_links":{"self":[{"href":"https:\/\/diariodominicano.com\/index.php?rest_route=\/wp\/v2\/posts\/69973","targetHints":{"allow":["GET"]}}],"collection":[{"href":"https:\/\/diariodominicano.com\/index.php?rest_route=\/wp\/v2\/posts"}],"about":[{"href":"https:\/\/diariodominicano.com\/index.php?rest_route=\/wp\/v2\/types\/post"}],"author":[{"embeddable":true,"href":"https:\/\/diariodominicano.com\/index.php?rest_route=\/wp\/v2\/users\/3"}],"replies":[{"embeddable":true,"href":"https:\/\/diariodominicano.com\/index.php?rest_route=%2Fwp%2Fv2%2Fcomments&post=69973"}],"version-history":[{"count":0,"href":"https:\/\/diariodominicano.com\/index.php?rest_route=\/wp\/v2\/posts\/69973\/revisions"}],"wp:attachment":[{"href":"https:\/\/diariodominicano.com\/index.php?rest_route=%2Fwp%2Fv2%2Fmedia&parent=69973"}],"wp:term":[{"taxonomy":"category","embeddable":true,"href":"https:\/\/diariodominicano.com\/index.php?rest_route=%2Fwp%2Fv2%2Fcategories&post=69973"},{"taxonomy":"post_tag","embeddable":true,"href":"https:\/\/diariodominicano.com\/index.php?rest_route=%2Fwp%2Fv2%2Ftags&post=69973"}],"curies":[{"name":"wp","href":"https:\/\/api.w.org\/{rel}","templated":true}]}}