{"id":69971,"date":"2009-06-03T16:59:21","date_gmt":"2009-06-03T16:59:21","guid":{"rendered":"http:\/\/diariodominicano.ddns.net\/?p=69971"},"modified":"2009-06-03T16:59:21","modified_gmt":"2009-06-03T16:59:21","slug":"ptd-llama-apoyar-el-sexto-festival-del-carfe-organico-en-polo","status":"publish","type":"post","link":"https:\/\/diariodominicano.com\/?p=69971","title":{"rendered":"PTD llama apoyar el sexto Festival del Carf\u00e9 Organico, en Polo."},"content":{"rendered":"<p><body><\/p>\n<p><span class=\"text1noticias\">POLO, Barahona.- El Partido de los Trabajadores Dominicanos (PTD), llam\u00f3 los residentes de la regi\u00f3n Sur, apoyar el sexto ?Festival del Caf\u00e9 Org\u00e1nico?, a celebrarse los d\u00edas s\u00e1bado  6 y domingo7, <\/span><\/p>\n<p><span class=\"text1noticias\"> <\/span><\/p>\n<p><span class=\"text1noticias\">La entidad pol\u00edtica que lidera el ex senador y director ejecutivo del Fondo de Promoci\u00f3n a las Iniciativas Comunitarias (Procomunidad), Jos\u00e9 Gonz\u00e1lez Espinosa, manifest\u00f3 que la actividad esta programada para iniciar este s\u00e1bado a partir de la 10 de la ma\u00f1ana. <\/span><\/p>\n<p><span class=\"text1noticias\"> <\/span><\/p>\n<p><span class=\"text1noticias\">Manifest\u00f3 que esta sexta  versi\u00f3n est\u00e1 dedicada a la vecina isla de Puerto Rico, al Son,  la Salsa y tendr\u00e1 la participaci\u00f3n de las  grandes estrellas puertorrique\u00f1a  Andy Monta\u00f1ez, Danny Rivera, Wilkins y Nelson Gonz\u00e1lez y se espera la participaci\u00f3n   de mas  10 mil espectadores, procedente del exterior y del pa\u00eds.<\/span><\/p>\n<p><span class=\"text1noticias\"> <\/span><\/p>\n<p><span class=\"text1noticias\">Adem\u00e1s participar\u00e1n  los artistas dominicanos  Sexapeal, Pavel N\u00fa\u00f1ez, Patricia Pereyra, Manuel Jim\u00e9nez, Duluc, V\u00edctor V\u00edctor, el Grupo Los Bony\u00e9, Pochy Familia y la Coco Band, Ileana Reynoso, Milagros Hern\u00e1ndez (La Loba), el Grupo Maniel, El Club Nacional de Soneros y presentaciones y manifestaciones art\u00edsticas de la regi\u00f3n.<\/span><\/p>\n<p><span class=\"text1noticias\"> <\/span><\/p>\n<p><span class=\"text1noticias\">La fiesta de la cosecha es organizada por el Comit\u00e9 Permanente de Cultura de Polo ?CPCP-, la Cooperativa de Caficultores Org\u00e1nicos de Polo, la Cooperativa de Mujeres Caficultoras de Polo y el Ayuntamiento de Polo, con el acompa\u00f1amiento de Ideac, la Fundaci\u00f3n Cultural Cofrad\u00eda, la Red Dominicana de Culturas Locales, la Fundaci\u00f3n Enamorado de la Paz del artista Danny Rivera y m\u00e1s de 30 instituciones regionales y nacionales. <\/span><\/p>\n<\/p>\n<p><span class=\"text1noticias\"> La entidad de los colores verde y negro y la flor de la cayena manifest\u00f3 que en el marco de esta celebraci\u00f3n del festival se realizaran conversatorios sobre temas de Econom\u00eda Solidaria, Cultivo de Monta\u00f1a, Derechos Culturales y otros, con la exposici\u00f3n de programas de agencias de cooperaci\u00f3n, instituciones y organismos nacionales e internacionales. Asimismo se realizar\u00e1n rutas ecol\u00f3gicas, intercambios deportivos de F\u00fatbol, torneo de Voleibol y corrida de caballos. <\/span><\/p>\n<p><span class=\"text1noticias\"> <\/span><\/p>\n<p><span class=\"text1noticias\">Esta sexta entrega da continuidad al objetivo estrat\u00e9gico de ejecutar acciones para fortalecer las tradiciones art\u00edsticas y culturales de la regi\u00f3n y el pa\u00eds, d\u00e1ndoles promoci\u00f3n y visibilidad para que esta buena pr\u00e1ctica pueda extenderse e implementarse por el bien colectivo del ecosistema y del mundo. <\/span><\/p>\n<p><span class=\"text1noticias\"> <\/span><\/p>\n<p><span class=\"text1noticias\">El caf\u00e9 org\u00e1nico son aquellos  granos  que se cultivan sin el uso de pesticida o fertilizantes, utilizando solo m\u00e9todos naturales. La teor\u00eda detr\u00e1s de todo esto es que la producci\u00f3n de caf\u00e9 org\u00e1nico contamina menos que el cultivo de caf\u00e9 normal. <\/span><\/p>\n<p><span class=\"text1noticias\"> <\/span><\/p>\n<p><span class=\"text1noticias\">La comunidad de Polo se ha caracterizado por m\u00e1s de un lustro por vender la marca regi\u00f3n con las bondades de sus recursos naturales; este a\u00f1o, para reiterar el llamado al cultivo de productos naturales, sin qu\u00edmicos ni pesticidas, celebra la cosecha del caf\u00e9 junto al d\u00eda mundial del medio ambiente<\/span><\/p>\n<h6> 2009-06-03 16:59:21 <\/h6>\n<p><!--\n<link rel=\"stylesheet\" href=\"css\/bootstrap.min.css\">\n\n\n<ul class=\"pagination\">\n\t    \n\t\n\n<li >\n\t<a href='?page_no=21648'>Previous<\/a>\n\t<\/li>\n\n\n       \n    \n\n<li><a href='?page_no=1'>1<\/a><\/li>\n\n\n\n<li><a href='?page_no=2'>2<\/a><\/li>\n\n\n\n<li><a>...<\/a><\/li>\n\n\n\n<li><a href='?page_no=21647'>21647<\/a><\/li>\n\n\n\n<li><a href='?page_no=21648'>21648<\/a><\/li>\n\n\n\n<li class='active'><a>21649<\/a><\/li>\n\n\n\n<li><a href='?page_no=21650'>21650<\/a><\/li>\n\n\n\n<li><a href='?page_no=21651'>21651<\/a><\/li>\n\n\n\n<li><a>...<\/a><\/li>\n\n\n\n<li><a href='?page_no=22911'>22911<\/a><\/li>\n\n\n\n<li><a href='?page_no=22912'>22912<\/a><\/li>\n\n    \n\t\n\n<li >\n\t<a href='?page_no=21650'>Next<\/a>\n\t<\/li>\n\n\n    \n\n<li><a href='?page_no=22912'>Last &rsaquo;&rsaquo;<\/a><\/li>\n\n<\/ul>\n\n\n--><br \/>\n<\/body><\/p>\n","protected":false},"excerpt":{"rendered":"<p>POLO, Barahona.- El Partido de los Trabajadores Dominicanos (PTD), llam\u00f3 los residentes de la regi\u00f3n Sur, apoyar el sexto ?Festival del Caf\u00e9 Org\u00e1nico?, a celebrarse los d\u00edas s\u00e1bado 6 y domingo7, La entidad pol\u00edtica que lidera el ex senador y director ejecutivo del Fondo de Promoci\u00f3n a las Iniciativas Comunitarias (Procomunidad), Jos\u00e9 Gonz\u00e1lez Espinosa, manifest\u00f3 [&hellip;]<\/p>\n","protected":false},"author":3,"featured_media":0,"comment_status":"open","ping_status":"open","sticky":false,"template":"","format":"standard","meta":{"footnotes":""},"categories":[21],"tags":[],"class_list":["post-69971","post","type-post","status-publish","format-standard","hentry","category-cultura"],"_links":{"self":[{"href":"https:\/\/diariodominicano.com\/index.php?rest_route=\/wp\/v2\/posts\/69971","targetHints":{"allow":["GET"]}}],"collection":[{"href":"https:\/\/diariodominicano.com\/index.php?rest_route=\/wp\/v2\/posts"}],"about":[{"href":"https:\/\/diariodominicano.com\/index.php?rest_route=\/wp\/v2\/types\/post"}],"author":[{"embeddable":true,"href":"https:\/\/diariodominicano.com\/index.php?rest_route=\/wp\/v2\/users\/3"}],"replies":[{"embeddable":true,"href":"https:\/\/diariodominicano.com\/index.php?rest_route=%2Fwp%2Fv2%2Fcomments&post=69971"}],"version-history":[{"count":0,"href":"https:\/\/diariodominicano.com\/index.php?rest_route=\/wp\/v2\/posts\/69971\/revisions"}],"wp:attachment":[{"href":"https:\/\/diariodominicano.com\/index.php?rest_route=%2Fwp%2Fv2%2Fmedia&parent=69971"}],"wp:term":[{"taxonomy":"category","embeddable":true,"href":"https:\/\/diariodominicano.com\/index.php?rest_route=%2Fwp%2Fv2%2Fcategories&post=69971"},{"taxonomy":"post_tag","embeddable":true,"href":"https:\/\/diariodominicano.com\/index.php?rest_route=%2Fwp%2Fv2%2Ftags&post=69971"}],"curies":[{"name":"wp","href":"https:\/\/api.w.org\/{rel}","templated":true}]}}