{"id":69970,"date":"2009-06-03T17:02:00","date_gmt":"2009-06-03T17:02:00","guid":{"rendered":"http:\/\/diariodominicano.ddns.net\/?p=69970"},"modified":"2009-06-03T17:02:00","modified_gmt":"2009-06-03T17:02:00","slug":"vuelve-festicafe-2009-el-evento-mas-trascendental-de-la-region-sur","status":"publish","type":"post","link":"https:\/\/diariodominicano.com\/?p=69970","title":{"rendered":"Vuelve Festicaf\u00e9 2009, el evento m\u00e1s trascendental de la regi\u00f3n Sur"},"content":{"rendered":"<p><body><\/p>\n<p><img decoding=\"async\" src=\"img3\/cafe.jpg\" \/>  <\/p>\n<p><span class=\"text1noticias\">Son ya seis a\u00f1os de realizaci\u00f3n ininterrumpida del Festicaf\u00e9, una celebraci\u00f3n de la cosecha en medio de la Sierra de Bahoruco. Los d\u00edas  s\u00e1bado 6 y domingo 7 de junio la comunidad de Polo se convertir\u00e1 en un espacio de diversidad de m\u00fasica, con la muestra de diferentes manifestaciones y expresiones <\/span><\/p>\n<p><span class=\"text1noticias\">art\u00edsticas nacionales e internacionales.  <\/span><\/p>\n<\/p>\n<p><span class=\"text1noticias\">Esta comunidad de la provincia Barahona se caracteriza por m\u00e1s de un lustro por vender la marca regi\u00f3n con las bondades de sus recursos naturales; este a\u00f1o, para reiterar el llamado al cultivo de productos naturales, sin qu\u00edmicos ni pesticidas, celebra la cosecha del caf\u00e9 junto al d\u00eda mundial del medio ambiente.   <\/span><\/p>\n<\/p>\n<p><span class=\"text1noticias\">La fiesta de la cosecha es organizada por el Comit\u00e9 Permanente de Cultura de Polo ?CPCP-, la Cooperativa de Caficultores Org\u00e1nicos de Polo, la Cooperativa de Mujeres Caficultoras de Polo y el Ayuntamiento de Polo con el acompa\u00f1amiento de Ideac, la Fundaci\u00f3n Cultural Cofrad\u00eda, la Red Dominicana de Culturas Locales, la Fundaci\u00f3n Enamorado de la Paz del artista Danny Rivera y m\u00e1s de 30 instituciones regionales y nacionales.   <\/span><\/p>\n<\/p>\n<p><span class=\"text1noticias\">La sexta entrega da continuidad al objetivo estrat\u00e9gico de ejecutar acciones para fortalecer las tradiciones art\u00edsticas y culturales de la regi\u00f3n y el pa\u00eds, d\u00e1ndoles promoci\u00f3n y visibilidad para que esta buena pr\u00e1ctica pueda extenderse e implementarse por el bien colectivo del ecosistema y del mundo.  <\/span><\/p>\n<p><span class=\"text1noticias\">Durante dos d\u00edas la disposici\u00f3n de esta comunidad se conjuga con los artistas e intelectuales, animadores culturales que trabajan por el fortalecimiento local; de este modo, presenta una propuesta integral para el disfrute de todo p\u00fablico.<\/span><\/p>\n<\/p>\n<p><span class=\"text1noticias\">En el marco de esta celebraci\u00f3n se realizaran varios conversatorios sobre temas de Econom\u00eda Solidaria, Cultivo de Monta\u00f1a, Derechos Culturales y otros, con la exposici\u00f3n de programas de agencias de cooperaci\u00f3n, instituciones y organismos nacionales e internacionales. Asimismo se realizar\u00e1n rutas ecol\u00f3gicas, intercambios deportivos como intercambio de F\u00fatbol, torneo de Voleibol y corrida de caballos.  <\/span><\/p>\n<\/p>\n<p><span class=\"text1noticias\">Desde el a\u00f1o pasado el Festicaf\u00e9 adquiri\u00f3 mayor visibilidad y posicionamiento con la participaci\u00f3n de artistas internacionales, expresa el reconocido cantautor Rold\u00e1n,  productor de este festival desde sus inicios. De manera consistente cada a\u00f1o asisten m\u00e1s de 10 mil espectadores y participantes, cifra que asciende en cada entrega, convirti\u00e9ndose este en un referente de la regi\u00f3n sur y como un festival \u00fanico en el pa\u00eds.<\/span><\/p>\n<h6> 2009-06-03 17:02:00 <\/h6>\n<p><!--\n<link rel=\"stylesheet\" href=\"css\/bootstrap.min.css\">\n\n\n<ul class=\"pagination\">\n\t    \n\t\n\n<li >\n\t<a href='?page_no=21647'>Previous<\/a>\n\t<\/li>\n\n\n       \n    \n\n<li><a href='?page_no=1'>1<\/a><\/li>\n\n\n\n<li><a href='?page_no=2'>2<\/a><\/li>\n\n\n\n<li><a>...<\/a><\/li>\n\n\n\n<li><a href='?page_no=21646'>21646<\/a><\/li>\n\n\n\n<li><a href='?page_no=21647'>21647<\/a><\/li>\n\n\n\n<li class='active'><a>21648<\/a><\/li>\n\n\n\n<li><a href='?page_no=21649'>21649<\/a><\/li>\n\n\n\n<li><a href='?page_no=21650'>21650<\/a><\/li>\n\n\n\n<li><a>...<\/a><\/li>\n\n\n\n<li><a href='?page_no=22911'>22911<\/a><\/li>\n\n\n\n<li><a href='?page_no=22912'>22912<\/a><\/li>\n\n    \n\t\n\n<li >\n\t<a href='?page_no=21649'>Next<\/a>\n\t<\/li>\n\n\n    \n\n<li><a href='?page_no=22912'>Last &rsaquo;&rsaquo;<\/a><\/li>\n\n<\/ul>\n\n\n--><br \/>\n<\/body><\/p>\n","protected":false},"excerpt":{"rendered":"<p>Son ya seis a\u00f1os de realizaci\u00f3n ininterrumpida del Festicaf\u00e9, una celebraci\u00f3n de la cosecha en medio de la Sierra de Bahoruco. Los d\u00edas s\u00e1bado 6 y domingo 7 de junio la comunidad de Polo se convertir\u00e1 en un espacio de diversidad de m\u00fasica, con la muestra de diferentes manifestaciones y expresiones art\u00edsticas nacionales e internacionales. [&hellip;]<\/p>\n","protected":false},"author":3,"featured_media":0,"comment_status":"open","ping_status":"open","sticky":false,"template":"","format":"standard","meta":{"footnotes":""},"categories":[21],"tags":[],"class_list":["post-69970","post","type-post","status-publish","format-standard","hentry","category-cultura"],"_links":{"self":[{"href":"https:\/\/diariodominicano.com\/index.php?rest_route=\/wp\/v2\/posts\/69970","targetHints":{"allow":["GET"]}}],"collection":[{"href":"https:\/\/diariodominicano.com\/index.php?rest_route=\/wp\/v2\/posts"}],"about":[{"href":"https:\/\/diariodominicano.com\/index.php?rest_route=\/wp\/v2\/types\/post"}],"author":[{"embeddable":true,"href":"https:\/\/diariodominicano.com\/index.php?rest_route=\/wp\/v2\/users\/3"}],"replies":[{"embeddable":true,"href":"https:\/\/diariodominicano.com\/index.php?rest_route=%2Fwp%2Fv2%2Fcomments&post=69970"}],"version-history":[{"count":0,"href":"https:\/\/diariodominicano.com\/index.php?rest_route=\/wp\/v2\/posts\/69970\/revisions"}],"wp:attachment":[{"href":"https:\/\/diariodominicano.com\/index.php?rest_route=%2Fwp%2Fv2%2Fmedia&parent=69970"}],"wp:term":[{"taxonomy":"category","embeddable":true,"href":"https:\/\/diariodominicano.com\/index.php?rest_route=%2Fwp%2Fv2%2Fcategories&post=69970"},{"taxonomy":"post_tag","embeddable":true,"href":"https:\/\/diariodominicano.com\/index.php?rest_route=%2Fwp%2Fv2%2Ftags&post=69970"}],"curies":[{"name":"wp","href":"https:\/\/api.w.org\/{rel}","templated":true}]}}