{"id":69969,"date":"2009-06-03T21:51:08","date_gmt":"2009-06-03T21:51:08","guid":{"rendered":"http:\/\/diariodominicano.ddns.net\/?p=69969"},"modified":"2009-06-03T21:51:08","modified_gmt":"2009-06-03T21:51:08","slug":"la-cinemateca-presenta-green-cine","status":"publish","type":"post","link":"https:\/\/diariodominicano.com\/?p=69969","title":{"rendered":"La Cinemateca presenta Green Cine"},"content":{"rendered":"<p><body><\/p>\n<p><span class=\"text1noticias\">Del jueves 5 de  al mi\u00e9rcoles 10 junio, la Cinemateca ofrece una serie de miradas distintas y siempre interesantes  hacia el planeta en el que vivimos<\/span><\/p>\n<\/p>\n<p><span class=\"text1noticias\">Santo Domingo. A partir de ma\u00f1ana, la Cinemateca Dominicana apuesta durante toda una semana por el Medio Ambiente con un ciclo de cine ecol\u00f3gico de gran calidad, que incluye pel\u00edculas de directores tan destacados como Werner Herzog, Sean Penn, Eric Valli, Luc Jaquet, Bernardo Bertolucci, Andrucha Waddington y m\u00e1s.<\/span><\/p>\n<\/p>\n<p><span class=\"text1noticias\">Con este ciclo, titulado ?Green Cine?, la Cinemateca Dominicana se suma a la conmemoraci\u00f3n del D\u00eda Mundial del Medio Ambiente, que se celebra internacionalmente este jueves 5 de junio como mecanismo para sensibilizar a la opini\u00f3n p\u00fablica respecto de la necesidad de preservar y mejorar el planeta en el que vivimos.<\/span><\/p>\n<\/p>\n<p><span class=\"text1noticias\">En solidaridad con esta noble -y urgente- causa, la Cinemateca Dominicana convoca a formar parte de esta iniciativa mundial, que este a\u00f1o tiene como lema: ?Tu planeta te necesita. Unidos contra el cambio clim\u00e1tico?, a la vez que le ofrece al p\u00fablico local un ciclo interesante de m\u00e1s de 15 pel\u00edculas que abordan el tema de la naturaleza.<\/span><\/p>\n<\/p>\n<p><span class=\"text1noticias\">La programaci\u00f3n incluye films como ?El hombre oso?, de Werner Herzog, una obra maestra del g\u00e9nero documental que nos sumerge en la historia real de Timothy Treadwell, un camarero, actor ocasional y ex-alcoh\u00f3lico que pas\u00f3 catorce veranos conviviendo entre osos grizzly hasta que, en el 2003, sufri\u00f3 un desenlace dram\u00e1tico; e ?Himalaya, un largometraje de Eric Valli nominado al Oscar como mejor pel\u00edcula extranjera en el 2002, y que narra la historia de una milenaria tradici\u00f3n: la caravana anual de los yaks, en la que transportan sal desde un remoto pueblo en las monta\u00f1as hasta la llanura<\/span><\/p>\n<\/p>\n<p><span class=\"text1noticias\">Este ciclo presentar\u00e1, adem\u00e1s, ?El cielo protector?, de Bernardo Bertolucci, un drama sobre una pareja de neoyorquinos viaja a \u00c1frica en busca de nuevas experiencias que puedan dar un nuevo sentido a su relaci\u00f3n; as\u00ed como ?La Turbulencia de los Sentidos?, de Manon Briand, largometraje intenso sobre una sism\u00f3loga que regresa despu\u00e9s de mucho tiempo a su pueblo natal de Baie-Corneau, Qu\u00e9bec, para investigar por qu\u00e9 las mareas han dejado de fluir; y ?La leyenda de las ballenas?, de Niki Caro, film que gan\u00f3 el premio a la mejor pel\u00edcula en el Festival de Sundance en el 2003, y que recrea la vida de los abor\u00edgenes de la tribu Whangara, en la costa de Nueva Zelanda, y su relaci\u00f3n milenaria con los cet\u00e1ceos. <\/span><\/p>\n<\/p>\n<p><span class=\"text1noticias\">La cartelera es completada por las pel\u00edculas: ?Caribe?, de Esteban Ram\u00edrez; ?Cayo &#8211; La Isla?, de Vicente Juarbe; ?Hacia rutas salvajes?, de Sean Penn; ?La mariposa azul. En busca de un sue\u00f1o?, de L\u00e9a Pool; ?La marcha de los ping\u00fcinos?, de Luc Jacques; ?Los reyes del \u00c1rtico?, de Sarah Robertson y Adam Ravetch; ?Baraka?, de Ron Fricke; ?Los espigadores y la espigadora?, de Agn\u00e8s Varda; ?Casa de arena?, de Andrucha Waddington.<\/span><\/p>\n<\/p>\n<p><span class=\"text1noticias\">En la tanda infantil del domingo, a las 4:00, la Cinemateca estar\u00e1 proyectando ?Dos hermanos?, de Jean-Jacques Annaud, un cinta de aventuras sobre dos tigres nacidos en el coraz\u00f3n de la selva del sureste asi\u00e1tico, en las ruinas de un templo olvidado siglos atr\u00e1s, y que crecen jugando y aprendiendo bajo la mirada benevolente de los Buda llenos de musgo y vigilados por sus progenitores.<\/span><\/p>\n<\/p>\n<p><span class=\"text1noticias\">Con este ciclo, que durar\u00e1 del jueves 5 de junio al mi\u00e9rcoles 10, la Cinemateca ofrece miradas distintas y siempre interesantes hacia el planeta en el que vivimos, esperando contribuir as\u00ed a sensibilizar a m\u00e1s personas sobre la importancia de trabajar hoy por el mundo del ma\u00f1ana. Porque la batalla por la conservaci\u00f3n del Medio Ambiente es una lucha de todos. <\/span><\/p>\n<\/p>\n<p><span class=\"text1noticias\">Las funciones se realizar\u00e1n cada d\u00eda en las tandas de 6:30 y 8:30. Los detalles de la programaci\u00f3n se encuentran en la p\u00e1gina web: www.cinematecadominicana.org. Para m\u00e1s informaci\u00f3n, llame al 809-689-6102 \/ 809-685-9396.<\/span><\/p>\n<h6> 2009-06-03 21:51:08 <\/h6>\n<p><!--\n<link rel=\"stylesheet\" href=\"css\/bootstrap.min.css\">\n\n\n<ul class=\"pagination\">\n\t    \n\t\n\n<li >\n\t<a href='?page_no=21646'>Previous<\/a>\n\t<\/li>\n\n\n       \n    \n\n<li><a href='?page_no=1'>1<\/a><\/li>\n\n\n\n<li><a href='?page_no=2'>2<\/a><\/li>\n\n\n\n<li><a>...<\/a><\/li>\n\n\n\n<li><a href='?page_no=21645'>21645<\/a><\/li>\n\n\n\n<li><a href='?page_no=21646'>21646<\/a><\/li>\n\n\n\n<li class='active'><a>21647<\/a><\/li>\n\n\n\n<li><a href='?page_no=21648'>21648<\/a><\/li>\n\n\n\n<li><a href='?page_no=21649'>21649<\/a><\/li>\n\n\n\n<li><a>...<\/a><\/li>\n\n\n\n<li><a href='?page_no=22911'>22911<\/a><\/li>\n\n\n\n<li><a href='?page_no=22912'>22912<\/a><\/li>\n\n    \n\t\n\n<li >\n\t<a href='?page_no=21648'>Next<\/a>\n\t<\/li>\n\n\n    \n\n<li><a href='?page_no=22912'>Last &rsaquo;&rsaquo;<\/a><\/li>\n\n<\/ul>\n\n\n--><br \/>\n<\/body><\/p>\n","protected":false},"excerpt":{"rendered":"<p>Del jueves 5 de al mi\u00e9rcoles 10 junio, la Cinemateca ofrece una serie de miradas distintas y siempre interesantes hacia el planeta en el que vivimos Santo Domingo. A partir de ma\u00f1ana, la Cinemateca Dominicana apuesta durante toda una semana por el Medio Ambiente con un ciclo de cine ecol\u00f3gico de gran calidad, que incluye [&hellip;]<\/p>\n","protected":false},"author":3,"featured_media":0,"comment_status":"open","ping_status":"open","sticky":false,"template":"","format":"standard","meta":{"footnotes":""},"categories":[21],"tags":[],"class_list":["post-69969","post","type-post","status-publish","format-standard","hentry","category-cultura"],"_links":{"self":[{"href":"https:\/\/diariodominicano.com\/index.php?rest_route=\/wp\/v2\/posts\/69969","targetHints":{"allow":["GET"]}}],"collection":[{"href":"https:\/\/diariodominicano.com\/index.php?rest_route=\/wp\/v2\/posts"}],"about":[{"href":"https:\/\/diariodominicano.com\/index.php?rest_route=\/wp\/v2\/types\/post"}],"author":[{"embeddable":true,"href":"https:\/\/diariodominicano.com\/index.php?rest_route=\/wp\/v2\/users\/3"}],"replies":[{"embeddable":true,"href":"https:\/\/diariodominicano.com\/index.php?rest_route=%2Fwp%2Fv2%2Fcomments&post=69969"}],"version-history":[{"count":0,"href":"https:\/\/diariodominicano.com\/index.php?rest_route=\/wp\/v2\/posts\/69969\/revisions"}],"wp:attachment":[{"href":"https:\/\/diariodominicano.com\/index.php?rest_route=%2Fwp%2Fv2%2Fmedia&parent=69969"}],"wp:term":[{"taxonomy":"category","embeddable":true,"href":"https:\/\/diariodominicano.com\/index.php?rest_route=%2Fwp%2Fv2%2Fcategories&post=69969"},{"taxonomy":"post_tag","embeddable":true,"href":"https:\/\/diariodominicano.com\/index.php?rest_route=%2Fwp%2Fv2%2Ftags&post=69969"}],"curies":[{"name":"wp","href":"https:\/\/api.w.org\/{rel}","templated":true}]}}