{"id":69968,"date":"2009-06-03T21:52:32","date_gmt":"2009-06-03T21:52:32","guid":{"rendered":"http:\/\/diariodominicano.ddns.net\/?p=69968"},"modified":"2009-06-03T21:52:32","modified_gmt":"2009-06-03T21:52:32","slug":"ama-el-verde-vive-el-verde-unapec-promueve-conciencia-ambiental","status":"publish","type":"post","link":"https:\/\/diariodominicano.com\/?p=69968","title":{"rendered":"Ama el verde, vive el verde UNAPEC promueve conciencia ambiental"},"content":{"rendered":"<p><body><\/p>\n<p><img decoding=\"async\" src=\"img3\/baile.jpg\" \/>  <\/p>\n<p><span class=\"text1noticias\">Con el objetivo de promover el desarrollo de una cultura de la preservaci\u00f3n del medio ambiente, la Universidad APEC dio inicio a la Semana del Medio Ambiente y los Recursos Naturales en la Rep\u00fablica Dominicana, con el lema, ?ama el verde, vive el verde?, una forma de promover entre sus estudiantes, profesores y empleados la conciencia  medioambiental.<\/span><\/p>\n<\/p>\n<p><span class=\"text1noticias\">Desde el 2 de junio hasta el viernes 5, fecha en que se conmemora el D\u00eda Mundial del Medio Ambiente, la academia desarrollar\u00e1 una serie de actividades cient\u00edficas, de an\u00e1lisis, as\u00ed como exposici\u00f3n de obras de arte, proyecciones y un concurso para promover la creatividad de sus alumnos.<\/span><\/p>\n<\/p>\n<p><span class=\"text1noticias\">El rector de la academia, Justo Pedro Castellanos, expres\u00f3 que con este tipo de acci\u00f3n se busca involucrar a toda la comunidad universitaria para promover actitudes y valores en los futuros profesionales para la preservaci\u00f3n del medio ambiente. <\/span><\/p>\n<\/p>\n<p><span class=\"text1noticias\">?Ama el verde, vive el verde es un esfuerzo con el que queremos llegar a la conciencia de que cuidar la naturaleza y el ambiente no es una ret\u00f3rica, sino una necesidad en la que debemos embargarnos todos los que so\u00f1amos con un mundo mejor?, asegur\u00f3 Castellanos.<\/span><\/p>\n<\/p>\n<p><span class=\"text1noticias\">Castellanos anunci\u00f3 adem\u00e1s que UNAPEC invit\u00f3 al pa\u00eds al Decano de la Facultad de Ingenier\u00eda de la Universidad de Quisqueya de Puerto Pr\u00edncipe, Hait\u00ed, para que realice un balance de la situaci\u00f3n medioambiental de su pa\u00eds con \u00e9nfasis en el tema del agua. El profesor Evens Emmanuel, dictar\u00e1 la conferencia el impacto de las aguas negras urbanas sobre la biodiversidad de los ecosistemas acu\u00e1ticos. <\/span><\/p>\n<\/p>\n<p><span class=\"text1noticias\">Como parte de la apertura de la Semana del Medio Ambiente se realiz\u00f3 la conferencia magistral pol\u00edtica forestal del Gobierno dominicano, a cargo de Bernab\u00e9 Ma\u00f1\u00f3n Rossi, subsecretario de Recursos Naturales. Adem\u00e1s se entreg\u00f3 un reconocimiento al empresario Jes\u00fas Moreno Portalat\u00edn, presidente de Helados Bon.<\/span><\/p>\n<\/p>\n<p><span class=\"text1noticias\">El d\u00eda inaugural se realiz\u00f3 un acto cultural y una exposici\u00f3n fotogr\u00e1fica denominada, ?La Frontera?, a cargo de William P\u00e9rez Piantini, encargado de Relaciones con Hait\u00ed en la Secretar\u00eda de Relaciones Exteriores.<\/span><\/p>\n<\/p>\n<p><span class=\"text1noticias\">El Decano de Estudios Generales de la academia, Andr\u00e9s L. Mateo explic\u00f3 que como parte de las actividades planificadas se realizar\u00e1 un concurso para dise\u00f1ar materiales audiovisuales que promuevan la preservaci\u00f3n del medio ambiente y los recursos naturales del pa\u00eds.<\/span><\/p>\n<\/p>\n<p><span class=\"text1noticias\">Las categor\u00edas que tendr\u00e1 el concurso ser\u00e1 video, ya sea documental, clip o spot, adem\u00e1s artes gr\u00e1ficas, como camisetas y afiches y tambi\u00e9n fotograf\u00edas.  Se premiar\u00e1 a los estudiantes participantes con becas completas para un cuatrimestre, medias becas y dinero en efectivo. La premiaci\u00f3n se entregar\u00e1 el viernes cinco de junio, fecha en que se conmemora  el d\u00eda Mundial del Ambiente.<\/span><\/p>\n<\/p>\n<p><span class=\"text1noticias\">Adem\u00e1s, los estudiantes de la academia visitar\u00e1n el Parque Nacional Humedales del Ozama donde desarrollar\u00e1n una jornada de reforestaci\u00f3n.<\/span><\/p>\n<h6> 2009-06-03 21:52:32 <\/h6>\n<p><!--\n<link rel=\"stylesheet\" href=\"css\/bootstrap.min.css\">\n\n\n<ul class=\"pagination\">\n\t    \n\t\n\n<li >\n\t<a href='?page_no=21645'>Previous<\/a>\n\t<\/li>\n\n\n       \n    \n\n<li><a href='?page_no=1'>1<\/a><\/li>\n\n\n\n<li><a href='?page_no=2'>2<\/a><\/li>\n\n\n\n<li><a>...<\/a><\/li>\n\n\n\n<li><a href='?page_no=21644'>21644<\/a><\/li>\n\n\n\n<li><a href='?page_no=21645'>21645<\/a><\/li>\n\n\n\n<li class='active'><a>21646<\/a><\/li>\n\n\n\n<li><a href='?page_no=21647'>21647<\/a><\/li>\n\n\n\n<li><a href='?page_no=21648'>21648<\/a><\/li>\n\n\n\n<li><a>...<\/a><\/li>\n\n\n\n<li><a href='?page_no=22911'>22911<\/a><\/li>\n\n\n\n<li><a href='?page_no=22912'>22912<\/a><\/li>\n\n    \n\t\n\n<li >\n\t<a href='?page_no=21647'>Next<\/a>\n\t<\/li>\n\n\n    \n\n<li><a href='?page_no=22912'>Last &rsaquo;&rsaquo;<\/a><\/li>\n\n<\/ul>\n\n\n--><br \/>\n<\/body><\/p>\n","protected":false},"excerpt":{"rendered":"<p>Con el objetivo de promover el desarrollo de una cultura de la preservaci\u00f3n del medio ambiente, la Universidad APEC dio inicio a la Semana del Medio Ambiente y los Recursos Naturales en la Rep\u00fablica Dominicana, con el lema, ?ama el verde, vive el verde?, una forma de promover entre sus estudiantes, profesores y empleados la [&hellip;]<\/p>\n","protected":false},"author":3,"featured_media":0,"comment_status":"open","ping_status":"open","sticky":false,"template":"","format":"standard","meta":{"footnotes":""},"categories":[21],"tags":[],"class_list":["post-69968","post","type-post","status-publish","format-standard","hentry","category-cultura"],"_links":{"self":[{"href":"https:\/\/diariodominicano.com\/index.php?rest_route=\/wp\/v2\/posts\/69968","targetHints":{"allow":["GET"]}}],"collection":[{"href":"https:\/\/diariodominicano.com\/index.php?rest_route=\/wp\/v2\/posts"}],"about":[{"href":"https:\/\/diariodominicano.com\/index.php?rest_route=\/wp\/v2\/types\/post"}],"author":[{"embeddable":true,"href":"https:\/\/diariodominicano.com\/index.php?rest_route=\/wp\/v2\/users\/3"}],"replies":[{"embeddable":true,"href":"https:\/\/diariodominicano.com\/index.php?rest_route=%2Fwp%2Fv2%2Fcomments&post=69968"}],"version-history":[{"count":0,"href":"https:\/\/diariodominicano.com\/index.php?rest_route=\/wp\/v2\/posts\/69968\/revisions"}],"wp:attachment":[{"href":"https:\/\/diariodominicano.com\/index.php?rest_route=%2Fwp%2Fv2%2Fmedia&parent=69968"}],"wp:term":[{"taxonomy":"category","embeddable":true,"href":"https:\/\/diariodominicano.com\/index.php?rest_route=%2Fwp%2Fv2%2Fcategories&post=69968"},{"taxonomy":"post_tag","embeddable":true,"href":"https:\/\/diariodominicano.com\/index.php?rest_route=%2Fwp%2Fv2%2Ftags&post=69968"}],"curies":[{"name":"wp","href":"https:\/\/api.w.org\/{rel}","templated":true}]}}