{"id":69966,"date":"2009-06-04T15:26:56","date_gmt":"2009-06-04T15:26:56","guid":{"rendered":"http:\/\/diariodominicano.ddns.net\/?p=69966"},"modified":"2009-06-04T15:26:56","modified_gmt":"2009-06-04T15:26:56","slug":"presentaran-libro-sobre-vida-de-juan-bosch","status":"publish","type":"post","link":"https:\/\/diariodominicano.com\/?p=69966","title":{"rendered":"Presentar\u00e1n libro sobre vida de Juan Bosch"},"content":{"rendered":"<p><body><\/p>\n<p><img decoding=\"async\" src=\"http:\/\/localhost:8080\/img3\/boch.jpg\" \/>  <\/p>\n<p><span class=\"text1noticias\">Autor Dominicano visitara Providence el pr\u00f3ximo S\u00e1bado 6 de Junio<\/span><\/p>\n<p><span class=\"text1noticias\"> <\/span><\/p>\n<p><span class=\"text1noticias\">Redacci\u00f3n Central &#8211; El Arquitecto Joaquin Geronimo, gerente general del Banco Nacional de la Vivienda de Rep\u00fablica Dominicana, presentara su m\u00e1s reciente obra literaria, En el Nombre de Bosch. El libro, presenta, seg\u00fan el prologuista, un an\u00e1lisis ponderado de los diferentes escenarios pol\u00edticos en los que le correspondi\u00f3 al profesor Juan Bosch, fundador del gobernante Partido de la Liberaci\u00f3n Dominicana (PLD) y el opositor Partido Revolucionario Dominicano (PRD), realizar su extraordinaria obra human\u00edstica, abordando la confrontaci\u00f3n de ideas, hechos y caracteres de los principales actores del drama pol\u00edtico dominicano. <\/span><\/p>\n<p><span class=\"text1noticias\"> <\/span><\/p>\n<p><span class=\"text1noticias\">La puesta en circulaci\u00f3n est\u00e1 programada para el Sabado 6 de junio a las 6 PM en el Sal\u00f3n Anacaona, 1137 Broad Street, Providence. <\/span><\/p>\n<p><span class=\"text1noticias\"> <\/span><\/p>\n<p><span class=\"text1noticias\">El autor define al libro como una narrativa sencilla, fresca y amena que va llevando de la mano al lector en recorrido diacr\u00f3nico-sincr\u00f3nico por siete d\u00e9cadas, siempre a la sombra del protagonista y su obra. La propuesta literaria de Ger\u00f3nimo, sigue a paso las cavilaciones, decisiones, vicisitudes y conflictos en medio de la selva pol\u00edtica a la que fue lanzado por las circunstancias del destino y su propia vocaci\u00f3n y voluntad de servir a su pueblo. <\/span><\/p>\n<p><span class=\"text1noticias\"> <\/span><\/p>\n<p><span class=\"text1noticias\">El autor, que naci\u00f3 en Santo Domingo en 1955 es graduado de Arquitectura Magna Cum Laude en la Universidad Aut\u00f3noma de Santo Domingo (UASD), profesi\u00f3n que comparte con su vocaci\u00f3n a la literatura. Desde 1985 dirige su propia empresa de consultor\u00eda, dise\u00f1o y construcci\u00f3n de obras civiles y proyectos urban\u00edsticos. En 1983, Ger\u00f3nimo fue galardonado con el premio ?Guillermo Gonz\u00e1lez?. Otras obras publicadas por el incluyen ?Campo ?Ciudad? en 1993 y ?Vivienda 2000? publicada en el a\u00f1o 2000. <\/span><\/p>\n<p><span class=\"text1noticias\"> <\/span><\/p>\n<p><span class=\"text1noticias\">La invitaci\u00f3n a la puesta en circulaci\u00f3n del libro esta abierta al publico en general, segun indico el coordinador del evento Andy Andujar, presidente de la Juventud PLD en Providence.<\/span><\/p>\n<\/p>\n<h6> 2009-06-04 15:26:56 <\/h6>\n<p><!--\n<link rel=\"stylesheet\" href=\"css\/bootstrap.min.css\">\n\n\n<ul class=\"pagination\">\n\t    \n\t\n\n<li >\n\t<a href='?page_no=21643'>Previous<\/a>\n\t<\/li>\n\n\n       \n    \n\n<li><a href='?page_no=1'>1<\/a><\/li>\n\n\n\n<li><a href='?page_no=2'>2<\/a><\/li>\n\n\n\n<li><a>...<\/a><\/li>\n\n\n\n<li><a href='?page_no=21642'>21642<\/a><\/li>\n\n\n\n<li><a href='?page_no=21643'>21643<\/a><\/li>\n\n\n\n<li class='active'><a>21644<\/a><\/li>\n\n\n\n<li><a href='?page_no=21645'>21645<\/a><\/li>\n\n\n\n<li><a href='?page_no=21646'>21646<\/a><\/li>\n\n\n\n<li><a>...<\/a><\/li>\n\n\n\n<li><a href='?page_no=22911'>22911<\/a><\/li>\n\n\n\n<li><a href='?page_no=22912'>22912<\/a><\/li>\n\n    \n\t\n\n<li >\n\t<a href='?page_no=21645'>Next<\/a>\n\t<\/li>\n\n\n    \n\n<li><a href='?page_no=22912'>Last &rsaquo;&rsaquo;<\/a><\/li>\n\n<\/ul>\n\n\n--><br \/>\n<\/body><\/p>\n","protected":false},"excerpt":{"rendered":"<p>Autor Dominicano visitara Providence el pr\u00f3ximo S\u00e1bado 6 de Junio Redacci\u00f3n Central &#8211; El Arquitecto Joaquin Geronimo, gerente general del Banco Nacional de la Vivienda de Rep\u00fablica Dominicana, presentara su m\u00e1s reciente obra literaria, En el Nombre de Bosch. El libro, presenta, seg\u00fan el prologuista, un an\u00e1lisis ponderado de los diferentes escenarios pol\u00edticos en los [&hellip;]<\/p>\n","protected":false},"author":3,"featured_media":0,"comment_status":"open","ping_status":"open","sticky":false,"template":"","format":"standard","meta":{"footnotes":""},"categories":[21],"tags":[],"class_list":["post-69966","post","type-post","status-publish","format-standard","hentry","category-cultura"],"_links":{"self":[{"href":"https:\/\/diariodominicano.com\/index.php?rest_route=\/wp\/v2\/posts\/69966","targetHints":{"allow":["GET"]}}],"collection":[{"href":"https:\/\/diariodominicano.com\/index.php?rest_route=\/wp\/v2\/posts"}],"about":[{"href":"https:\/\/diariodominicano.com\/index.php?rest_route=\/wp\/v2\/types\/post"}],"author":[{"embeddable":true,"href":"https:\/\/diariodominicano.com\/index.php?rest_route=\/wp\/v2\/users\/3"}],"replies":[{"embeddable":true,"href":"https:\/\/diariodominicano.com\/index.php?rest_route=%2Fwp%2Fv2%2Fcomments&post=69966"}],"version-history":[{"count":0,"href":"https:\/\/diariodominicano.com\/index.php?rest_route=\/wp\/v2\/posts\/69966\/revisions"}],"wp:attachment":[{"href":"https:\/\/diariodominicano.com\/index.php?rest_route=%2Fwp%2Fv2%2Fmedia&parent=69966"}],"wp:term":[{"taxonomy":"category","embeddable":true,"href":"https:\/\/diariodominicano.com\/index.php?rest_route=%2Fwp%2Fv2%2Fcategories&post=69966"},{"taxonomy":"post_tag","embeddable":true,"href":"https:\/\/diariodominicano.com\/index.php?rest_route=%2Fwp%2Fv2%2Ftags&post=69966"}],"curies":[{"name":"wp","href":"https:\/\/api.w.org\/{rel}","templated":true}]}}