{"id":69965,"date":"2009-06-04T16:53:53","date_gmt":"2009-06-04T16:53:53","guid":{"rendered":"http:\/\/diariodominicano.ddns.net\/?p=69965"},"modified":"2009-06-04T16:53:53","modified_gmt":"2009-06-04T16:53:53","slug":"cultura-inicia-el-viernes-en-santiago-programa-de-activos-culturales","status":"publish","type":"post","link":"https:\/\/diariodominicano.com\/?p=69965","title":{"rendered":"Cultura inicia el viernes en Santiago Programa de Activos Culturales"},"content":{"rendered":"<p><body><\/p>\n<p><span class=\"text1noticias\">El destacado artista y cr\u00edtico de arte Danilo de los Santos ser\u00e1 el primero en ser honrado con esta distinci\u00f3n, aprobada por el Consejo Nacional de Cultura.<\/span><\/p>\n<p><span class=\"text1noticias\"> <\/span><\/p>\n<p><span class=\"text1noticias\">La Secretar\u00eda de Estado de Cultura anunci\u00f3 que el pr\u00f3ximo viernes 5, iniciar\u00e1 en la ciudad de Santiago el programa Activo Cultural Dominicano, dedicado a honrar a figuras que han consagrado sus vidas a la creaci\u00f3n intelectual y art\u00edstica, as\u00ed como al desarrollo de la gesti\u00f3n cultural al m\u00e1s alto nivel.<\/span><\/p>\n<p><span class=\"text1noticias\"> <\/span><\/p>\n<p><span class=\"text1noticias\">La primera personalidad en ser declarada Activo Cultural de la Naci\u00f3n ser\u00e1 el reconocido artista pl\u00e1stico, historiador y cr\u00edtico de arte Danilo de los Santos, considerado como una de las figuras de mayor prestigio intelectual y art\u00edstico de la regi\u00f3n del Cibao.<\/span><\/p>\n<p><span class=\"text1noticias\"> <\/span><\/p>\n<p><span class=\"text1noticias\">El acto solemne tendr\u00e1 lugar frente a la residencia del homenajeado, en el sector de El Ejido, de Santiago, en cuyo lugar se develizar\u00e1 una tarja, se leer\u00e1 la proclama correspondiente y se entregar\u00e1 el diploma del Consejo Nacional de Cultura.<\/span><\/p>\n<p><span class=\"text1noticias\"> <\/span><\/p>\n<p><span class=\"text1noticias\">Seg\u00fan se inform\u00f3, la actividad que es de car\u00e1cter solemne, incluir\u00e1 la interpretaci\u00f3n del Himno Nacional, a cargo de la Banda de M\u00fasica del Ej\u00e9rcito Nacional, y la presencia de cadetes de las distintas ramas de las Fuerzas Armadas. Un actor del Teatro Rodante leer\u00e1 la proclama correspondiente. <\/span><\/p>\n<p><span class=\"text1noticias\"> <\/span><\/p>\n<p><span class=\"text1noticias\">El Secretario de Estado de Cultura, Jos\u00e9 Rafael Lantigua, pronunciar\u00e1 el discurso de honor, mientras que el poeta Pedro Jos\u00e9 Gris leer\u00e1 la semblanza de la personalidad honrada.<\/span><\/p>\n<p><span class=\"text1noticias\"> <\/span><\/p>\n<p><span class=\"text1noticias\">El programa de Activos Culturales Dominicanos se realizar\u00e1 luego en Santo Domingo, el pr\u00f3ximo d\u00eda 25, con la declaraci\u00f3n como tal del pintor C\u00e1ndido Bid\u00f3, en acto que se realizar\u00e1 frente a su atelier en el sector de Gazcue.<\/span><\/p>\n<p><span class=\"text1noticias\"> <\/span><\/p>\n<p><span class=\"text1noticias\">Cada mes ser\u00e1 honrada una personalidad nacional, cuya labor creadora permite considerarla como Activo Cultural de la Naci\u00f3n, se\u00f1alizando cada caso frente a la vivienda donde reside o en el lugar donde se desempe\u00f1a art\u00edsticamente. El programa fue creado en el a\u00f1o 2006 por el Consejo Nacional de Cultura.<\/span><\/p>\n<h6> 2009-06-04 16:53:53 <\/h6>\n<p><!--\n<link rel=\"stylesheet\" href=\"css\/bootstrap.min.css\">\n\n\n<ul class=\"pagination\">\n\t    \n\t\n\n<li >\n\t<a href='?page_no=21642'>Previous<\/a>\n\t<\/li>\n\n\n       \n    \n\n<li><a href='?page_no=1'>1<\/a><\/li>\n\n\n\n<li><a href='?page_no=2'>2<\/a><\/li>\n\n\n\n<li><a>...<\/a><\/li>\n\n\n\n<li><a href='?page_no=21641'>21641<\/a><\/li>\n\n\n\n<li><a href='?page_no=21642'>21642<\/a><\/li>\n\n\n\n<li class='active'><a>21643<\/a><\/li>\n\n\n\n<li><a href='?page_no=21644'>21644<\/a><\/li>\n\n\n\n<li><a href='?page_no=21645'>21645<\/a><\/li>\n\n\n\n<li><a>...<\/a><\/li>\n\n\n\n<li><a href='?page_no=22911'>22911<\/a><\/li>\n\n\n\n<li><a href='?page_no=22912'>22912<\/a><\/li>\n\n    \n\t\n\n<li >\n\t<a href='?page_no=21644'>Next<\/a>\n\t<\/li>\n\n\n    \n\n<li><a href='?page_no=22912'>Last &rsaquo;&rsaquo;<\/a><\/li>\n\n<\/ul>\n\n\n--><br \/>\n<\/body><\/p>\n","protected":false},"excerpt":{"rendered":"<p>El destacado artista y cr\u00edtico de arte Danilo de los Santos ser\u00e1 el primero en ser honrado con esta distinci\u00f3n, aprobada por el Consejo Nacional de Cultura. La Secretar\u00eda de Estado de Cultura anunci\u00f3 que el pr\u00f3ximo viernes 5, iniciar\u00e1 en la ciudad de Santiago el programa Activo Cultural Dominicano, dedicado a honrar a figuras [&hellip;]<\/p>\n","protected":false},"author":3,"featured_media":0,"comment_status":"open","ping_status":"open","sticky":false,"template":"","format":"standard","meta":{"footnotes":""},"categories":[21],"tags":[],"class_list":["post-69965","post","type-post","status-publish","format-standard","hentry","category-cultura"],"_links":{"self":[{"href":"https:\/\/diariodominicano.com\/index.php?rest_route=\/wp\/v2\/posts\/69965","targetHints":{"allow":["GET"]}}],"collection":[{"href":"https:\/\/diariodominicano.com\/index.php?rest_route=\/wp\/v2\/posts"}],"about":[{"href":"https:\/\/diariodominicano.com\/index.php?rest_route=\/wp\/v2\/types\/post"}],"author":[{"embeddable":true,"href":"https:\/\/diariodominicano.com\/index.php?rest_route=\/wp\/v2\/users\/3"}],"replies":[{"embeddable":true,"href":"https:\/\/diariodominicano.com\/index.php?rest_route=%2Fwp%2Fv2%2Fcomments&post=69965"}],"version-history":[{"count":0,"href":"https:\/\/diariodominicano.com\/index.php?rest_route=\/wp\/v2\/posts\/69965\/revisions"}],"wp:attachment":[{"href":"https:\/\/diariodominicano.com\/index.php?rest_route=%2Fwp%2Fv2%2Fmedia&parent=69965"}],"wp:term":[{"taxonomy":"category","embeddable":true,"href":"https:\/\/diariodominicano.com\/index.php?rest_route=%2Fwp%2Fv2%2Fcategories&post=69965"},{"taxonomy":"post_tag","embeddable":true,"href":"https:\/\/diariodominicano.com\/index.php?rest_route=%2Fwp%2Fv2%2Ftags&post=69965"}],"curies":[{"name":"wp","href":"https:\/\/api.w.org\/{rel}","templated":true}]}}