{"id":69964,"date":"2009-06-04T17:19:58","date_gmt":"2009-06-04T17:19:58","guid":{"rendered":"http:\/\/diariodominicano.ddns.net\/?p=69964"},"modified":"2009-06-04T17:19:58","modified_gmt":"2009-06-04T17:19:58","slug":"rinden-homenaje-a-los-heroes-nacionales-juan-tomas-diaz-y-antonio-de-la-maza","status":"publish","type":"post","link":"https:\/\/diariodominicano.com\/?p=69964","title":{"rendered":"Rinden homenaje a los H\u00e9roes Nacionales, Juan Tom\u00e1s D\u00edaz y Antonio de la Maza"},"content":{"rendered":"<p><body><\/p>\n<p><img decoding=\"async\" src=\"http:\/\/localhost:8080\/img3\/efeme.jpg\" \/>  <\/p>\n<p><span class=\"text1noticias\">La Comisi\u00f3n Permanente de Efem\u00e9rides Patrias realiz\u00f3 un acto patri\u00f3tico en homenaje a los H\u00e9roes del Ajusticiamiento de Trujillo, Antonio de la Maza y Juan Tom\u00e1s D\u00edaz.<\/span><\/p>\n<\/p>\n<p><span class=\"text1noticias\">El licenciado Juan Daniel Balc\u00e1cer encabez\u00f3 el homenaje realizado en la Plaza Patri\u00f3tica que rinde honor permanente a estos valientes ca\u00eddos en el mismo lugar el 4 de junio del 1961. <\/span><\/p>\n<\/p>\n<p><span class=\"text1noticias\">Los H\u00e9roes del Ajusticiamiento del Tirano Trujillo, Antonio de la Maza y Juan Tom\u00e1s D\u00edaz, son recordados por haberse convertido en los principales cabecillas de la conspiraci\u00f3n en contra del estado de horror en que vivi\u00f3 el pueblo dominicano durante 31 a\u00f1os.<\/span><\/p>\n<\/p>\n<p><span class=\"text1noticias\">El historiador Balc\u00e1cer explic\u00f3 los pormenores de la lucha antitrujillista de los H\u00e9roes y las horas de terror y persecuci\u00f3n que vivieron luego del ajusticiamiento hasta que fueron localizados y ultimados por los esbirros del SIM (Servicio de Inteligencia Militar).<\/span><\/p>\n<\/p>\n<p><span class=\"text1noticias\">?Si no hubiese sido por el acto her\u00f3ico del 30 de mayo, la construcci\u00f3n de la democracia en Rep\u00fablica Dominicana hubiera sido traum\u00e1tica.  Nosotros hacemos este acto con el prop\u00f3sito de que no haya olvido?, afirm\u00f3 Balc\u00e1cer.<\/span><\/p>\n<\/p>\n<p><span class=\"text1noticias\">Hace tres a\u00f1os que Efem\u00e9rides Patrias rescat\u00f3 el espacio donde cayeron los h\u00e9roes, y coloc\u00f3 dos bustos correspondientes a la imagen f\u00edsica de ambos h\u00e9roes.  <\/span><\/p>\n<\/p>\n<p><span class=\"text1noticias\">Al lugar acudieron familiares de los H\u00e9roes de la Maza y D\u00edaz, reunidos en la Fundaci\u00f3n 30 de mayo, a nombre de quien habl\u00f3 el doctor Eduardo D\u00edaz para agradecer a Balc\u00e1cer y Efem\u00e9rides Patrias, no solo la reconstrucci\u00f3n de la plaza, ?sino por la continuidad del homenaje a\u00f1o tras a\u00f1o?.<\/span><\/p>\n<\/p>\n<p><span class=\"text1noticias\">La Plaza Patri\u00f3tica a los valientes dominicanos que liberaron de la dictadura al pueblo dominicano est\u00e1 ubicada en la avenida Bol\u00edvar casi esquina Julio Verne donde juntos perdieron la vida el 4 de junio del 1961 y que Balc\u00e1cer calific\u00f3 como ?un santuario de la libertad y el civismo?.<\/span><\/p>\n<\/p>\n<p><span class=\"text1noticias\">En el acto, estuvieron presentes el Secretario de Estado Rafael P\u00e9rez Modesto, General (R) H\u00e9ctor Lachapelle D\u00edaz, don \u00c1ngel B\u00e1ez D\u00edaz, Lourde de la Maza, Chana D\u00edaz, Marianela D\u00edaz, Lilibeth Rosario D\u00edaz y el coronel Juan Lora Fern\u00e1ndez, de la Fundaci\u00f3n Lora Fern\u00e1ndez.<\/span><\/p>\n<\/p>\n<p><span class=\"text1noticias\">Lourdes de la Maza, la \u00fanica hija del H\u00e9roe destac\u00f3 que su padre y los conspiradores y ajusticiadores lucharon por ?mantener el ideal de la libertad por encima de las conveniencias personales o familiares?.<\/span><\/p>\n<p><span class=\"text1noticias\">Varias ofrendas florales fueron colocadas en el monumento, por instituciones como Efem\u00e9rides Patrias y por familiares, entre las que destaca la de Chana D\u00edaz que reza ?a mi inolvidable Juan Tom\u00e1s y su compa\u00f1ero?.<\/span><\/p>\n<h6> 2009-06-04 17:19:58 <\/h6>\n<p><!--\n<link rel=\"stylesheet\" href=\"css\/bootstrap.min.css\">\n\n\n<ul class=\"pagination\">\n\t    \n\t\n\n<li >\n\t<a href='?page_no=21641'>Previous<\/a>\n\t<\/li>\n\n\n       \n    \n\n<li><a href='?page_no=1'>1<\/a><\/li>\n\n\n\n<li><a href='?page_no=2'>2<\/a><\/li>\n\n\n\n<li><a>...<\/a><\/li>\n\n\n\n<li><a href='?page_no=21640'>21640<\/a><\/li>\n\n\n\n<li><a href='?page_no=21641'>21641<\/a><\/li>\n\n\n\n<li class='active'><a>21642<\/a><\/li>\n\n\n\n<li><a href='?page_no=21643'>21643<\/a><\/li>\n\n\n\n<li><a href='?page_no=21644'>21644<\/a><\/li>\n\n\n\n<li><a>...<\/a><\/li>\n\n\n\n<li><a href='?page_no=22911'>22911<\/a><\/li>\n\n\n\n<li><a href='?page_no=22912'>22912<\/a><\/li>\n\n    \n\t\n\n<li >\n\t<a href='?page_no=21643'>Next<\/a>\n\t<\/li>\n\n\n    \n\n<li><a href='?page_no=22912'>Last &rsaquo;&rsaquo;<\/a><\/li>\n\n<\/ul>\n\n\n--><br \/>\n<\/body><\/p>\n","protected":false},"excerpt":{"rendered":"<p>La Comisi\u00f3n Permanente de Efem\u00e9rides Patrias realiz\u00f3 un acto patri\u00f3tico en homenaje a los H\u00e9roes del Ajusticiamiento de Trujillo, Antonio de la Maza y Juan Tom\u00e1s D\u00edaz. El licenciado Juan Daniel Balc\u00e1cer encabez\u00f3 el homenaje realizado en la Plaza Patri\u00f3tica que rinde honor permanente a estos valientes ca\u00eddos en el mismo lugar el 4 de [&hellip;]<\/p>\n","protected":false},"author":3,"featured_media":0,"comment_status":"open","ping_status":"open","sticky":false,"template":"","format":"standard","meta":{"footnotes":""},"categories":[21],"tags":[],"class_list":["post-69964","post","type-post","status-publish","format-standard","hentry","category-cultura"],"_links":{"self":[{"href":"https:\/\/diariodominicano.com\/index.php?rest_route=\/wp\/v2\/posts\/69964","targetHints":{"allow":["GET"]}}],"collection":[{"href":"https:\/\/diariodominicano.com\/index.php?rest_route=\/wp\/v2\/posts"}],"about":[{"href":"https:\/\/diariodominicano.com\/index.php?rest_route=\/wp\/v2\/types\/post"}],"author":[{"embeddable":true,"href":"https:\/\/diariodominicano.com\/index.php?rest_route=\/wp\/v2\/users\/3"}],"replies":[{"embeddable":true,"href":"https:\/\/diariodominicano.com\/index.php?rest_route=%2Fwp%2Fv2%2Fcomments&post=69964"}],"version-history":[{"count":0,"href":"https:\/\/diariodominicano.com\/index.php?rest_route=\/wp\/v2\/posts\/69964\/revisions"}],"wp:attachment":[{"href":"https:\/\/diariodominicano.com\/index.php?rest_route=%2Fwp%2Fv2%2Fmedia&parent=69964"}],"wp:term":[{"taxonomy":"category","embeddable":true,"href":"https:\/\/diariodominicano.com\/index.php?rest_route=%2Fwp%2Fv2%2Fcategories&post=69964"},{"taxonomy":"post_tag","embeddable":true,"href":"https:\/\/diariodominicano.com\/index.php?rest_route=%2Fwp%2Fv2%2Ftags&post=69964"}],"curies":[{"name":"wp","href":"https:\/\/api.w.org\/{rel}","templated":true}]}}