{"id":69963,"date":"2009-06-04T18:16:23","date_gmt":"2009-06-04T18:16:23","guid":{"rendered":"http:\/\/diariodominicano.ddns.net\/?p=69963"},"modified":"2009-06-04T18:16:23","modified_gmt":"2009-06-04T18:16:23","slug":"la-secretaria-de-las-fuerzas-armadas-realiza-actos-conmemorativos-del-145-aniversario-de-la-muerte-del-procer-general-matias-ramon-mella-y-castillo","status":"publish","type":"post","link":"https:\/\/diariodominicano.com\/?p=69963","title":{"rendered":"La Secretar\u00eda de las Fuerzas Armadas realiza actos conmemorativos del 145 aniversario de la muerte del Pr\u00f3cer General Mat\u00edas Ram\u00f3n Mella y Castillo"},"content":{"rendered":"<p><body><\/p>\n<p><img decoding=\"async\" src=\"img3\/mella.jpg\" \/>  <\/p>\n<p><span class=\"text1noticias\">La Secretar\u00eda de Estado de las Fuerzas Armadas deposit\u00f3 en el Mausoleo del Parque Independencia una ofrenda floral en conmemoraci\u00f3n al 145 aniversario  de la muerte del pr\u00f3cer General de Divisi\u00f3n Mat\u00edas Ram\u00f3n Mella y Castillo, como una forma de enaltecer los valores patrios, con sentido de justicia hist\u00f3rica y deber c\u00edvico militar, en honor a los hombres que ofrendaron sus vidas por los ideales de nuestra independencia.<\/span><\/p>\n<\/p>\n<p><span class=\"text1noticias\">La ofrenda floral fue realizada por la Guardia de Honor, escoltada por las comisiones de Oficiales Generales, Superiores, Subalternos y Alistados de las instituciones castrenses.<\/span><\/p>\n<\/p>\n<p><span class=\"text1noticias\">Esta actividad se llev\u00f3 a cabo dentro del programa Ciclo Patri\u00f3tico Militar 2009 ?Dominicana es mi Patria?, puesto en marcha por el Secretario de Estado de las Fuerzas Armadas, Teniente General Piloto, FAD, (DEM), Pedro Rafael Pe\u00f1a Antonio, con el objetivo de rescatar los valores patrios.<\/span><\/p>\n<\/p>\n<p><span class=\"text1noticias\">El acto inici\u00f3  con las notas gloriosas del Himno Nacional, interpretadas por la Banda de M\u00fasica del Ej\u00e9rcito Nacional y el coro de las Fuerzas Armadas. Luego fue le\u00edda la semblanza del pr\u00f3cer Mat\u00edas Ram\u00f3n Mella, a cargo del General de Brigada M\u00e9dico, Dr. Rafael L. P\u00e9rez y P\u00e9rez, E.N., Director General de Historia Militar, SEFA.<\/span><\/p>\n<\/p>\n<p><span class=\"text1noticias\">Adem\u00e1s del General de Brigada P\u00e9rez y P\u00e9rez, en el acto conmemorativo estuvieron presentes el General de Brigada Abogado, E.N., Jos\u00e9 I. Sandoval Cabrera; el Contralmirante, M. de G. (DEM) Rafael T. Gonz\u00e1lez Tejeda y el General de Brigada Piloto, F.A.D. (DEM) Julio C\u00e9sar S\u00e1nchez Suero, as\u00ed como tambi\u00e9n Oficiales Superiores, Subalternos y Alistados de las instituciones castrenses.<\/span><\/p>\n<\/p>\n<p><span class=\"text1noticias\"> El acto finaliz\u00f3 con las notas del Himno a Mella, interpretadas por la Banda de M\u00fasica del Ej\u00e9rcito Nacional y el Coro de las Fuerzas Armadas.<\/span><\/p>\n<h6> 2009-06-04 18:16:23 <\/h6>\n<p><!--\n<link rel=\"stylesheet\" href=\"css\/bootstrap.min.css\">\n\n\n<ul class=\"pagination\">\n\t    \n\t\n\n<li >\n\t<a href='?page_no=21640'>Previous<\/a>\n\t<\/li>\n\n\n       \n    \n\n<li><a href='?page_no=1'>1<\/a><\/li>\n\n\n\n<li><a href='?page_no=2'>2<\/a><\/li>\n\n\n\n<li><a>...<\/a><\/li>\n\n\n\n<li><a href='?page_no=21639'>21639<\/a><\/li>\n\n\n\n<li><a href='?page_no=21640'>21640<\/a><\/li>\n\n\n\n<li class='active'><a>21641<\/a><\/li>\n\n\n\n<li><a href='?page_no=21642'>21642<\/a><\/li>\n\n\n\n<li><a href='?page_no=21643'>21643<\/a><\/li>\n\n\n\n<li><a>...<\/a><\/li>\n\n\n\n<li><a href='?page_no=22911'>22911<\/a><\/li>\n\n\n\n<li><a href='?page_no=22912'>22912<\/a><\/li>\n\n    \n\t\n\n<li >\n\t<a href='?page_no=21642'>Next<\/a>\n\t<\/li>\n\n\n    \n\n<li><a href='?page_no=22912'>Last &rsaquo;&rsaquo;<\/a><\/li>\n\n<\/ul>\n\n\n--><br \/>\n<\/body><\/p>\n","protected":false},"excerpt":{"rendered":"<p>La Secretar\u00eda de Estado de las Fuerzas Armadas deposit\u00f3 en el Mausoleo del Parque Independencia una ofrenda floral en conmemoraci\u00f3n al 145 aniversario de la muerte del pr\u00f3cer General de Divisi\u00f3n Mat\u00edas Ram\u00f3n Mella y Castillo, como una forma de enaltecer los valores patrios, con sentido de justicia hist\u00f3rica y deber c\u00edvico militar, en honor [&hellip;]<\/p>\n","protected":false},"author":3,"featured_media":0,"comment_status":"open","ping_status":"open","sticky":false,"template":"","format":"standard","meta":{"footnotes":""},"categories":[21],"tags":[],"class_list":["post-69963","post","type-post","status-publish","format-standard","hentry","category-cultura"],"_links":{"self":[{"href":"https:\/\/diariodominicano.com\/index.php?rest_route=\/wp\/v2\/posts\/69963","targetHints":{"allow":["GET"]}}],"collection":[{"href":"https:\/\/diariodominicano.com\/index.php?rest_route=\/wp\/v2\/posts"}],"about":[{"href":"https:\/\/diariodominicano.com\/index.php?rest_route=\/wp\/v2\/types\/post"}],"author":[{"embeddable":true,"href":"https:\/\/diariodominicano.com\/index.php?rest_route=\/wp\/v2\/users\/3"}],"replies":[{"embeddable":true,"href":"https:\/\/diariodominicano.com\/index.php?rest_route=%2Fwp%2Fv2%2Fcomments&post=69963"}],"version-history":[{"count":0,"href":"https:\/\/diariodominicano.com\/index.php?rest_route=\/wp\/v2\/posts\/69963\/revisions"}],"wp:attachment":[{"href":"https:\/\/diariodominicano.com\/index.php?rest_route=%2Fwp%2Fv2%2Fmedia&parent=69963"}],"wp:term":[{"taxonomy":"category","embeddable":true,"href":"https:\/\/diariodominicano.com\/index.php?rest_route=%2Fwp%2Fv2%2Fcategories&post=69963"},{"taxonomy":"post_tag","embeddable":true,"href":"https:\/\/diariodominicano.com\/index.php?rest_route=%2Fwp%2Fv2%2Ftags&post=69963"}],"curies":[{"name":"wp","href":"https:\/\/api.w.org\/{rel}","templated":true}]}}