{"id":69962,"date":"2009-06-04T20:36:20","date_gmt":"2009-06-04T20:36:20","guid":{"rendered":"http:\/\/diariodominicano.ddns.net\/?p=69962"},"modified":"2009-06-04T20:36:20","modified_gmt":"2009-06-04T20:36:20","slug":"el-campamento-de-verano-del-museo-de-arte-moderno-lleno-de-creatividad-y-educativo","status":"publish","type":"post","link":"https:\/\/diariodominicano.com\/?p=69962","title":{"rendered":"El Campamento de Verano del Museo de Arte Moderno lleno de creatividad y educativo"},"content":{"rendered":"<p><body><\/p>\n<p><img decoding=\"async\" src=\"img3\/museo.jpg\" \/>  <\/p>\n<p><span class=\"text1noticias\">SANTO DOMINGO. Con el objetivo de hacer del verano de los ni\u00f1os una experiencia divertida y educativa, el Museo de Arte Moderno anuncia el inicio de sus inscripciones a su Campamento de Verano ?Creativo 2009.<\/span><\/p>\n<p><span class=\"text1noticias\"> <\/span><\/p>\n<p><span class=\"text1noticias\">Las informaciones fueron suministrada por la directora de la instituci\u00f3n art\u00edstica, licenciada Mar\u00eda Elena Ditren, quien adelant\u00f3 que durante un mes los ni\u00f1os asistente podr\u00e1n disfrutar adem\u00e1s de su propia creatividad, convirti\u00e9ndolo en un verano en una experiencia divertida, recreativa y educativa a trav\u00e9s de m\u00e9todos art\u00edsticos y l\u00fadicos, que permitir\u00e1 al ni\u00f1o expresar y desarrollar su potencial creativo y al gusto por el arte.<\/span><\/p>\n<p><span class=\"text1noticias\"> <\/span><\/p>\n<p><span class=\"text1noticias\">Aclara que el inicio est\u00e1 pautado para el pr\u00f3ximo 19 de junio, y finalizar\u00e1 el 25 de julio de 8 de la ma\u00f1ana a 12 del mediod\u00eda, -a\u00f1ade- que en el mismo pueden participar ni\u00f1os de 5 a 14 a\u00f1os, y su costo es de cinco mil pesos., incluye los materiales y certificaci\u00f3n de participaci\u00f3n, ?Para mayor informaci\u00f3n pueden comunicarse al 809-685- 2154 ext 222?, resalta la nota informativa.<\/span><\/p>\n<p><span class=\"text1noticias\"> <\/span><\/p>\n<p><span class=\"text1noticias\">De su lado, la encargada del Departamento de Extensi\u00f3n Cultural, artista Lisset Mej\u00eda, dijo que los ni\u00f1os recibir\u00e1n clases de Escultura, Cer\u00e1mica, Modelado en Barro, Vaciado de Yeso, Pintura, Dibujo, Joyer\u00eda Artesanal, Fabricaci\u00f3n de Carteras, Teatro, Expresi\u00f3n Corporal, Danza Folkl\u00f3rica y Moderna, Reciclado de Papel, M\u00fasica, Papel Mache, Deporte, Cine y Visita a otros museos.<\/span><\/p>\n<p><span class=\"text1noticias\"> <\/span><\/p>\n<p><span class=\"text1noticias\">A\u00f1ade que en el Campamento de Verano cuenta con profesores altamente calificados, y con \u00e9l los ni\u00f1os se acerquen a las bellas artes,<\/span><\/p>\n<p><span class=\"text1noticias\"> <\/span><\/p>\n<p><span class=\"text1noticias\">Indica que la instituci\u00f3n tiene m\u00faltiples proyectos, especialmente para los ni\u00f1os, y que el campamento est\u00e1 entre unos de ellos, adem\u00e1s de los cursos-talleres que imparten cada dos meses.<\/span><\/p>\n<p><span class=\"text1noticias\"> <\/span><\/p>\n<p><span class=\"text1noticias\">?Es una verdadera fiesta de conocimientos y alegr\u00edas, a la vez estimula el intelecto y la creatividad de los peque\u00f1os; estrategia empleada en cada unos de los temas que tratamos en el campamento?, manifiesta Mej\u00eda.<\/span><\/p>\n<h6> 2009-06-04 20:36:20 <\/h6>\n<p><!--\n<link rel=\"stylesheet\" href=\"css\/bootstrap.min.css\">\n\n\n<ul class=\"pagination\">\n\t    \n\t\n\n<li >\n\t<a href='?page_no=21639'>Previous<\/a>\n\t<\/li>\n\n\n       \n    \n\n<li><a href='?page_no=1'>1<\/a><\/li>\n\n\n\n<li><a href='?page_no=2'>2<\/a><\/li>\n\n\n\n<li><a>...<\/a><\/li>\n\n\n\n<li><a href='?page_no=21638'>21638<\/a><\/li>\n\n\n\n<li><a href='?page_no=21639'>21639<\/a><\/li>\n\n\n\n<li class='active'><a>21640<\/a><\/li>\n\n\n\n<li><a href='?page_no=21641'>21641<\/a><\/li>\n\n\n\n<li><a href='?page_no=21642'>21642<\/a><\/li>\n\n\n\n<li><a>...<\/a><\/li>\n\n\n\n<li><a href='?page_no=22911'>22911<\/a><\/li>\n\n\n\n<li><a href='?page_no=22912'>22912<\/a><\/li>\n\n    \n\t\n\n<li >\n\t<a href='?page_no=21641'>Next<\/a>\n\t<\/li>\n\n\n    \n\n<li><a href='?page_no=22912'>Last &rsaquo;&rsaquo;<\/a><\/li>\n\n<\/ul>\n\n\n--><br \/>\n<\/body><\/p>\n","protected":false},"excerpt":{"rendered":"<p>SANTO DOMINGO. Con el objetivo de hacer del verano de los ni\u00f1os una experiencia divertida y educativa, el Museo de Arte Moderno anuncia el inicio de sus inscripciones a su Campamento de Verano ?Creativo 2009. Las informaciones fueron suministrada por la directora de la instituci\u00f3n art\u00edstica, licenciada Mar\u00eda Elena Ditren, quien adelant\u00f3 que durante un [&hellip;]<\/p>\n","protected":false},"author":3,"featured_media":0,"comment_status":"open","ping_status":"open","sticky":false,"template":"","format":"standard","meta":{"footnotes":""},"categories":[21],"tags":[],"class_list":["post-69962","post","type-post","status-publish","format-standard","hentry","category-cultura"],"_links":{"self":[{"href":"https:\/\/diariodominicano.com\/index.php?rest_route=\/wp\/v2\/posts\/69962","targetHints":{"allow":["GET"]}}],"collection":[{"href":"https:\/\/diariodominicano.com\/index.php?rest_route=\/wp\/v2\/posts"}],"about":[{"href":"https:\/\/diariodominicano.com\/index.php?rest_route=\/wp\/v2\/types\/post"}],"author":[{"embeddable":true,"href":"https:\/\/diariodominicano.com\/index.php?rest_route=\/wp\/v2\/users\/3"}],"replies":[{"embeddable":true,"href":"https:\/\/diariodominicano.com\/index.php?rest_route=%2Fwp%2Fv2%2Fcomments&post=69962"}],"version-history":[{"count":0,"href":"https:\/\/diariodominicano.com\/index.php?rest_route=\/wp\/v2\/posts\/69962\/revisions"}],"wp:attachment":[{"href":"https:\/\/diariodominicano.com\/index.php?rest_route=%2Fwp%2Fv2%2Fmedia&parent=69962"}],"wp:term":[{"taxonomy":"category","embeddable":true,"href":"https:\/\/diariodominicano.com\/index.php?rest_route=%2Fwp%2Fv2%2Fcategories&post=69962"},{"taxonomy":"post_tag","embeddable":true,"href":"https:\/\/diariodominicano.com\/index.php?rest_route=%2Fwp%2Fv2%2Ftags&post=69962"}],"curies":[{"name":"wp","href":"https:\/\/api.w.org\/{rel}","templated":true}]}}