{"id":69961,"date":"2009-06-04T20:38:29","date_gmt":"2009-06-04T20:38:29","guid":{"rendered":"http:\/\/diariodominicano.ddns.net\/?p=69961"},"modified":"2009-06-04T20:38:29","modified_gmt":"2009-06-04T20:38:29","slug":"estudiantes-de-john-collage-visitan-uasd","status":"publish","type":"post","link":"https:\/\/diariodominicano.com\/?p=69961","title":{"rendered":"Estudiantes de John collage visitan uasd"},"content":{"rendered":"<p><body><\/p>\n<p><img decoding=\"async\" src=\"http:\/\/localhost:8080\/img3\/etude.jpg\" \/>  <\/p>\n<p><span class=\"text1noticias\">La Facultad de Ciencias Jur\u00eddicas y Pol\u00edticas de la Universidad Aut\u00f3noma de Santo Domingo (UASD)  y el John Jay College of Criminal Justice- de la Universidad de la ciudad de Nueva York desarrollar\u00e1n el  ?Segundo Intercambio Acad\u00e9mico?, que tendr\u00e1 lugar en el pa\u00eds desde el 2 al 26 de este mes de junio.<\/span><\/p>\n<\/p>\n<p><span class=\"text1noticias\">Las autoridades universitarias informaron que el intercambio se enmarca dentro de un acuerdo de mutua colaboraci\u00f3n entre el John Jay Collage of Criminal Justice y la escuela de Ciencias Jur\u00eddicas y Pol\u00edticas de la UASD; actuando esta \u00faltima como pionera en la organizaci\u00f3n de tan importantes intercambios acad\u00e9micos. El  John Jay Collage es una escuela que est\u00e1 a la vanguardia en el \u00e1mbito de la criminal\u00edstica.<\/span><\/p>\n<\/p>\n<p><span class=\"text1noticias\"> El decano de la Facultad de Ciencias Jur\u00eddicas y Pol\u00edticas, maestro  Santos  Inocencio Mercedes, dijo que los profesores y coordinadores de la academia estadounidense son la profesora Jeannette Brown y  Lu\u00eds Barrios, y del pa\u00eds  la encargada de Unidad Continuada de la Facultad de Ciencias Jur\u00eddicas y Pol\u00edticas, licenciada Birmania Camacho.<\/span><\/p>\n<\/p>\n<p><span class=\"text1noticias\">Mercedes expres\u00f3 que en esta segunda ocasi\u00f3n se incorporar\u00e1 una serie de conferencistas, expertos como son los doctores Ignacio Camacho, en el \u00e1rea de Procesal Penal; Pedro S\u00e1nchez, tratando el tema del Sistema Penitenciario en Rep\u00fablica Dominicana, as\u00ed como los licenciados Addy Manuel Tapia, Defensor\u00eda P\u00fablica; Cristino D\u00edaz, que abordar\u00e1 lo que es el Folklore Dominicano, y   por el John Jay Collage de N.Y., el  doctor Lu\u00eds Barrios y la profesora Jeannette Brown.<\/span><\/p>\n<\/p>\n<p><span class=\"text1noticias\">Barrios, uno de los coordinadores del John Jay College, explic\u00f3 que el objetivo principal de organizar este programa es fomentar la globalizaci\u00f3n en los aspectos de la solidaridad, ya que para el profesional del \u00e1rea de la criminolog\u00eda es fundamental salir de la urbe neoyorquina, a fin de que haga comparaciones sobre el tema principal que es ?La Justicia Social?. <\/span><\/p>\n<\/p>\n<p><span class=\"text1noticias\">Este segundo ensayo cuenta con la participaci\u00f3n de 32 j\u00f3venes que oscilan  entre  19 y 26 a\u00f1os de edad, provenientes del \u00e1rea de Sociolog\u00eda, Psicolog\u00eda, Criminolog\u00eda, Ciencia Forense y Justicia Criminal; siendo este un proyecto de investigaci\u00f3n de requisitos de cursos y maestr\u00eda que se desarrolla durante la estad\u00eda de estas cuatro semanas en la Rep\u00fablica Dominicana, donde adem\u00e1s de las conferencias se realizar\u00e1n entrevistas en la c\u00e1rcel La Victoria, viaje a la frontera dominico-haitiana, visitas a los tribunales como: ?La Corte de Apelaci\u00f3n, Tribunal Contencioso Tributario, Primera Instancia, Juzgado de Paz?, as\u00ed como encuentros con organizaciones de los barrios El Capotillo, Cristo Rey y Gualey?.<\/span><\/p>\n<\/p>\n<p><span class=\"text1noticias\">Barrios espera que este programa se mantenga  anualmente entre ambas entidades academias y que  en el futuro se concretice el verdadero intercambio, de forma que los estudiantes dominicanos  y los profesionales puedan ir al John Jay College a participar en los programas de Maestr\u00eda y Doctorado que ofrece el centro, adem\u00e1s de hacer cursos especializados en el \u00e1rea de investigaci\u00f3n dentro de la Ciencias Sociales, tal como lo est\u00e1 haciendo el John Jay College.<\/span><\/p>\n<\/p>\n<p><span class=\"text1noticias\">Las clases, que tienen el auspicio de la Facultad de Ciencias Jur\u00eddicas y Pol\u00edticas de la ser\u00e1n impartidas en la sala digital de la biblioteca Don Pedro Mir. <\/span><\/p>\n<h6> 2009-06-04 20:38:29 <\/h6>\n<p><!--\n<link rel=\"stylesheet\" href=\"css\/bootstrap.min.css\">\n\n\n<ul class=\"pagination\">\n\t    \n\t\n\n<li >\n\t<a href='?page_no=21638'>Previous<\/a>\n\t<\/li>\n\n\n       \n    \n\n<li><a href='?page_no=1'>1<\/a><\/li>\n\n\n\n<li><a href='?page_no=2'>2<\/a><\/li>\n\n\n\n<li><a>...<\/a><\/li>\n\n\n\n<li><a href='?page_no=21637'>21637<\/a><\/li>\n\n\n\n<li><a href='?page_no=21638'>21638<\/a><\/li>\n\n\n\n<li class='active'><a>21639<\/a><\/li>\n\n\n\n<li><a href='?page_no=21640'>21640<\/a><\/li>\n\n\n\n<li><a href='?page_no=21641'>21641<\/a><\/li>\n\n\n\n<li><a>...<\/a><\/li>\n\n\n\n<li><a href='?page_no=22911'>22911<\/a><\/li>\n\n\n\n<li><a href='?page_no=22912'>22912<\/a><\/li>\n\n    \n\t\n\n<li >\n\t<a href='?page_no=21640'>Next<\/a>\n\t<\/li>\n\n\n    \n\n<li><a href='?page_no=22912'>Last &rsaquo;&rsaquo;<\/a><\/li>\n\n<\/ul>\n\n\n--><br \/>\n<\/body><\/p>\n","protected":false},"excerpt":{"rendered":"<p>La Facultad de Ciencias Jur\u00eddicas y Pol\u00edticas de la Universidad Aut\u00f3noma de Santo Domingo (UASD) y el John Jay College of Criminal Justice- de la Universidad de la ciudad de Nueva York desarrollar\u00e1n el ?Segundo Intercambio Acad\u00e9mico?, que tendr\u00e1 lugar en el pa\u00eds desde el 2 al 26 de este mes de junio. Las autoridades [&hellip;]<\/p>\n","protected":false},"author":3,"featured_media":0,"comment_status":"open","ping_status":"open","sticky":false,"template":"","format":"standard","meta":{"footnotes":""},"categories":[21],"tags":[],"class_list":["post-69961","post","type-post","status-publish","format-standard","hentry","category-cultura"],"_links":{"self":[{"href":"https:\/\/diariodominicano.com\/index.php?rest_route=\/wp\/v2\/posts\/69961","targetHints":{"allow":["GET"]}}],"collection":[{"href":"https:\/\/diariodominicano.com\/index.php?rest_route=\/wp\/v2\/posts"}],"about":[{"href":"https:\/\/diariodominicano.com\/index.php?rest_route=\/wp\/v2\/types\/post"}],"author":[{"embeddable":true,"href":"https:\/\/diariodominicano.com\/index.php?rest_route=\/wp\/v2\/users\/3"}],"replies":[{"embeddable":true,"href":"https:\/\/diariodominicano.com\/index.php?rest_route=%2Fwp%2Fv2%2Fcomments&post=69961"}],"version-history":[{"count":0,"href":"https:\/\/diariodominicano.com\/index.php?rest_route=\/wp\/v2\/posts\/69961\/revisions"}],"wp:attachment":[{"href":"https:\/\/diariodominicano.com\/index.php?rest_route=%2Fwp%2Fv2%2Fmedia&parent=69961"}],"wp:term":[{"taxonomy":"category","embeddable":true,"href":"https:\/\/diariodominicano.com\/index.php?rest_route=%2Fwp%2Fv2%2Fcategories&post=69961"},{"taxonomy":"post_tag","embeddable":true,"href":"https:\/\/diariodominicano.com\/index.php?rest_route=%2Fwp%2Fv2%2Ftags&post=69961"}],"curies":[{"name":"wp","href":"https:\/\/api.w.org\/{rel}","templated":true}]}}