{"id":69960,"date":"2009-06-04T22:26:51","date_gmt":"2009-06-04T22:26:51","guid":{"rendered":"http:\/\/diariodominicano.ddns.net\/?p=69960"},"modified":"2009-06-04T22:26:51","modified_gmt":"2009-06-04T22:26:51","slug":"freddie-cabral-expone-elementos-esculturas-y-relieves-en-la-sala-de-arte-ramon-oviedo","status":"publish","type":"post","link":"https:\/\/diariodominicano.com\/?p=69960","title":{"rendered":"Freddie Cabral expone ?Elementos, Esculturas y Relieves? En la Sala de Arte Ram\u00f3n Oviedo"},"content":{"rendered":"<p><body><\/p>\n<p><img decoding=\"async\" src=\"http:\/\/localhost:8080\/img3\/muse.jpg\" \/>  <\/p>\n<p><span class=\"text1noticias\">Con el nombre ?Elementos, Escultura y Relieves?, el artista pl\u00e1stico Freddie Cabral fue inaugurada  la exposici\u00f3n individual, con el apoyo de la Secretar\u00eda de Estado de Cultura, en la Sala de Arte Ram\u00f3n Oviedo de la sede de Cultura.<\/span><\/p>\n<p><span class=\"text1noticias\"> <\/span><\/p>\n<p><span class=\"text1noticias\">La exhibici\u00f3n consta de 16 trabajos presentados en esculturas y relieves con los t\u00edtulos: Vida interior I, Vida interior II, Astral, Cactus, Gen\u00e9tica I, Embrionaria, Gen\u00e9tica II, Vida interior III (esculturas) y Drag\u00f3n, G\u00e9nesis I-G\u00e9nesis V (relieves).<\/span><\/p>\n<p><span class=\"text1noticias\"> <\/span><\/p>\n<p><span class=\"text1noticias\">Las obras fueron realizadas en materiales y elementos como caoba, cobre, aluminio, pigmentos, bronce, luz, barro y resina, en tama\u00f1o grande, mediano y peque\u00f1o.<\/span><\/p>\n<p><span class=\"text1noticias\"> <\/span><\/p>\n<p><span class=\"text1noticias\">Para Gabino Rosario, Director de la Sala de Arte Ram\u00f3n Oviedo, Cabral es un artista reflexivo, met\u00f3dico, acucioso y creativo, condiciones que se traducen en una obra de indudable calidad y trascendencia, por su concepci\u00f3n, hechura y pertinencia creativa.<\/span><\/p>\n<p><span class=\"text1noticias\"> <\/span><\/p>\n<p><span class=\"text1noticias\">?As\u00ed es y ha sido  de impactante su discurso pl\u00e1stico, antes y despu\u00e9s de la exitosa serie de las infinit\u00e9simas, el escultor retorna de Europa y Estados Unidos  con el resultado de experiencias anteriores y recientes mostradas en esta exposici\u00f3n ?Elementos, Escultura y Relieves, manifiesta Rosario?.<\/span><\/p>\n<\/p>\n<p><span class=\"text1noticias\">La muestra art\u00edsticas estar\u00e1 expuesta en la Sala de Arte Ram\u00f3n Oviedo hasta el 23 de junio.<\/span><\/p>\n<p><span class=\"text1noticias\"> <\/span><\/p>\n<p><span class=\"text1noticias\">El artista Freddie Cabral es escultor, pintor y arquitecto dominicano. Estudi\u00f3 dibujo con el profesor Amable Sterling, posteriormente estudi\u00f3 en la Escuela de Artes de la Universidad APEC; la de Arquitectura de la UASD. En el Taller Cultural de Santiago de Cuba y en Francia en Ecole Nationale Superioure des Beaux-Arts.<\/span><\/p>\n<p><span class=\"text1noticias\"> <\/span><\/p>\n<p><span class=\"text1noticias\">Ha presentado 15 exposiciones en Santo Domingo. As\u00ed como numerosas muestras colectivas en diferentes pa\u00edses del mundo, entre ellos Francia, Estados Unidos. Sus obras escult\u00f3ricas se exhiben permanentemente en varios museos del mundo.<\/span><\/p>\n<\/p>\n<h6> 2009-06-04 22:26:51 <\/h6>\n<p><!--\n<link rel=\"stylesheet\" href=\"css\/bootstrap.min.css\">\n\n\n<ul class=\"pagination\">\n\t    \n\t\n\n<li >\n\t<a href='?page_no=21637'>Previous<\/a>\n\t<\/li>\n\n\n       \n    \n\n<li><a href='?page_no=1'>1<\/a><\/li>\n\n\n\n<li><a href='?page_no=2'>2<\/a><\/li>\n\n\n\n<li><a>...<\/a><\/li>\n\n\n\n<li><a href='?page_no=21636'>21636<\/a><\/li>\n\n\n\n<li><a href='?page_no=21637'>21637<\/a><\/li>\n\n\n\n<li class='active'><a>21638<\/a><\/li>\n\n\n\n<li><a href='?page_no=21639'>21639<\/a><\/li>\n\n\n\n<li><a href='?page_no=21640'>21640<\/a><\/li>\n\n\n\n<li><a>...<\/a><\/li>\n\n\n\n<li><a href='?page_no=22911'>22911<\/a><\/li>\n\n\n\n<li><a href='?page_no=22912'>22912<\/a><\/li>\n\n    \n\t\n\n<li >\n\t<a href='?page_no=21639'>Next<\/a>\n\t<\/li>\n\n\n    \n\n<li><a href='?page_no=22912'>Last &rsaquo;&rsaquo;<\/a><\/li>\n\n<\/ul>\n\n\n--><br \/>\n<\/body><\/p>\n","protected":false},"excerpt":{"rendered":"<p>Con el nombre ?Elementos, Escultura y Relieves?, el artista pl\u00e1stico Freddie Cabral fue inaugurada la exposici\u00f3n individual, con el apoyo de la Secretar\u00eda de Estado de Cultura, en la Sala de Arte Ram\u00f3n Oviedo de la sede de Cultura. La exhibici\u00f3n consta de 16 trabajos presentados en esculturas y relieves con los t\u00edtulos: Vida interior [&hellip;]<\/p>\n","protected":false},"author":3,"featured_media":0,"comment_status":"open","ping_status":"open","sticky":false,"template":"","format":"standard","meta":{"footnotes":""},"categories":[21],"tags":[],"class_list":["post-69960","post","type-post","status-publish","format-standard","hentry","category-cultura"],"_links":{"self":[{"href":"https:\/\/diariodominicano.com\/index.php?rest_route=\/wp\/v2\/posts\/69960","targetHints":{"allow":["GET"]}}],"collection":[{"href":"https:\/\/diariodominicano.com\/index.php?rest_route=\/wp\/v2\/posts"}],"about":[{"href":"https:\/\/diariodominicano.com\/index.php?rest_route=\/wp\/v2\/types\/post"}],"author":[{"embeddable":true,"href":"https:\/\/diariodominicano.com\/index.php?rest_route=\/wp\/v2\/users\/3"}],"replies":[{"embeddable":true,"href":"https:\/\/diariodominicano.com\/index.php?rest_route=%2Fwp%2Fv2%2Fcomments&post=69960"}],"version-history":[{"count":0,"href":"https:\/\/diariodominicano.com\/index.php?rest_route=\/wp\/v2\/posts\/69960\/revisions"}],"wp:attachment":[{"href":"https:\/\/diariodominicano.com\/index.php?rest_route=%2Fwp%2Fv2%2Fmedia&parent=69960"}],"wp:term":[{"taxonomy":"category","embeddable":true,"href":"https:\/\/diariodominicano.com\/index.php?rest_route=%2Fwp%2Fv2%2Fcategories&post=69960"},{"taxonomy":"post_tag","embeddable":true,"href":"https:\/\/diariodominicano.com\/index.php?rest_route=%2Fwp%2Fv2%2Ftags&post=69960"}],"curies":[{"name":"wp","href":"https:\/\/api.w.org\/{rel}","templated":true}]}}