{"id":69958,"date":"2009-06-05T19:46:33","date_gmt":"2009-06-05T19:46:33","guid":{"rendered":"http:\/\/diariodominicano.ddns.net\/?p=69958"},"modified":"2009-06-05T19:46:33","modified_gmt":"2009-06-05T19:46:33","slug":"festival-eurocine-2009","status":"publish","type":"post","link":"https:\/\/diariodominicano.com\/?p=69958","title":{"rendered":"FESTIVAL EUROCINE 2009"},"content":{"rendered":"<p><body><\/p>\n<p><img decoding=\"async\" src=\"img3\/roma.jpg\" \/>  <\/p>\n<p><span class=\"text1noticias\">Del mi\u00e9rcoles 10 al viernes 19 de junio, la Cinemateca Dominicana y la UASD abren las puertas de sus salas a uno de los eventos cinematogr\u00e1ficos m\u00e1s importantes del pa\u00eds<\/span><\/p>\n<\/p>\n<p><span class=\"text1noticias\">Santo Domingo. Una vez m\u00e1s la Delegaci\u00f3n de la Comisi\u00f3n Europea y las Embajadas de sus Estados Miembros se suman a la Secretar\u00eda de Estado de Cultura, la Cinemateca Dominicana y la UASD para ofrecerles al p\u00fablico dominicano uno de los festivales de cine m\u00e1s importantes que se realizan en el pa\u00eds. En este evento se proyectar\u00e1n m\u00e1s de 20 pel\u00edculas contempor\u00e1neas de reconocidos directores del Viejo Continente. Se trata de una oportunidad de conocer un poco m\u00e1s de Europa a trav\u00e9s del fotograma. <\/span><\/p>\n<\/p>\n<p><span class=\"text1noticias\">En su quinta edici\u00f3n, el Eurocine trae una interesante selecci\u00f3n de cintas de Hungr\u00eda, Espa\u00f1a, Italia, Pa\u00edses Bajos, Alemania, Francia, Rep\u00fablica Checa, Finlandia y Austria. La inauguraci\u00f3n del festival est\u00e1 pautada para el mi\u00e9rcoles 10 de junio, a las 7:00 p.m., en la Sala Principal de la Cinemateca Dominicana, con la exhibici\u00f3n de ?Botellas retornables?, un film checo del realizador Jan Sver\u00e1k lleno de optimismo y vitalidad que obliga al espectador a reflexionar sobre diversas situaciones de la vida cotidiana que normalmente no concibe en todo su detalle.<\/span><\/p>\n<\/p>\n<p><span class=\"text1noticias\">En la programaci\u00f3n hay t\u00edtulos como ?Yella?, un largometraje de Christian Petzold que se alz\u00f3 con el Oso de Plata en el Festival de Berl\u00edn de 2007, sobre el desaf\u00edo de una mujer que intenta abrirse paso en el mundo de los despiadados hombres de negocios; y ?Vacaciones?, una cinta en la que el realizador Thomas Arslan construye y deconstruye con mucha prolijidad historias familiares a trav\u00e9s de una serie de acontecimientos dram\u00e1ticos que se van sucediendo sigilosamente.<\/span><\/p>\n<\/p>\n<p><span class=\"text1noticias\">Este recorrido cinematogr\u00e1fico por Europa incluye, adem\u00e1s, pel\u00edculas aclamadas como ?Hipo?, de Gy\u00f6rgy P\u00e1lfi, un drama experimental premiado en San Sebasti\u00e1n en 2002 sobre un anciano cuyo hipo le sirve de enlace al mundo que le rodea; y ?Los virreyes?, de Roberto Faenza, un film que cuenta la historia de una antigua familia siciliana de origen espa\u00f1ol, los Uzeda de Francalanza, en el trasfondo de una Italia en pleno proceso de unificaci\u00f3n nacional.<\/span><\/p>\n<\/p>\n<p><span class=\"text1noticias\">Asimismo, el p\u00fablico podr\u00e1 apreciar por primera vez en el pa\u00eds pel\u00edculas como ?La torre inclinada?, de Timo Koivusalo, el relato de un hombre amable que sufre de un desorden de personalidad que limita su vida y que es, en el fondo, un retrato sobre c\u00f3mo se siente vivir d\u00eda a d\u00eda sin saber qu\u00e9 es real y qu\u00e9 no; y ?Duska?, de Jos Stelling, un drama sobre un cr\u00edtico de cine holand\u00e9s y un vagabundo ucraniano cuyos caminos se cruzan sorpresivamente.<\/span><\/p>\n<\/p>\n<p><span class=\"text1noticias\">Eurocine 2009 presentar\u00e1 tambi\u00e9n las cintas ?La victoria del amor?, de Tam\u00e1s Sas; ?AzulOscuroCasiNegro?, de Daniel S\u00e1nchez Ar\u00e9valo; ?Lo que s\u00e9 de Lola?, de Javier Rebollo; ?Aire fresco?, de \u00c1gnes Kocsis; ?Hannahannah?, de Annemarie van de Mond; ?S\u00f3lo sexo y nada m\u00e1s?, de Krisztina Goda; La seconda notte di nozze?, de Pupi Avati; ?Glamour?, de Frigyes Gordos; ?Habana Blues?, de Benito Zambrano; ?El esp\u00eda durmiente?, de Benjamin Heisenberg; ?Un tanto de Am\u00e9rica?, de G\u00e1bor Herendi; ?Septiembres?, de Carles Bosch; ?El m\u00e9todo?, de Marcelo Pi\u00f1eyro; y ?Volver la vista?, de Fridolin Sch\u00f6nwiese.<\/span><\/p>\n<\/p>\n<p><span class=\"text1noticias\">La Cinemateca Dominicana albergar\u00e1 una semana completa de este festival de cine europeo, comenzando el 10 y concluyendo el 17 de junio, con tres tandas diarias (5:30 p.m., 7:30 p.m. y 9:30 p.m.) de pel\u00edculas diferentes, adem\u00e1s de una tanda infantil el domingo a las 4 p.m. Una selecci\u00f3n de estas pel\u00edculas se proyectar\u00e1 tambi\u00e9n en la Biblioteca Pedro Mir de la UASD, entre el lunes 15 y el viernes 19 de junio. <\/span><\/p>\n<\/p>\n<p><span class=\"text1noticias\">Eurocine 2009 abre sus puertas. Adelante, entre, y \u00a1atr\u00e9vase a darle una mirada diferente al cine!<\/span><\/p>\n<h6> 2009-06-05 19:46:33 <\/h6>\n<p><!--\n<link rel=\"stylesheet\" href=\"css\/bootstrap.min.css\">\n\n\n<ul class=\"pagination\">\n\t    \n\t\n\n<li >\n\t<a href='?page_no=21635'>Previous<\/a>\n\t<\/li>\n\n\n       \n    \n\n<li><a href='?page_no=1'>1<\/a><\/li>\n\n\n\n<li><a href='?page_no=2'>2<\/a><\/li>\n\n\n\n<li><a>...<\/a><\/li>\n\n\n\n<li><a href='?page_no=21634'>21634<\/a><\/li>\n\n\n\n<li><a href='?page_no=21635'>21635<\/a><\/li>\n\n\n\n<li class='active'><a>21636<\/a><\/li>\n\n\n\n<li><a href='?page_no=21637'>21637<\/a><\/li>\n\n\n\n<li><a href='?page_no=21638'>21638<\/a><\/li>\n\n\n\n<li><a>...<\/a><\/li>\n\n\n\n<li><a href='?page_no=22911'>22911<\/a><\/li>\n\n\n\n<li><a href='?page_no=22912'>22912<\/a><\/li>\n\n    \n\t\n\n<li >\n\t<a href='?page_no=21637'>Next<\/a>\n\t<\/li>\n\n\n    \n\n<li><a href='?page_no=22912'>Last &rsaquo;&rsaquo;<\/a><\/li>\n\n<\/ul>\n\n\n--><br \/>\n<\/body><\/p>\n","protected":false},"excerpt":{"rendered":"<p>Del mi\u00e9rcoles 10 al viernes 19 de junio, la Cinemateca Dominicana y la UASD abren las puertas de sus salas a uno de los eventos cinematogr\u00e1ficos m\u00e1s importantes del pa\u00eds Santo Domingo. Una vez m\u00e1s la Delegaci\u00f3n de la Comisi\u00f3n Europea y las Embajadas de sus Estados Miembros se suman a la Secretar\u00eda de Estado [&hellip;]<\/p>\n","protected":false},"author":3,"featured_media":0,"comment_status":"open","ping_status":"open","sticky":false,"template":"","format":"standard","meta":{"footnotes":""},"categories":[21],"tags":[],"class_list":["post-69958","post","type-post","status-publish","format-standard","hentry","category-cultura"],"_links":{"self":[{"href":"https:\/\/diariodominicano.com\/index.php?rest_route=\/wp\/v2\/posts\/69958","targetHints":{"allow":["GET"]}}],"collection":[{"href":"https:\/\/diariodominicano.com\/index.php?rest_route=\/wp\/v2\/posts"}],"about":[{"href":"https:\/\/diariodominicano.com\/index.php?rest_route=\/wp\/v2\/types\/post"}],"author":[{"embeddable":true,"href":"https:\/\/diariodominicano.com\/index.php?rest_route=\/wp\/v2\/users\/3"}],"replies":[{"embeddable":true,"href":"https:\/\/diariodominicano.com\/index.php?rest_route=%2Fwp%2Fv2%2Fcomments&post=69958"}],"version-history":[{"count":0,"href":"https:\/\/diariodominicano.com\/index.php?rest_route=\/wp\/v2\/posts\/69958\/revisions"}],"wp:attachment":[{"href":"https:\/\/diariodominicano.com\/index.php?rest_route=%2Fwp%2Fv2%2Fmedia&parent=69958"}],"wp:term":[{"taxonomy":"category","embeddable":true,"href":"https:\/\/diariodominicano.com\/index.php?rest_route=%2Fwp%2Fv2%2Fcategories&post=69958"},{"taxonomy":"post_tag","embeddable":true,"href":"https:\/\/diariodominicano.com\/index.php?rest_route=%2Fwp%2Fv2%2Ftags&post=69958"}],"curies":[{"name":"wp","href":"https:\/\/api.w.org\/{rel}","templated":true}]}}