{"id":69957,"date":"2009-06-05T19:48:05","date_gmt":"2009-06-05T19:48:05","guid":{"rendered":"http:\/\/diariodominicano.ddns.net\/?p=69957"},"modified":"2009-06-05T19:48:05","modified_gmt":"2009-06-05T19:48:05","slug":"especialistas-internacionales-dictan-conferencia-sobre-cooperacion-y-diversidad-cultural","status":"publish","type":"post","link":"https:\/\/diariodominicano.com\/?p=69957","title":{"rendered":"Especialistas internacionales dictan conferencia sobre ?Cooperaci\u00f3n y Diversidad Cultural?"},"content":{"rendered":"<p><body><\/p>\n<p><img decoding=\"async\" src=\"img3\/confer.jpg\" \/>  <\/p>\n<p><span class=\"text1noticias\">La conferencia fue organizada por la Secretar\u00eda de Estado de Cultura, a trav\u00e9s de la Subsecretar\u00eda de Desarrollo Institucional que dirige el poeta Mateo Morrison.  <\/span><\/p>\n<\/p>\n<p><span class=\"text1noticias\">La Secretar\u00eda de Estado de Cultura ofreci\u00f3 la conferencia sobre ?Cooperaci\u00f3n y Diversidad Cultural en el marco de una pol\u00edtica de Cultura y Desarrollo?, a cargo de los especialistas internacionales Fernando Vicario, de Espa\u00f1a, y Jos\u00e9 Antonio Mac Grego, de M\u00e9xico, en la Sala de Arte Ram\u00f3n Oviedo de la sede.<\/span><\/p>\n<p><span class=\"text1noticias\"> <\/span><\/p>\n<p><span class=\"text1noticias\">El coloquio estuvo dirigido a directores, subdirectores, encargados y t\u00e9cnicos departamentales de la SEC, as\u00ed como al p\u00fablico en general, quienes respaldaron la actividad con su presencia.<\/span><\/p>\n<p><span class=\"text1noticias\"> <\/span><\/p>\n<p><span class=\"text1noticias\">Mateo Morrison, subsecretario de Estado de Cultura, tuvo a cargo las palabras de bienvenida, donde destac\u00f3 el desempe\u00f1o laboral y el papel estrat\u00e9gico, que en materia de cultura, cada uno de los expositores invitados ha tenido en su pa\u00eds de origen.<\/span><\/p>\n<p><span class=\"text1noticias\"> <\/span><\/p>\n<p><span class=\"text1noticias\">Tambi\u00e9n, hizo referencia a la importancia que tiene la organizaci\u00f3n de actividades que aborden esta tem\u00e1tica para que, conociendo las experiencias de otros pa\u00edses, se puedan tener estrategias a mano para aplicarlas en el \u00e1mbito local.<\/span><\/p>\n<p><span class=\"text1noticias\"> <\/span><\/p>\n<p><span class=\"text1noticias\">Fernando Vicario, director del \u00c1rea de Cultura de la Organizaci\u00f3n de Estados Iberoamericanos (OEI), plante\u00f3 en su alocuci\u00f3n lo concerniente a  Cooperaci\u00f3n Cultural, algo que se ve\u00eda como una ?utop\u00eda?  solo quince a\u00f1os atr\u00e1s, y que ahora es un sector que participa activamente en las tomas de decisiones de los gobiernos.<\/span><\/p>\n<p><span class=\"text1noticias\"> <\/span><\/p>\n<p><span class=\"text1noticias\">?En la actualidad Cultura es el sector con m\u00e1s proyectos en la zona iberoamericana y el que m\u00e1s cumple las metas que se propone, pero a veces no recibe el mejor de los apoyos gubernamentales y de la sociedad, por eso su trabajo no se percibe?, expuso Vicario.<\/span><\/p>\n<p><span class=\"text1noticias\"> <\/span><\/p>\n<p><span class=\"text1noticias\">Igualmente, explic\u00f3 que los modelos de cooperaci\u00f3n necesitan tres espacios de desarrollo, que son la promoci\u00f3n, creando una imagen de marca pa\u00eds; la inclusi\u00f3n en la vida cultural de todos los estratos sociales, poseyendo igualdad de condiciones; y por \u00faltimo, crear un instrumento de desarrollo, basado en las necesidades identificadas de cada regi\u00f3n<\/span><\/p>\n<p><span class=\"text1noticias\"> <\/span><\/p>\n<p><span class=\"text1noticias\">De su lado, Jos\u00e9 Antonio Mac Gregor, coordinador de Planeaci\u00f3n de la Secretar\u00eda de Cultura del Distrito Federal, M\u00e9xico, abord\u00f3 lo relativo a Diversidad Cultural, presentando las ventajas y desventajas que representa vivir en un mundo globalizado.<\/span><\/p>\n<p><span class=\"text1noticias\"> <\/span><\/p>\n<p><span class=\"text1noticias\">Manifest\u00f3 que trabajando de forma integral bajo los par\u00e1metros del respeto, la equidad y el dialogo, es posible fusionar, reaccionar y, por \u00faltimo, crear nuevas cosas. ?La globalizaci\u00f3n no ha terminado con nuestra identidad, ni terminar\u00e1, como antes se dijo?, sostuvo.<\/span><\/p>\n<p><span class=\"text1noticias\"> <\/span><\/p>\n<p><span class=\"text1noticias\">Al final, el evento fue propicio para un espacio de preguntas y respuestas donde los presentes pudieron intercambiar impresiones con los expertos.<\/span><\/p>\n<h6> 2009-06-05 19:48:05 <\/h6>\n<p><!--\n<link rel=\"stylesheet\" href=\"css\/bootstrap.min.css\">\n\n\n<ul class=\"pagination\">\n\t    \n\t\n\n<li >\n\t<a href='?page_no=21634'>Previous<\/a>\n\t<\/li>\n\n\n       \n    \n\n<li><a href='?page_no=1'>1<\/a><\/li>\n\n\n\n<li><a href='?page_no=2'>2<\/a><\/li>\n\n\n\n<li><a>...<\/a><\/li>\n\n\n\n<li><a href='?page_no=21633'>21633<\/a><\/li>\n\n\n\n<li><a href='?page_no=21634'>21634<\/a><\/li>\n\n\n\n<li class='active'><a>21635<\/a><\/li>\n\n\n\n<li><a href='?page_no=21636'>21636<\/a><\/li>\n\n\n\n<li><a href='?page_no=21637'>21637<\/a><\/li>\n\n\n\n<li><a>...<\/a><\/li>\n\n\n\n<li><a href='?page_no=22911'>22911<\/a><\/li>\n\n\n\n<li><a href='?page_no=22912'>22912<\/a><\/li>\n\n    \n\t\n\n<li >\n\t<a href='?page_no=21636'>Next<\/a>\n\t<\/li>\n\n\n    \n\n<li><a href='?page_no=22912'>Last &rsaquo;&rsaquo;<\/a><\/li>\n\n<\/ul>\n\n\n--><br \/>\n<\/body><\/p>\n","protected":false},"excerpt":{"rendered":"<p>La conferencia fue organizada por la Secretar\u00eda de Estado de Cultura, a trav\u00e9s de la Subsecretar\u00eda de Desarrollo Institucional que dirige el poeta Mateo Morrison. La Secretar\u00eda de Estado de Cultura ofreci\u00f3 la conferencia sobre ?Cooperaci\u00f3n y Diversidad Cultural en el marco de una pol\u00edtica de Cultura y Desarrollo?, a cargo de los especialistas internacionales [&hellip;]<\/p>\n","protected":false},"author":3,"featured_media":0,"comment_status":"open","ping_status":"open","sticky":false,"template":"","format":"standard","meta":{"footnotes":""},"categories":[21],"tags":[],"class_list":["post-69957","post","type-post","status-publish","format-standard","hentry","category-cultura"],"_links":{"self":[{"href":"https:\/\/diariodominicano.com\/index.php?rest_route=\/wp\/v2\/posts\/69957","targetHints":{"allow":["GET"]}}],"collection":[{"href":"https:\/\/diariodominicano.com\/index.php?rest_route=\/wp\/v2\/posts"}],"about":[{"href":"https:\/\/diariodominicano.com\/index.php?rest_route=\/wp\/v2\/types\/post"}],"author":[{"embeddable":true,"href":"https:\/\/diariodominicano.com\/index.php?rest_route=\/wp\/v2\/users\/3"}],"replies":[{"embeddable":true,"href":"https:\/\/diariodominicano.com\/index.php?rest_route=%2Fwp%2Fv2%2Fcomments&post=69957"}],"version-history":[{"count":0,"href":"https:\/\/diariodominicano.com\/index.php?rest_route=\/wp\/v2\/posts\/69957\/revisions"}],"wp:attachment":[{"href":"https:\/\/diariodominicano.com\/index.php?rest_route=%2Fwp%2Fv2%2Fmedia&parent=69957"}],"wp:term":[{"taxonomy":"category","embeddable":true,"href":"https:\/\/diariodominicano.com\/index.php?rest_route=%2Fwp%2Fv2%2Fcategories&post=69957"},{"taxonomy":"post_tag","embeddable":true,"href":"https:\/\/diariodominicano.com\/index.php?rest_route=%2Fwp%2Fv2%2Ftags&post=69957"}],"curies":[{"name":"wp","href":"https:\/\/api.w.org\/{rel}","templated":true}]}}