{"id":69956,"date":"2009-06-05T19:49:27","date_gmt":"2009-06-05T19:49:27","guid":{"rendered":"http:\/\/diariodominicano.ddns.net\/?p=69956"},"modified":"2009-06-05T19:49:27","modified_gmt":"2009-06-05T19:49:27","slug":"prosigue-el-ciclo-de-conferencias-en-el-pld-sobre-la-vida-y-obra-del-profesor-juan-bosch","status":"publish","type":"post","link":"https:\/\/diariodominicano.com\/?p=69956","title":{"rendered":"Prosigue el ciclo de conferencias en el PLD sobre la vida y obra del Profesor Juan Bosch."},"content":{"rendered":"<p><body><\/p>\n<p><span class=\"text1noticias\">Prosigue en este mes de junio el ciclo de Conferencias sobre la vida y obra del Profesor Juan Bosch que organiza la Comisi\u00f3n  para la Celebraci\u00f3n del Centenario del nacimiento del l\u00edder hist\u00f3rico del Partido de la Liberaci\u00f3n Dominicana,<\/span><\/p>\n<p><span class=\"text1noticias\"> <\/span><\/p>\n<p><span class=\"text1noticias\">Para este s\u00e1bado en horas de la tarde se anota la Conferencia de Eduardo Selman, miembro del Comit\u00e9 Pol\u00edtico del PLD  en New Jersey. La Seccional de la organizaci\u00f3n organiza la actividad bajo el ep\u00edgrafe ?Juan Bosch Siempre?, que es la frase que sirve de gu\u00eda para  las actividades que organiza el Partido de la Liberaci\u00f3n Dominicano en honor a su presidente fundador <\/span><\/p>\n<p><span class=\"text1noticias\"> <\/span><\/p>\n<p><span class=\"text1noticias\">Para la pr\u00f3xima semana se confirman las  conferencias del Vicepresidente de  Republica, Doctor Rafael Alburquerque, de Cesar Pina Toribio, coordinador de la Comisi\u00f3n del Centenario, Felucho Jim\u00e9nez, miembro del Comit\u00e9 Pol\u00edtico   y de Joaqu\u00edn Jer\u00f3nimo, miembro del Comit\u00e9 Central.<\/span><\/p>\n<p><span class=\"text1noticias\"> <\/span><\/p>\n<p><span class=\"text1noticias\">El vicepresidente Rafael Alburquerque disertar\u00e1 el mi\u00e9rcoles diez  a las siete de la noche en el Club de la CDEEE, en la Avenida Isabel A Aguiar, sector de Herrera, dirigida a los miembros y militantes de las circunscripciones IV y V de la Provincia de Santo Domingo.<\/span><\/p>\n<p><span class=\"text1noticias\"> <\/span><\/p>\n<p><span class=\"text1noticias\">Pina Toribio expondr\u00e1 en San Crist\u00f3bal el d\u00eda 19 del cursante mes de junio a las siete de la noche y Joaqu\u00edn Jer\u00f3nimo en San Jos\u00e9 de Ocoa a la misma hora.<\/span><\/p>\n<p><span class=\"text1noticias\"> <\/span><\/p>\n<p><span class=\"text1noticias\">Felucho Jim\u00e9nez disertar\u00e1 sobre la vida y obra del Profesor Juan Bosch en Boston el pr\u00f3ximo 26 de junio. <\/span><\/p>\n<p><span class=\"text1noticias\"> <\/span><\/p>\n<p><span class=\"text1noticias\">Esta y las anteriores conferencias a cargo de la alta dirigencia del Partido de la Liberaci\u00f3n Dominicana se hacen el marco de las m\u00faltiples  actividades programadas por el PLD en el a\u00f1o del centenario del nacimiento del profesor Juan Bosch.<\/span><\/p>\n<p><span class=\"text1noticias\"> <\/span><\/p>\n<p><span class=\"text1noticias\">Una comisi\u00f3n designada por el Comit\u00e9 Pol\u00edtico coordinada por Cesar Pina Toribio y de la que forman parte Felucho Jim\u00e9nez, Euclides Guti\u00e9rrez F\u00e9lix Cristina Lizardo, Alejandrina Germ\u00e1n, Ligia Amada Melo, Ram\u00f3n Ventura Camejo, Carlos Amarante Baret, Jos\u00e9 Joaqu\u00edn Bid\u00f3 Medina, Alejandro Herrera y H\u00e9ctor Olivo, tienen la responsabilidad de organizar los encuentros y eventos  que montados en el pa\u00eds y el exterior.<\/span><\/p>\n<p><span class=\"text1noticias\"> <\/span><\/p>\n<p><span class=\"text1noticias\">Adem\u00e1s de las conferencias se incluyen exposiciones graficas, seminarios,   documentales, publicaciones especiales y actividades festivas. Para el pr\u00f3ximo d\u00eda 30, dia del cumplea\u00f1os de Juan Bosch,  se organizan una serie de actividades de las cuales se hablar\u00e1 con m\u00e1s detalles mas adelante. <\/span><\/p>\n<h6> 2009-06-05 19:49:27 <\/h6>\n<p><!--\n<link rel=\"stylesheet\" href=\"css\/bootstrap.min.css\">\n\n\n<ul class=\"pagination\">\n\t    \n\t\n\n<li >\n\t<a href='?page_no=21633'>Previous<\/a>\n\t<\/li>\n\n\n       \n    \n\n<li><a href='?page_no=1'>1<\/a><\/li>\n\n\n\n<li><a href='?page_no=2'>2<\/a><\/li>\n\n\n\n<li><a>...<\/a><\/li>\n\n\n\n<li><a href='?page_no=21632'>21632<\/a><\/li>\n\n\n\n<li><a href='?page_no=21633'>21633<\/a><\/li>\n\n\n\n<li class='active'><a>21634<\/a><\/li>\n\n\n\n<li><a href='?page_no=21635'>21635<\/a><\/li>\n\n\n\n<li><a href='?page_no=21636'>21636<\/a><\/li>\n\n\n\n<li><a>...<\/a><\/li>\n\n\n\n<li><a href='?page_no=22911'>22911<\/a><\/li>\n\n\n\n<li><a href='?page_no=22912'>22912<\/a><\/li>\n\n    \n\t\n\n<li >\n\t<a href='?page_no=21635'>Next<\/a>\n\t<\/li>\n\n\n    \n\n<li><a href='?page_no=22912'>Last &rsaquo;&rsaquo;<\/a><\/li>\n\n<\/ul>\n\n\n--><br \/>\n<\/body><\/p>\n","protected":false},"excerpt":{"rendered":"<p>Prosigue en este mes de junio el ciclo de Conferencias sobre la vida y obra del Profesor Juan Bosch que organiza la Comisi\u00f3n para la Celebraci\u00f3n del Centenario del nacimiento del l\u00edder hist\u00f3rico del Partido de la Liberaci\u00f3n Dominicana, Para este s\u00e1bado en horas de la tarde se anota la Conferencia de Eduardo Selman, miembro [&hellip;]<\/p>\n","protected":false},"author":3,"featured_media":0,"comment_status":"open","ping_status":"open","sticky":false,"template":"","format":"standard","meta":{"footnotes":""},"categories":[21],"tags":[],"class_list":["post-69956","post","type-post","status-publish","format-standard","hentry","category-cultura"],"_links":{"self":[{"href":"https:\/\/diariodominicano.com\/index.php?rest_route=\/wp\/v2\/posts\/69956","targetHints":{"allow":["GET"]}}],"collection":[{"href":"https:\/\/diariodominicano.com\/index.php?rest_route=\/wp\/v2\/posts"}],"about":[{"href":"https:\/\/diariodominicano.com\/index.php?rest_route=\/wp\/v2\/types\/post"}],"author":[{"embeddable":true,"href":"https:\/\/diariodominicano.com\/index.php?rest_route=\/wp\/v2\/users\/3"}],"replies":[{"embeddable":true,"href":"https:\/\/diariodominicano.com\/index.php?rest_route=%2Fwp%2Fv2%2Fcomments&post=69956"}],"version-history":[{"count":0,"href":"https:\/\/diariodominicano.com\/index.php?rest_route=\/wp\/v2\/posts\/69956\/revisions"}],"wp:attachment":[{"href":"https:\/\/diariodominicano.com\/index.php?rest_route=%2Fwp%2Fv2%2Fmedia&parent=69956"}],"wp:term":[{"taxonomy":"category","embeddable":true,"href":"https:\/\/diariodominicano.com\/index.php?rest_route=%2Fwp%2Fv2%2Fcategories&post=69956"},{"taxonomy":"post_tag","embeddable":true,"href":"https:\/\/diariodominicano.com\/index.php?rest_route=%2Fwp%2Fv2%2Ftags&post=69956"}],"curies":[{"name":"wp","href":"https:\/\/api.w.org\/{rel}","templated":true}]}}