{"id":69955,"date":"2009-06-05T19:50:48","date_gmt":"2009-06-05T19:50:48","guid":{"rendered":"http:\/\/diariodominicano.ddns.net\/?p=69955"},"modified":"2009-06-05T19:50:48","modified_gmt":"2009-06-05T19:50:48","slug":"ofrenda-a-juan-bosch","status":"publish","type":"post","link":"https:\/\/diariodominicano.com\/?p=69955","title":{"rendered":"Ofrenda  a  Juan Bosch"},"content":{"rendered":"<p><body><\/p>\n<p><span class=\"text1noticias\">Orlando Pe\u00f1a sub director, informa, Oficina Nacional de Presupuesto inaugurar\u00e1 sal\u00f3n de conferencia ?Profesor Juan Bosch?.<\/span><\/p>\n<p><span class=\"text1noticias\"> <\/span><\/p>\n<p><span class=\"text1noticias\">El comportamiento ejemplar del Profesor Juan Bosch es  gu\u00eda de comportamiento en la Oficina Nacional de Presupuesto, entidad que este viernes homenaje\u00f3 al ex Presidente de la Republica con una ofrenda a su honor ante su busto en la Casa Nacional del Partido de la Liberaci\u00f3n Dominicana.<\/span><\/p>\n<p><span class=\"text1noticias\"> <\/span><\/p>\n<p><span class=\"text1noticias\">Al encabezar la comisi\u00f3n de funcionarios y empleados de la dependencia de gobierno, Orlando Pe\u00f1a valor\u00f3 las ense\u00f1anzas de quien llam\u00f3 el gran maestro de quien dijo es un referente para las actuales y las venideras generaciones  <\/span><\/p>\n<p><span class=\"text1noticias\"> <\/span><\/p>\n<p><span class=\"text1noticias\">Manifest\u00f3 que la ofrenda ante la escultura de Bosch  es parte de un gran n\u00famero de actividades programadas por ONAPRES para  conmemorar el l centenario del  nacimiento del estadista y fundador de los dos principales partidos del sistema electoral dominicano <\/span><\/p>\n<p><span class=\"text1noticias\"> <\/span><\/p>\n<p><span class=\"text1noticias\">?Entonces terminamos el d\u00eda 30 con la inauguraci\u00f3n del sal\u00f3n de conferencias para adiestrar y actualizar nuestro servidores y funcionarios, el que llevar\u00e1 el nombre de Profesor Juan Bosch? dijo Pe\u00f1a en unas breves palabras improvisadas en los jardines de la Casa Nacional del PLD <\/span><\/p>\n<p><span class=\"text1noticias\"> <\/span><\/p>\n<p><span class=\"text1noticias\">El funcionario sostuvo que el sal\u00f3n a inaugurarse el 30 de junio, fecha en que naci\u00f3 el l\u00edder y fundador del PLD  ?No pudo llevar un mejor nombre, el nombre de un maestro que se caracteriz\u00f3 por  educar  al pueblo dominicano?. Se  puntualiza en un despacho de  la Secretar\u00eda de Comunicaciones del PLD<\/span><\/p>\n<p><span class=\"text1noticias\"> <\/span><\/p>\n<p><span class=\"text1noticias\">Sostuvo que all\u00ed se tiene contemplado ense\u00f1ar y orientar a las personas que tiene que  especializarse en materia de presupuesto.<\/span><\/p>\n<p><span class=\"text1noticias\"> <\/span><\/p>\n<p><span class=\"text1noticias\">Orlando Pe\u00f1a inform\u00f3 que el pasado 17 de abril se celebr\u00f3 una charla conferencia sobre la vida pol\u00edtica  del Profesor Juan Bosch dictada por doctor Jos\u00e9 Joaqu\u00edn Bid\u00f3 Medina, miembro fundador del PLD.<\/span><\/p>\n<p><span class=\"text1noticias\"> <\/span><\/p>\n<p><span class=\"text1noticias\">Inform\u00f3 que la Oficina  Nacional de Presupuesto contempla cerca de media docena de actividades mas en todo el a\u00f1o, que por decreto se dedica a resaltar la vida y obra del estadista dominicano <\/span><\/p>\n<h6> 2009-06-05 19:50:48 <\/h6>\n<p><!--\n<link rel=\"stylesheet\" href=\"css\/bootstrap.min.css\">\n\n\n<ul class=\"pagination\">\n\t    \n\t\n\n<li >\n\t<a href='?page_no=21632'>Previous<\/a>\n\t<\/li>\n\n\n       \n    \n\n<li><a href='?page_no=1'>1<\/a><\/li>\n\n\n\n<li><a href='?page_no=2'>2<\/a><\/li>\n\n\n\n<li><a>...<\/a><\/li>\n\n\n\n<li><a href='?page_no=21631'>21631<\/a><\/li>\n\n\n\n<li><a href='?page_no=21632'>21632<\/a><\/li>\n\n\n\n<li class='active'><a>21633<\/a><\/li>\n\n\n\n<li><a href='?page_no=21634'>21634<\/a><\/li>\n\n\n\n<li><a href='?page_no=21635'>21635<\/a><\/li>\n\n\n\n<li><a>...<\/a><\/li>\n\n\n\n<li><a href='?page_no=22911'>22911<\/a><\/li>\n\n\n\n<li><a href='?page_no=22912'>22912<\/a><\/li>\n\n    \n\t\n\n<li >\n\t<a href='?page_no=21634'>Next<\/a>\n\t<\/li>\n\n\n    \n\n<li><a href='?page_no=22912'>Last &rsaquo;&rsaquo;<\/a><\/li>\n\n<\/ul>\n\n\n--><br \/>\n<\/body><\/p>\n","protected":false},"excerpt":{"rendered":"<p>Orlando Pe\u00f1a sub director, informa, Oficina Nacional de Presupuesto inaugurar\u00e1 sal\u00f3n de conferencia ?Profesor Juan Bosch?. El comportamiento ejemplar del Profesor Juan Bosch es gu\u00eda de comportamiento en la Oficina Nacional de Presupuesto, entidad que este viernes homenaje\u00f3 al ex Presidente de la Republica con una ofrenda a su honor ante su busto en la [&hellip;]<\/p>\n","protected":false},"author":3,"featured_media":0,"comment_status":"open","ping_status":"open","sticky":false,"template":"","format":"standard","meta":{"footnotes":""},"categories":[21],"tags":[],"class_list":["post-69955","post","type-post","status-publish","format-standard","hentry","category-cultura"],"_links":{"self":[{"href":"https:\/\/diariodominicano.com\/index.php?rest_route=\/wp\/v2\/posts\/69955","targetHints":{"allow":["GET"]}}],"collection":[{"href":"https:\/\/diariodominicano.com\/index.php?rest_route=\/wp\/v2\/posts"}],"about":[{"href":"https:\/\/diariodominicano.com\/index.php?rest_route=\/wp\/v2\/types\/post"}],"author":[{"embeddable":true,"href":"https:\/\/diariodominicano.com\/index.php?rest_route=\/wp\/v2\/users\/3"}],"replies":[{"embeddable":true,"href":"https:\/\/diariodominicano.com\/index.php?rest_route=%2Fwp%2Fv2%2Fcomments&post=69955"}],"version-history":[{"count":0,"href":"https:\/\/diariodominicano.com\/index.php?rest_route=\/wp\/v2\/posts\/69955\/revisions"}],"wp:attachment":[{"href":"https:\/\/diariodominicano.com\/index.php?rest_route=%2Fwp%2Fv2%2Fmedia&parent=69955"}],"wp:term":[{"taxonomy":"category","embeddable":true,"href":"https:\/\/diariodominicano.com\/index.php?rest_route=%2Fwp%2Fv2%2Fcategories&post=69955"},{"taxonomy":"post_tag","embeddable":true,"href":"https:\/\/diariodominicano.com\/index.php?rest_route=%2Fwp%2Fv2%2Ftags&post=69955"}],"curies":[{"name":"wp","href":"https:\/\/api.w.org\/{rel}","templated":true}]}}