{"id":69951,"date":"2009-06-08T21:37:08","date_gmt":"2009-06-08T21:37:08","guid":{"rendered":"http:\/\/diariodominicano.ddns.net\/?p=69951"},"modified":"2009-06-08T21:37:08","modified_gmt":"2009-06-08T21:37:08","slug":"anuncian-preparativos-festival-idolos-latinos","status":"publish","type":"post","link":"https:\/\/diariodominicano.com\/?p=69951","title":{"rendered":"Anuncian preparativos Festival Idolos Latinos"},"content":{"rendered":"<p><body><\/p>\n<p><span class=\"text1noticias\">El evento reunir\u00e1 en un mismo escenario a figuras tan antag\u00f3nicas como Daddy Yankke y Don Omar<\/span><\/p>\n<p><span class=\"text1noticias\"> <\/span><\/p>\n<p><span class=\"text1noticias\">La empresa EME Productions anunci\u00f3 este lunes la realizaci\u00f3n del evento art\u00edstico m\u00e1s grande e importante de los \u00faltimos tiempos en Rep\u00fablica Dominicana y que  reunir\u00e1, por primera vez en un mismo escenario, a Daddy Yankee y Don Omar.<\/span><\/p>\n<p><span class=\"text1noticias\"> <\/span><\/p>\n<p><span class=\"text1noticias\">El reguet\u00f3n los dividi\u00f3 y el Festival Idolos Latinos los reuniar\u00e1 en una misma noche para el disfrute de todos los seguidores de los afamados artistas puertorrique\u00f1os.<\/span><\/p>\n<p><span class=\"text1noticias\"> <\/span><\/p>\n<p><span class=\"text1noticias\">El Festival Idolos Latinos, ?La esencia de la m\u00fasica latina en una sola noche\u00bb, ser\u00e1 presentado el 29 de agosto en el Estadio Ol\u00edmpico F\u00e9lix S\u00e1nchez de Santo Domingo, a partir de las 6:00 de la tarde.<\/span><\/p>\n<p><span class=\"text1noticias\"> <\/span><\/p>\n<p><span class=\"text1noticias\">La informaci\u00f3n fue dada a conocer por Elvis Morillo, ejecutivo de EME Productions, quien destac\u00f3 que con esta primera entrega dan inicio a un evento anual que reunir\u00e1 a los m\u00e1s importantes artistas de la m\u00fasica latina.<\/span><\/p>\n<p><span class=\"text1noticias\"> <\/span><\/p>\n<p><span class=\"text1noticias\">?Por el momento estamos anunciando la presencia de estas dos figuras antag\u00f3nicas del reguet\u00f3n, como Daddy Yankee y Don Omar, pero esa noche tambi\u00e9n ver\u00e1n acci\u00f3n cuatro artistas m\u00e1s del merengue, la bachata, la salsa y la balada pop?, revel\u00f3 Morillo.<\/span><\/p>\n<p><span class=\"text1noticias\"> <\/span><\/p>\n<p><span class=\"text1noticias\">Dijo que los dem\u00e1s artistas que formar\u00e1n parte de \u00e9ste que ser\u00e1 ?el festival m\u00e1s grande que se celebrar\u00e1 en el pa\u00eds?,  se dar\u00e1n a conocer en los pr\u00f3ximos d\u00edas, adem\u00e1s de los lugares donde el p\u00fablico podr\u00e1 obtener sus boleta a precios populares.<\/span><\/p>\n<\/p>\n<h6> 2009-06-08 21:37:08 <\/h6>\n<p><!--\n<link rel=\"stylesheet\" href=\"css\/bootstrap.min.css\">\n\n\n<ul class=\"pagination\">\n\t    \n\t\n\n<li >\n\t<a href='?page_no=21628'>Previous<\/a>\n\t<\/li>\n\n\n       \n    \n\n<li><a href='?page_no=1'>1<\/a><\/li>\n\n\n\n<li><a href='?page_no=2'>2<\/a><\/li>\n\n\n\n<li><a>...<\/a><\/li>\n\n\n\n<li><a href='?page_no=21627'>21627<\/a><\/li>\n\n\n\n<li><a href='?page_no=21628'>21628<\/a><\/li>\n\n\n\n<li class='active'><a>21629<\/a><\/li>\n\n\n\n<li><a href='?page_no=21630'>21630<\/a><\/li>\n\n\n\n<li><a href='?page_no=21631'>21631<\/a><\/li>\n\n\n\n<li><a>...<\/a><\/li>\n\n\n\n<li><a href='?page_no=22911'>22911<\/a><\/li>\n\n\n\n<li><a href='?page_no=22912'>22912<\/a><\/li>\n\n    \n\t\n\n<li >\n\t<a href='?page_no=21630'>Next<\/a>\n\t<\/li>\n\n\n    \n\n<li><a href='?page_no=22912'>Last &rsaquo;&rsaquo;<\/a><\/li>\n\n<\/ul>\n\n\n--><br \/>\n<\/body><\/p>\n","protected":false},"excerpt":{"rendered":"<p>El evento reunir\u00e1 en un mismo escenario a figuras tan antag\u00f3nicas como Daddy Yankke y Don Omar La empresa EME Productions anunci\u00f3 este lunes la realizaci\u00f3n del evento art\u00edstico m\u00e1s grande e importante de los \u00faltimos tiempos en Rep\u00fablica Dominicana y que reunir\u00e1, por primera vez en un mismo escenario, a Daddy Yankee y Don [&hellip;]<\/p>\n","protected":false},"author":3,"featured_media":0,"comment_status":"open","ping_status":"open","sticky":false,"template":"","format":"standard","meta":{"footnotes":""},"categories":[21],"tags":[],"class_list":["post-69951","post","type-post","status-publish","format-standard","hentry","category-cultura"],"_links":{"self":[{"href":"https:\/\/diariodominicano.com\/index.php?rest_route=\/wp\/v2\/posts\/69951","targetHints":{"allow":["GET"]}}],"collection":[{"href":"https:\/\/diariodominicano.com\/index.php?rest_route=\/wp\/v2\/posts"}],"about":[{"href":"https:\/\/diariodominicano.com\/index.php?rest_route=\/wp\/v2\/types\/post"}],"author":[{"embeddable":true,"href":"https:\/\/diariodominicano.com\/index.php?rest_route=\/wp\/v2\/users\/3"}],"replies":[{"embeddable":true,"href":"https:\/\/diariodominicano.com\/index.php?rest_route=%2Fwp%2Fv2%2Fcomments&post=69951"}],"version-history":[{"count":0,"href":"https:\/\/diariodominicano.com\/index.php?rest_route=\/wp\/v2\/posts\/69951\/revisions"}],"wp:attachment":[{"href":"https:\/\/diariodominicano.com\/index.php?rest_route=%2Fwp%2Fv2%2Fmedia&parent=69951"}],"wp:term":[{"taxonomy":"category","embeddable":true,"href":"https:\/\/diariodominicano.com\/index.php?rest_route=%2Fwp%2Fv2%2Fcategories&post=69951"},{"taxonomy":"post_tag","embeddable":true,"href":"https:\/\/diariodominicano.com\/index.php?rest_route=%2Fwp%2Fv2%2Ftags&post=69951"}],"curies":[{"name":"wp","href":"https:\/\/api.w.org\/{rel}","templated":true}]}}